{"id":3497,"date":"2024-05-17T10:07:37","date_gmt":"2024-05-17T13:07:37","guid":{"rendered":"https:\/\/radar190.com.br\/?p=3497"},"modified":"2024-05-17T10:08:09","modified_gmt":"2024-05-17T13:08:09","slug":"adolescente-de-13-anos-natural-de-picui-morre-no-hospital-infantil-de-patos-apos-complicacoes-por-virus-da-gripe-unidade-emite-nota","status":"publish","type":"post","link":"https:\/\/radar190.com.br\/index.php\/2024\/05\/17\/adolescente-de-13-anos-natural-de-picui-morre-no-hospital-infantil-de-patos-apos-complicacoes-por-virus-da-gripe-unidade-emite-nota\/","title":{"rendered":"Adolescente de 13 anos natural de Picu\u00ed morre no Hospital Infantil de Patos ap\u00f3s complica\u00e7\u00f5es por v\u00edrus da gripe; unidade emite nota"},"content":{"rendered":"<div class='booster-block booster-read-block'>\n                <div class=\"twp-read-time\">\n                \t<i class=\"booster-icon twp-clock\"><\/i> <span>Read Time:<\/span>1 Minute, 28 Second                <\/div>\n\n            <\/div>\n<h2 class=\"wp-block-heading\">Ana Raquel havia sido acometida pelo v\u00edrus, com suspeita de H1N1.<\/h2>\n\n\n\n<p><\/p>\n\n\n\n<p>Uma trag\u00e9dia abalou a cidade de Picu\u00ed nesta quarta-feira (15), com a morte de uma adolescente de 13 anos dias ap\u00f3s ser internada com complica\u00e7\u00f5es decorrentes da influenza A, o v\u00edrus da gripe. A v\u00edtima, identificada como Ana Raquel, era aluna da Escola Municipal de Ensino Fundamental Severino Ramos da N\u00f3brega.<\/p>\n\n\n\n<p>Ana Raquel havia sido acometida pelo v\u00edrus, com suspeita de H1N1, e, ap\u00f3s dar entrada no Hospital Regional Felipe Tiago Gomes, sediado em Picu\u00ed, munic\u00edpio localizado na regi\u00e3o do Serid\u00f3 paraibano, foi transferida para o Hospital Infantil Noaldo Leite, em Patos.<\/p>\n\n\n\n<p>Ana Raquel chegou a dar entrada na Unidade de Terapia Intensiva (UTI) do Infantil de Patos, onde recebeu os devidos cuidados, por\u00e9m, infelizmente, enfrentou s\u00e9rias a complica\u00e7\u00f5es em seu quadro de sa\u00fade, n\u00e3o resitiu e foi \u00e0 \u00f3bito. Devido \u00e0 gravidade da situa\u00e7\u00e3o, n\u00e3o houve vel\u00f3rio para a jovem Ana Raquel. Seu corpo foi levado para Picu\u00ed e sepultado por volta das 5h desta quinta-feira (16).<\/p>\n\n\n\n<p>Ela era filha do casal Sivonaldo Borges e J\u00e9ssica Silva, e tinha duas irm\u00e3s.<\/p>\n\n\n\n<p>A adolescente era aluna do 8\u00ba ano da Escola Municipal de Ensino Fundamento Severino Ramos da N\u00f3brega. Por meio de nota oficial, a gest\u00e3o municipal de Picu\u00ed, se solidarizou e prestou condol\u00eancias aos familiares de Ana Raquel, destacando que ela era \u201cuma aluna dedicada, inteligente e extrovertida na escola, muito querida por todos!\u201d<\/p>\n\n\n\n<p>Hospital emite nota<\/p>\n\n\n\n<figure class=\"wp-block-image size-full\"><img loading=\"lazy\" decoding=\"async\" width=\"630\" height=\"434\" src=\"https:\/\/radar190.com.br\/wp-content\/uploads\/2024\/05\/image-12.png\" alt=\"\" class=\"wp-image-3498\" srcset=\"https:\/\/radar190.com.br\/wp-content\/uploads\/2024\/05\/image-12.png 630w, https:\/\/radar190.com.br\/wp-content\/uploads\/2024\/05\/image-12-300x207.png 300w\" sizes=\"auto, (max-width: 630px) 100vw, 630px\" \/><\/figure>\n\n\n\n<p>Comunicado&nbsp;<\/p>\n\n\n\n<p>Sobre o \u00f3bito da &nbsp;adolescente A.R.O.B, sexo feminino, 13 anos, no Hospital Infantil Noaldo Leite, a unidade de sa\u00fade informa que ela teve swab coletado e positivo para &#8220;influenza A&#8221;, mas n\u00e3o foi identificado ainda a subtipagem.Trata-se de um \u00f3bito em investiga\u00e7\u00e3o.<\/p>\n\n\n\n<p>Por Patos Online<\/p>\n        <div class=\"booster-block booster-reactions-block\">\n            <div class=\"twp-reactions-icons\">\n                \n                <div class=\"twp-reacts-wrap\">\n                    <a react-data=\"be-react-1\" post-id=\"3497\" class=\"be-face-icons un-reacted\" href=\"javascript:void(0)\">\n                        <img decoding=\"async\" src=\"https:\/\/radar190.com.br\/wp-content\/plugins\/booster-extension\/\/assets\/icon\/happy.svg\" alt=\"Happy\">\n                    <\/a>\n                    <div class=\"twp-reaction-title\">\n                        Happy                    <\/div>\n                    <div class=\"twp-count-percent\">\n                                                    <span style=\"display: none;\" class=\"twp-react-count\">0<\/span>\n                        \n                                                <span class=\"twp-react-percent\"><span>0<\/span> %<\/span>\n                                            <\/div>\n                <\/div>\n\n                <div class=\"twp-reacts-wrap\">\n                    <a react-data=\"be-react-2\" post-id=\"3497\" class=\"be-face-icons un-reacted\" href=\"javascript:void(0)\">\n                        <img decoding=\"async\" src=\"https:\/\/radar190.com.br\/wp-content\/plugins\/booster-extension\/\/assets\/icon\/sad.svg\" alt=\"Sad\">\n                    <\/a>\n                    <div class=\"twp-reaction-title\">\n                        Sad                    <\/div>\n                    <div class=\"twp-count-percent\">\n                                                    <span style=\"display: none;\" class=\"twp-react-count\">0<\/span>\n                                                                        <span class=\"twp-react-percent\"><span>0<\/span> %<\/span>\n                                            <\/div>\n                <\/div>\n\n                <div class=\"twp-reacts-wrap\">\n                    <a react-data=\"be-react-3\" post-id=\"3497\" class=\"be-face-icons un-reacted\" href=\"javascript:void(0)\">\n                        <img decoding=\"async\" src=\"https:\/\/radar190.com.br\/wp-content\/plugins\/booster-extension\/\/assets\/icon\/excited.svg\" alt=\"Excited\">\n                    <\/a>\n                    <div class=\"twp-reaction-title\">\n                        Excited                    <\/div>\n                    <div class=\"twp-count-percent\">\n                                                    <span style=\"display: none;\" class=\"twp-react-count\">0<\/span>\n                                                                        <span class=\"twp-react-percent\"><span>0<\/span> %<\/span>\n                                            <\/div>\n                <\/div>\n\n                <div class=\"twp-reacts-wrap\">\n                    <a react-data=\"be-react-6\" post-id=\"3497\" class=\"be-face-icons un-reacted\" href=\"javascript:void(0)\">\n                        <img decoding=\"async\" src=\"https:\/\/radar190.com.br\/wp-content\/plugins\/booster-extension\/\/assets\/icon\/sleepy.svg\" alt=\"Sleepy\">\n                    <\/a>\n                    <div class=\"twp-reaction-title\">\n                        Sleepy                    <\/div>\n                    <div class=\"twp-count-percent\">\n                                                    <span style=\"display: none;\" class=\"twp-react-count\">0<\/span>\n                        \n                                                <span class=\"twp-react-percent\"><span>0<\/span> %<\/span>\n                                            <\/div>\n                <\/div>\n\n                <div class=\"twp-reacts-wrap\">\n                    <a react-data=\"be-react-4\" post-id=\"3497\" class=\"be-face-icons un-reacted\" href=\"javascript:void(0)\">\n                        <img decoding=\"async\" src=\"https:\/\/radar190.com.br\/wp-content\/plugins\/booster-extension\/\/assets\/icon\/angry.svg\" alt=\"Angry\">\n                    <\/a>\n                    <div class=\"twp-reaction-title\">Angry<\/div>\n                    <div class=\"twp-count-percent\">\n                                                    <span style=\"display: none;\" class=\"twp-react-count\">0<\/span>\n                                                                        <span class=\"twp-react-percent\"><span>0<\/span> %<\/span>\n                        \n                    <\/div>\n                <\/div>\n\n                <div class=\"twp-reacts-wrap\">\n                    <a react-data=\"be-react-5\" post-id=\"3497\" class=\"be-face-icons un-reacted\" href=\"javascript:void(0)\">\n                        <img decoding=\"async\" src=\"https:\/\/radar190.com.br\/wp-content\/plugins\/booster-extension\/\/assets\/icon\/surprise.svg\" alt=\"Surprise\">\n                    <\/a>\n                    <div class=\"twp-reaction-title\">Surprise<\/div>\n                    <div class=\"twp-count-percent\">\n                                                    <span style=\"display: none;\" class=\"twp-react-count\">0<\/span>\n                                                                        <span class=\"twp-react-percent\"><span>0<\/span> %<\/span>\n                                            <\/div>\n                <\/div>\n\n            <\/div>\n        <\/div>\n\n    ","protected":false},"excerpt":{"rendered":"<p>Ana Raquel havia sido acometida pelo v\u00edrus, com suspeita de H1N1. Uma trag\u00e9dia abalou a cidade de Picu\u00ed nesta quarta-feira (15), com a morte de uma adolescente de 13 anos dias ap\u00f3s ser internada com complica\u00e7\u00f5es decorrentes da influenza A, o v\u00edrus da gripe. A v\u00edtima, identificada como Ana Raquel, [&hellip;]<\/p>\n","protected":false},"author":1,"featured_media":3500,"comment_status":"open","ping_status":"open","sticky":false,"template":"","format":"standard","meta":{"_mi_skip_tracking":false,"_ti_tpc_template_sync":false,"_ti_tpc_template_id":"","_joinchat":[],"footnotes":""},"categories":[5,14,13,1,116,9,115,18,12,8],"tags":[],"class_list":["post-3497","post","type-post","status-publish","format-standard","has-post-thumbnail","hentry","category-brasil","category-cidades","category-cultural","category-uncategorized","category-editor-picks","category-esporte","category-featured","category-mundo-brasil","category-paraiba","category-policial"],"_links":{"self":[{"href":"https:\/\/radar190.com.br\/index.php\/wp-json\/wp\/v2\/posts\/3497","targetHints":{"allow":["GET"]}}],"collection":[{"href":"https:\/\/radar190.com.br\/index.php\/wp-json\/wp\/v2\/posts"}],"about":[{"href":"https:\/\/radar190.com.br\/index.php\/wp-json\/wp\/v2\/types\/post"}],"author":[{"embeddable":true,"href":"https:\/\/radar190.com.br\/index.php\/wp-json\/wp\/v2\/users\/1"}],"replies":[{"embeddable":true,"href":"https:\/\/radar190.com.br\/index.php\/wp-json\/wp\/v2\/comments?post=3497"}],"version-history":[{"count":1,"href":"https:\/\/radar190.com.br\/index.php\/wp-json\/wp\/v2\/posts\/3497\/revisions"}],"predecessor-version":[{"id":3499,"href":"https:\/\/radar190.com.br\/index.php\/wp-json\/wp\/v2\/posts\/3497\/revisions\/3499"}],"wp:featuredmedia":[{"embeddable":true,"href":"https:\/\/radar190.com.br\/index.php\/wp-json\/wp\/v2\/media\/3500"}],"wp:attachment":[{"href":"https:\/\/radar190.com.br\/index.php\/wp-json\/wp\/v2\/media?parent=3497"}],"wp:term":[{"taxonomy":"category","embeddable":true,"href":"https:\/\/radar190.com.br\/index.php\/wp-json\/wp\/v2\/categories?post=3497"},{"taxonomy":"post_tag","embeddable":true,"href":"https:\/\/radar190.com.br\/index.php\/wp-json\/wp\/v2\/tags?post=3497"}],"curies":[{"name":"wp","href":"https:\/\/api.w.org\/{rel}","templated":true}]}}