{"id":3469,"date":"2024-05-13T11:31:24","date_gmt":"2024-05-13T14:31:24","guid":{"rendered":"https:\/\/radar190.com.br\/?p=3469"},"modified":"2024-05-13T11:34:49","modified_gmt":"2024-05-13T14:34:49","slug":"muito-alem-de-uma-voz-bonita-conheca-a-radialista-monica-dias-que-e-referencia-no-horario-pela-manha-no-vale-do-pianco-veja-mais","status":"publish","type":"post","link":"https:\/\/radar190.com.br\/index.php\/2024\/05\/13\/muito-alem-de-uma-voz-bonita-conheca-a-radialista-monica-dias-que-e-referencia-no-horario-pela-manha-no-vale-do-pianco-veja-mais\/","title":{"rendered":"Muito al\u00e9m de uma voz bonita: conhe\u00e7a a radialista Monica Dias que \u00e9 refer\u00eancia no Hor\u00e1rio pela Manh\u00e3 no Vale do Pianc\u00f3-VEJA MAIS!"},"content":{"rendered":"<div class='booster-block booster-read-block'>\n                <div class=\"twp-read-time\">\n                \t<i class=\"booster-icon twp-clock\"><\/i> <span>Read Time:<\/span>1 Minute, 0 Second                <\/div>\n\n            <\/div>\n<p>O Sistema de Comunica\u00e7\u00e3o Radia e TV RADAR 190 vai mostrar a trajet\u00f3ria de Monica Dias, que conquistou o Publico com sua Bel\u00edssima Voz.<\/p>\n\n\n\n<p>Monica Dias \u00e9 uma simpatia, locutora com uma voz fant\u00e1stica e cheia de hist\u00f3rias interessantes! Veja Mais.<\/p>\n\n\n\n<p>A hist\u00f3ria de Monica Dias nasce do sonho da mesma figura. J\u00e1 com grande experi\u00eancia no r\u00e1dio, Monica sonhava em ter seu pr\u00f3prio programa. Eu sempre Gostei de escultar Radio e Voz Lindas, foi quando eu mim apaixonei por Radio muita vontade de fazer Programa.<\/p>\n\n\n\n<p>Meu primeiro programa Foi EM 2017- &#8220;<em><strong>programa Rom\u00e2ntico\u201d<\/strong><\/em>, a tarde Era Por Conta de Monica Dias e rapidamente ala conquistou sua audi\u00eancia.<\/p>\n\n\n\n<p>\u201cAtualmente Monica Dias Comanda o Programa <strong><em>SHOW DA MANH\u00c1<\/em><\/strong>&#8220;, at\u00e9 hoje \u00e9 l\u00edder em Audi\u00eancia na Cidade de Concei\u00e7\u00e3o com muitos ouvintes. Alegria e emo\u00e7\u00e3o. O Programa Show da Manh\u00e3 tamb\u00e9m \u00e9 destaque com a maior audi\u00eancia no setor do r\u00e1dio em Concei\u00e7\u00e3o e Regi\u00e3o.<\/p>\n\n\n\n<h1 class=\"wp-block-heading\">\u201c\u201c A comunicadora \u00e9 Natural de Concei\u00e7\u00e3o em 19 de Agosto 1984 nasceu Monica Dias que nasceu para brilhar no Mundo das Vozes Brasileiras \u201c\u201d.<\/h1>\n\n\n\n<figure class=\"wp-block-image size-full\"><img loading=\"lazy\" decoding=\"async\" width=\"600\" height=\"596\" src=\"https:\/\/radar190.com.br\/wp-content\/uploads\/2024\/05\/image-8.png\" alt=\"\" class=\"wp-image-3470\" srcset=\"https:\/\/radar190.com.br\/wp-content\/uploads\/2024\/05\/image-8.png 600w, https:\/\/radar190.com.br\/wp-content\/uploads\/2024\/05\/image-8-300x298.png 300w, https:\/\/radar190.com.br\/wp-content\/uploads\/2024\/05\/image-8-150x150.png 150w\" sizes=\"auto, (max-width: 600px) 100vw, 600px\" \/><\/figure>\n\n\n\n<h1 class=\"wp-block-heading\">\u201c\u201c Experi\u00eancia nas R\u00e1dios Educadora AM e Sertaneja FM.\u201d\u201d<\/h1>\n\n\n\n<p>Siga Ela : <a href=\"https:\/\/www.instagram.com\/monicadiaslocutora\/\">https:\/\/www.instagram.com\/monicadiaslocutora\/<\/a> <\/p>\n\n\n\n<p><\/p>\n\n\n\n<h1 class=\"wp-block-heading\">FONTE: REDA\u00c7\u00c3O: JUNIOR DE DUD\u00c9<\/h1>\n\n\n\n<h1 class=\"wp-block-heading\">RADAR 190.<\/h1>\n        <div class=\"booster-block booster-reactions-block\">\n            <div class=\"twp-reactions-icons\">\n                \n                <div class=\"twp-reacts-wrap\">\n                    <a react-data=\"be-react-1\" post-id=\"3469\" class=\"be-face-icons un-reacted\" href=\"javascript:void(0)\">\n                        <img decoding=\"async\" src=\"https:\/\/radar190.com.br\/wp-content\/plugins\/booster-extension\/\/assets\/icon\/happy.svg\" alt=\"Happy\">\n                    <\/a>\n                    <div class=\"twp-reaction-title\">\n                        Happy                    <\/div>\n                    <div class=\"twp-count-percent\">\n                                                    <span style=\"display: none;\" class=\"twp-react-count\">0<\/span>\n                        \n                                                <span class=\"twp-react-percent\"><span>0<\/span> %<\/span>\n                                            <\/div>\n                <\/div>\n\n                <div class=\"twp-reacts-wrap\">\n                    <a react-data=\"be-react-2\" post-id=\"3469\" class=\"be-face-icons un-reacted\" href=\"javascript:void(0)\">\n                        <img decoding=\"async\" src=\"https:\/\/radar190.com.br\/wp-content\/plugins\/booster-extension\/\/assets\/icon\/sad.svg\" alt=\"Sad\">\n                    <\/a>\n                    <div class=\"twp-reaction-title\">\n                        Sad                    <\/div>\n                    <div class=\"twp-count-percent\">\n                                                    <span style=\"display: none;\" class=\"twp-react-count\">0<\/span>\n                                                                        <span class=\"twp-react-percent\"><span>0<\/span> %<\/span>\n                                            <\/div>\n                <\/div>\n\n                <div class=\"twp-reacts-wrap\">\n                    <a react-data=\"be-react-3\" post-id=\"3469\" class=\"be-face-icons un-reacted\" href=\"javascript:void(0)\">\n                        <img decoding=\"async\" src=\"https:\/\/radar190.com.br\/wp-content\/plugins\/booster-extension\/\/assets\/icon\/excited.svg\" alt=\"Excited\">\n                    <\/a>\n                    <div class=\"twp-reaction-title\">\n                        Excited                    <\/div>\n                    <div class=\"twp-count-percent\">\n                                                    <span style=\"display: none;\" class=\"twp-react-count\">0<\/span>\n                                                                        <span class=\"twp-react-percent\"><span>0<\/span> %<\/span>\n                                            <\/div>\n                <\/div>\n\n                <div class=\"twp-reacts-wrap\">\n                    <a react-data=\"be-react-6\" post-id=\"3469\" class=\"be-face-icons un-reacted\" href=\"javascript:void(0)\">\n                        <img decoding=\"async\" src=\"https:\/\/radar190.com.br\/wp-content\/plugins\/booster-extension\/\/assets\/icon\/sleepy.svg\" alt=\"Sleepy\">\n                    <\/a>\n                    <div class=\"twp-reaction-title\">\n                        Sleepy                    <\/div>\n                    <div class=\"twp-count-percent\">\n                                                    <span style=\"display: none;\" class=\"twp-react-count\">0<\/span>\n                        \n                                                <span class=\"twp-react-percent\"><span>0<\/span> %<\/span>\n                                            <\/div>\n                <\/div>\n\n                <div class=\"twp-reacts-wrap\">\n                    <a react-data=\"be-react-4\" post-id=\"3469\" class=\"be-face-icons un-reacted\" href=\"javascript:void(0)\">\n                        <img decoding=\"async\" src=\"https:\/\/radar190.com.br\/wp-content\/plugins\/booster-extension\/\/assets\/icon\/angry.svg\" alt=\"Angry\">\n                    <\/a>\n                    <div class=\"twp-reaction-title\">Angry<\/div>\n                    <div class=\"twp-count-percent\">\n                                                    <span style=\"display: none;\" class=\"twp-react-count\">0<\/span>\n                                                                        <span class=\"twp-react-percent\"><span>0<\/span> %<\/span>\n                        \n                    <\/div>\n                <\/div>\n\n                <div class=\"twp-reacts-wrap\">\n                    <a react-data=\"be-react-5\" post-id=\"3469\" class=\"be-face-icons un-reacted\" href=\"javascript:void(0)\">\n                        <img decoding=\"async\" src=\"https:\/\/radar190.com.br\/wp-content\/plugins\/booster-extension\/\/assets\/icon\/surprise.svg\" alt=\"Surprise\">\n                    <\/a>\n                    <div class=\"twp-reaction-title\">Surprise<\/div>\n                    <div class=\"twp-count-percent\">\n                                                    <span style=\"display: none;\" class=\"twp-react-count\">0<\/span>\n                                                                        <span class=\"twp-react-percent\"><span>0<\/span> %<\/span>\n                                            <\/div>\n                <\/div>\n\n            <\/div>\n        <\/div>\n\n    ","protected":false},"excerpt":{"rendered":"<p>O Sistema de Comunica\u00e7\u00e3o Radia e TV RADAR 190 vai mostrar a trajet\u00f3ria de Monica Dias, que conquistou o Publico com sua Bel\u00edssima Voz. Monica Dias \u00e9 uma simpatia, locutora com uma voz fant\u00e1stica e cheia de hist\u00f3rias interessantes! Veja Mais. A hist\u00f3ria de Monica Dias nasce do sonho da [&hellip;]<\/p>\n","protected":false},"author":1,"featured_media":3472,"comment_status":"open","ping_status":"open","sticky":false,"template":"","format":"standard","meta":{"_mi_skip_tracking":false,"_ti_tpc_template_sync":false,"_ti_tpc_template_id":"","_joinchat":[],"footnotes":""},"categories":[5,14,13,1,116,9,18,12,8],"tags":[],"class_list":["post-3469","post","type-post","status-publish","format-standard","has-post-thumbnail","hentry","category-brasil","category-cidades","category-cultural","category-uncategorized","category-editor-picks","category-esporte","category-mundo-brasil","category-paraiba","category-policial"],"_links":{"self":[{"href":"https:\/\/radar190.com.br\/index.php\/wp-json\/wp\/v2\/posts\/3469","targetHints":{"allow":["GET"]}}],"collection":[{"href":"https:\/\/radar190.com.br\/index.php\/wp-json\/wp\/v2\/posts"}],"about":[{"href":"https:\/\/radar190.com.br\/index.php\/wp-json\/wp\/v2\/types\/post"}],"author":[{"embeddable":true,"href":"https:\/\/radar190.com.br\/index.php\/wp-json\/wp\/v2\/users\/1"}],"replies":[{"embeddable":true,"href":"https:\/\/radar190.com.br\/index.php\/wp-json\/wp\/v2\/comments?post=3469"}],"version-history":[{"count":2,"href":"https:\/\/radar190.com.br\/index.php\/wp-json\/wp\/v2\/posts\/3469\/revisions"}],"predecessor-version":[{"id":3474,"href":"https:\/\/radar190.com.br\/index.php\/wp-json\/wp\/v2\/posts\/3469\/revisions\/3474"}],"wp:featuredmedia":[{"embeddable":true,"href":"https:\/\/radar190.com.br\/index.php\/wp-json\/wp\/v2\/media\/3472"}],"wp:attachment":[{"href":"https:\/\/radar190.com.br\/index.php\/wp-json\/wp\/v2\/media?parent=3469"}],"wp:term":[{"taxonomy":"category","embeddable":true,"href":"https:\/\/radar190.com.br\/index.php\/wp-json\/wp\/v2\/categories?post=3469"},{"taxonomy":"post_tag","embeddable":true,"href":"https:\/\/radar190.com.br\/index.php\/wp-json\/wp\/v2\/tags?post=3469"}],"curies":[{"name":"wp","href":"https:\/\/api.w.org\/{rel}","templated":true}]}}