{"id":3379,"date":"2024-04-22T13:19:42","date_gmt":"2024-04-22T16:19:42","guid":{"rendered":"https:\/\/radar190.com.br\/?p=3379"},"modified":"2024-04-22T13:20:50","modified_gmt":"2024-04-22T16:20:50","slug":"pagamento-do-13o-do-inss-comeca-a-partir-de-quarta-feira-24-veja-o-calendario","status":"publish","type":"post","link":"https:\/\/radar190.com.br\/index.php\/2024\/04\/22\/pagamento-do-13o-do-inss-comeca-a-partir-de-quarta-feira-24-veja-o-calendario\/","title":{"rendered":"Pagamento do 13\u00ba do INSS come\u00e7a a partir de quarta-feira (24); veja o calend\u00e1rio"},"content":{"rendered":"<div class='booster-block booster-read-block'>\n                <div class=\"twp-read-time\">\n                \t<i class=\"booster-icon twp-clock\"><\/i> <span>Read Time:<\/span>2 Minute, 20 Second                <\/div>\n\n            <\/div>\n<p>O Instituto Nacional do Seguro Social (INSS) vai pagar, a partir de quarta-feira (24), a primeira parcela do abono anual, tamb\u00e9m conhecido como 13\u00ba dos benefici\u00e1rios da Previd\u00eancia Social. No m\u00eas passado, o governo federal determinou a antecipa\u00e7\u00e3o do pagamento, normalmente feito em agosto. A antecipa\u00e7\u00e3o chegar\u00e1 a 33,6 milh\u00f5es de benef\u00edcios e estima-se que essa primeira parcela corresponda a R$ 33,68 bilh\u00f5es a mais circulando na economia do pa\u00eds, segundo dados a folha de pagamentos de mar\u00e7o.<\/p>\n\n\n\n<p>Os valores ser\u00e3o depositados junto com o benef\u00edcio referente ao m\u00eas de abril, que \u00e9 pago entre os dias 24 de abril e 8 de maio (confira o calend\u00e1rio de pagamentos).<\/p>\n\n\n\n<p>Recebem primeiro os segurados com benef\u00edcio com d\u00edgito final 1 e que ganham at\u00e9 um sal\u00e1rio m\u00ednimo vigente (R$1.412).&nbsp;Benefici\u00e1rios com d\u00edgito final de 1 a 5, receber\u00e3o o pagamento nos \u00faltimos 5 dias \u00fateis de abril. J\u00e1 os segurados de d\u00edgito final de 6 ao 9 e os com final 0, ter\u00e3o os pagamentos creditados juntos aos que recebem benef\u00edcios acima do sal\u00e1rio m\u00ednimo, nos primeiros 5 dias \u00fateis de maio.&nbsp;O calend\u00e1rio de pagamentos completo do INSS pode ser acompanhado no link&nbsp;<a href=\"https:\/\/www.gov.br\/inss\/pt-br\/assuntos\/sai-o-calendario-de-pagamentos-de-2024\">calend\u00e1rio 2024<\/a>.<\/p>\n\n\n\n<p>\u00c9 poss\u00edvel consultar o n\u00famero do cart\u00e3o do benef\u00edcio no site e aplicativo Meu INSS, pelo servi\u00e7o \u201cextrato de pagamento\u201d. Assim como pela central 135, que funciona de segunda \u00e0 s\u00e1bado, das 7h \u00e0s 22h.<\/p>\n\n\n\n<h3 class=\"wp-block-heading\">Quem recebe<\/h3>\n\n\n\n<p>O 13\u00ba \u00e9 devido a aposentados, pensionistas e pessoas que receberem, ao longo de 2024, benef\u00edcios tempor\u00e1rios, como aux\u00edlio por incapacidade tempor\u00e1ria e aux\u00edlio-reclus\u00e3o \u2013 nesses casos, o valor \u00e9 proporcional ao tempo de recebimento do benef\u00edcio.<\/p>\n\n\n\n<p>Quem recebe sal\u00e1rio-maternidade tamb\u00e9m tem direito ao 13\u00ba proporcional. Por\u00e9m, ele \u00e9 pago junto com a \u00faltima parcela do benef\u00edcio e, por isso, a pessoa n\u00e3o recebe o valor extra junto com os demais benefici\u00e1rios. J\u00e1 quem recebe Benef\u00edcio de Presta\u00e7\u00e3o Continuada (BPC) ao idoso e \u00e0 pessoa com defici\u00eancia n\u00e3o tem direito ao valor adicional.<\/p>\n\n\n\n<h3 class=\"wp-block-heading\">Quanto recebe<\/h3>\n\n\n\n<p>O valor antecipado corresponde a 50% do valor total do abono anual e sobre essa primeira parcela n\u00e3o incide desconto de Imposto de Renda. Quando cab\u00edvel, o imposto \u00e9 cobrado apenas na segunda parcela, que ser\u00e1 paga entre o final de maio e o in\u00edcio de junho.<\/p>\n\n\n\n<h3 class=\"wp-block-heading\">Quando recebe<\/h3>\n\n\n\n<p><strong>Quem ganha at\u00e9 um sal\u00e1rio m\u00ednimo:<\/strong><\/p>\n\n\n\n<p>Final do benef\u00edcio Dia do cr\u00e9dito<\/p>\n\n\n\n<p>1\u2026\u2026\u2026\u2026\u2026\u2026\u2026\u2026\u2026\u2026\u2026\u2026\u2026\u2026\u2026..24\/abr<\/p>\n\n\n\n<p>2\u2026\u2026\u2026\u2026\u2026\u2026\u2026\u2026\u2026\u2026\u2026\u2026\u2026\u2026\u2026..25\/abr<\/p>\n\n\n\n<p>3 \u2026\u2026\u2026\u2026\u2026\u2026\u2026\u2026\u2026\u2026\u2026\u2026\u2026\u2026\u2026.26\/abr<\/p>\n\n\n\n<p>4 \u2026\u2026\u2026\u2026\u2026\u2026\u2026\u2026\u2026\u2026\u2026\u2026\u2026\u2026\u2026.29\/abr<\/p>\n\n\n\n<p>5 \u2026\u2026\u2026\u2026\u2026\u2026\u2026\u2026\u2026\u2026\u2026\u2026\u2026\u2026\u2026..30\/abr<\/p>\n\n\n\n<p>6 \u2026\u2026\u2026\u2026\u2026\u2026\u2026\u2026\u2026\u2026\u2026\u2026\u2026\u2026\u2026.2\/mai<\/p>\n\n\n\n<p>7 \u2026\u2026\u2026\u2026\u2026\u2026\u2026\u2026\u2026\u2026\u2026\u2026\u2026\u2026\u2026.3\/mai<\/p>\n\n\n\n<p>8 \u2026\u2026\u2026\u2026\u2026\u2026\u2026\u2026\u2026\u2026\u2026\u2026\u2026\u2026\u2026.6\/mai<\/p>\n\n\n\n<p>9 \u2026\u2026\u2026\u2026\u2026\u2026\u2026\u2026\u2026\u2026\u2026\u2026\u2026\u2026\u2026.7\/mai<\/p>\n\n\n\n<p>0 \u2026\u2026\u2026\u2026\u2026\u2026\u2026\u2026\u2026\u2026\u2026\u2026\u2026\u2026\u2026.8\/mai<\/p>\n\n\n\n<p><strong><br>Quem ganha acima do piso nacional:<\/strong><\/p>\n\n\n\n<p>Final do benef\u00edcio Dia do cr\u00e9dito<\/p>\n\n\n\n<p>1 e 6 \u2026\u2026\u2026\u2026\u2026\u2026\u2026\u2026\u2026\u2026\u2026\u2026\u2026..2\/mai<\/p>\n\n\n\n<p>2 e 7 \u2026\u2026\u2026\u2026\u2026\u2026\u2026\u2026\u2026\u2026\u2026\u2026\u2026..3\/mai<\/p>\n\n\n\n<p>3 e 8 \u2026\u2026\u2026\u2026\u2026\u2026\u2026\u2026\u2026\u2026\u2026\u2026\u2026..6\/mai<\/p>\n\n\n\n<p>4 e 9 \u2026\u2026\u2026\u2026\u2026\u2026\u2026\u2026\u2026\u2026\u2026\u2026\u2026..7\/mai<\/p>\n\n\n\n<p>5 e 0 \u2026\u2026\u2026\u2026\u2026\u2026\u2026\u2026\u2026\u2026\u2026\u2026\u2026..8\/mai<\/p>\n\n\n\n<figure class=\"wp-block-image size-full\"><img loading=\"lazy\" decoding=\"async\" width=\"733\" height=\"569\" src=\"https:\/\/radar190.com.br\/wp-content\/uploads\/2024\/04\/image-16.png\" alt=\"\" class=\"wp-image-3380\" srcset=\"https:\/\/radar190.com.br\/wp-content\/uploads\/2024\/04\/image-16.png 733w, https:\/\/radar190.com.br\/wp-content\/uploads\/2024\/04\/image-16-300x233.png 300w\" sizes=\"auto, (max-width: 733px) 100vw, 733px\" \/><\/figure>\n        <div class=\"booster-block booster-reactions-block\">\n            <div class=\"twp-reactions-icons\">\n                \n                <div class=\"twp-reacts-wrap\">\n                    <a react-data=\"be-react-1\" post-id=\"3379\" class=\"be-face-icons un-reacted\" href=\"javascript:void(0)\">\n                        <img decoding=\"async\" src=\"https:\/\/radar190.com.br\/wp-content\/plugins\/booster-extension\/\/assets\/icon\/happy.svg\" alt=\"Happy\">\n                    <\/a>\n                    <div class=\"twp-reaction-title\">\n                        Happy                    <\/div>\n                    <div class=\"twp-count-percent\">\n                                                    <span style=\"display: none;\" class=\"twp-react-count\">0<\/span>\n                        \n                                                <span class=\"twp-react-percent\"><span>0<\/span> %<\/span>\n                                            <\/div>\n                <\/div>\n\n                <div class=\"twp-reacts-wrap\">\n                    <a react-data=\"be-react-2\" post-id=\"3379\" class=\"be-face-icons un-reacted\" href=\"javascript:void(0)\">\n                        <img decoding=\"async\" src=\"https:\/\/radar190.com.br\/wp-content\/plugins\/booster-extension\/\/assets\/icon\/sad.svg\" alt=\"Sad\">\n                    <\/a>\n                    <div class=\"twp-reaction-title\">\n                        Sad                    <\/div>\n                    <div class=\"twp-count-percent\">\n                                                    <span style=\"display: none;\" class=\"twp-react-count\">0<\/span>\n                                                                        <span class=\"twp-react-percent\"><span>0<\/span> %<\/span>\n                                            <\/div>\n                <\/div>\n\n                <div class=\"twp-reacts-wrap\">\n                    <a react-data=\"be-react-3\" post-id=\"3379\" class=\"be-face-icons un-reacted\" href=\"javascript:void(0)\">\n                        <img decoding=\"async\" src=\"https:\/\/radar190.com.br\/wp-content\/plugins\/booster-extension\/\/assets\/icon\/excited.svg\" alt=\"Excited\">\n                    <\/a>\n                    <div class=\"twp-reaction-title\">\n                        Excited                    <\/div>\n                    <div class=\"twp-count-percent\">\n                                                    <span style=\"display: none;\" class=\"twp-react-count\">0<\/span>\n                                                                        <span class=\"twp-react-percent\"><span>0<\/span> %<\/span>\n                                            <\/div>\n                <\/div>\n\n                <div class=\"twp-reacts-wrap\">\n                    <a react-data=\"be-react-6\" post-id=\"3379\" class=\"be-face-icons un-reacted\" href=\"javascript:void(0)\">\n                        <img decoding=\"async\" src=\"https:\/\/radar190.com.br\/wp-content\/plugins\/booster-extension\/\/assets\/icon\/sleepy.svg\" alt=\"Sleepy\">\n                    <\/a>\n                    <div class=\"twp-reaction-title\">\n                        Sleepy                    <\/div>\n                    <div class=\"twp-count-percent\">\n                                                    <span style=\"display: none;\" class=\"twp-react-count\">0<\/span>\n                        \n                                                <span class=\"twp-react-percent\"><span>0<\/span> %<\/span>\n                                            <\/div>\n                <\/div>\n\n                <div class=\"twp-reacts-wrap\">\n                    <a react-data=\"be-react-4\" post-id=\"3379\" class=\"be-face-icons un-reacted\" href=\"javascript:void(0)\">\n                        <img decoding=\"async\" src=\"https:\/\/radar190.com.br\/wp-content\/plugins\/booster-extension\/\/assets\/icon\/angry.svg\" alt=\"Angry\">\n                    <\/a>\n                    <div class=\"twp-reaction-title\">Angry<\/div>\n                    <div class=\"twp-count-percent\">\n                                                    <span style=\"display: none;\" class=\"twp-react-count\">0<\/span>\n                                                                        <span class=\"twp-react-percent\"><span>0<\/span> %<\/span>\n                        \n                    <\/div>\n                <\/div>\n\n                <div class=\"twp-reacts-wrap\">\n                    <a react-data=\"be-react-5\" post-id=\"3379\" class=\"be-face-icons un-reacted\" href=\"javascript:void(0)\">\n                        <img decoding=\"async\" src=\"https:\/\/radar190.com.br\/wp-content\/plugins\/booster-extension\/\/assets\/icon\/surprise.svg\" alt=\"Surprise\">\n                    <\/a>\n                    <div class=\"twp-reaction-title\">Surprise<\/div>\n                    <div class=\"twp-count-percent\">\n                                                    <span style=\"display: none;\" class=\"twp-react-count\">0<\/span>\n                                                                        <span class=\"twp-react-percent\"><span>0<\/span> %<\/span>\n                                            <\/div>\n                <\/div>\n\n            <\/div>\n        <\/div>\n\n    ","protected":false},"excerpt":{"rendered":"<p>O Instituto Nacional do Seguro Social (INSS) vai pagar, a partir de quarta-feira (24), a primeira parcela do abono anual, tamb\u00e9m conhecido como 13\u00ba dos benefici\u00e1rios da Previd\u00eancia Social. No m\u00eas passado, o governo federal determinou a antecipa\u00e7\u00e3o do pagamento, normalmente feito em agosto. A antecipa\u00e7\u00e3o chegar\u00e1 a 33,6 milh\u00f5es [&hellip;]<\/p>\n","protected":false},"author":1,"featured_media":3382,"comment_status":"open","ping_status":"open","sticky":false,"template":"","format":"standard","meta":{"_mi_skip_tracking":false,"_ti_tpc_template_sync":false,"_ti_tpc_template_id":"","_joinchat":[],"footnotes":""},"categories":[5,14,13,1,9,18,12,8],"tags":[],"class_list":["post-3379","post","type-post","status-publish","format-standard","has-post-thumbnail","hentry","category-brasil","category-cidades","category-cultural","category-uncategorized","category-esporte","category-mundo-brasil","category-paraiba","category-policial"],"_links":{"self":[{"href":"https:\/\/radar190.com.br\/index.php\/wp-json\/wp\/v2\/posts\/3379","targetHints":{"allow":["GET"]}}],"collection":[{"href":"https:\/\/radar190.com.br\/index.php\/wp-json\/wp\/v2\/posts"}],"about":[{"href":"https:\/\/radar190.com.br\/index.php\/wp-json\/wp\/v2\/types\/post"}],"author":[{"embeddable":true,"href":"https:\/\/radar190.com.br\/index.php\/wp-json\/wp\/v2\/users\/1"}],"replies":[{"embeddable":true,"href":"https:\/\/radar190.com.br\/index.php\/wp-json\/wp\/v2\/comments?post=3379"}],"version-history":[{"count":1,"href":"https:\/\/radar190.com.br\/index.php\/wp-json\/wp\/v2\/posts\/3379\/revisions"}],"predecessor-version":[{"id":3381,"href":"https:\/\/radar190.com.br\/index.php\/wp-json\/wp\/v2\/posts\/3379\/revisions\/3381"}],"wp:featuredmedia":[{"embeddable":true,"href":"https:\/\/radar190.com.br\/index.php\/wp-json\/wp\/v2\/media\/3382"}],"wp:attachment":[{"href":"https:\/\/radar190.com.br\/index.php\/wp-json\/wp\/v2\/media?parent=3379"}],"wp:term":[{"taxonomy":"category","embeddable":true,"href":"https:\/\/radar190.com.br\/index.php\/wp-json\/wp\/v2\/categories?post=3379"},{"taxonomy":"post_tag","embeddable":true,"href":"https:\/\/radar190.com.br\/index.php\/wp-json\/wp\/v2\/tags?post=3379"}],"curies":[{"name":"wp","href":"https:\/\/api.w.org\/{rel}","templated":true}]}}