{"id":3341,"date":"2024-04-15T11:34:40","date_gmt":"2024-04-15T14:34:40","guid":{"rendered":"https:\/\/radar190.com.br\/?p=3341"},"modified":"2024-04-15T11:51:12","modified_gmt":"2024-04-15T14:51:12","slug":"1-encontro-de-amigos-reune-colegas-e-liderancas-politicas-de-bonito-de-santa-fe-fotos","status":"publish","type":"post","link":"https:\/\/radar190.com.br\/index.php\/2024\/04\/15\/1-encontro-de-amigos-reune-colegas-e-liderancas-politicas-de-bonito-de-santa-fe-fotos\/","title":{"rendered":"1\u00b0 Encontro de Amigos re\u00fane colegas e lideran\u00e7as Politicas de Bonito de Santa F\u00e9; fotos."},"content":{"rendered":"<div class='booster-block booster-read-block'>\n                <div class=\"twp-read-time\">\n                \t<i class=\"booster-icon twp-clock\"><\/i> <span>Read Time:<\/span>55 Second                <\/div>\n\n            <\/div>\n<p><em>Muito Churrasco Almo\u00e7o e Bebidas contaram com a presen\u00e7a do Prefeito Ceninha Lucena e Seu Vice- Sabino Jr, e entre outras lideran\u00e7as.<\/em><\/p>\n\n\n\n<p><em>Foi realizado o 1\u00ba Encontros de Amigos e Lideran\u00e7as politicas do Munic\u00edpio de Bonito de Santa F\u00e9.<\/em><\/p>\n\n\n\n<p><em>O encontro de foi marcado com muito Churrasco e Bebidas na casa do Vereador Dal do Viana na tarde deste Domingo (14).<\/em><\/p>\n\n\n\n<p><em>Presen\u00e7as de Vereadores e Empres\u00e1rios da Regi\u00e3o.<\/em><\/p>\n\n\n\n<p><strong>(Bonito de Santa F\u00e9 (PB) \u2013&nbsp;Lideran\u00e7as do Munic\u00edpio de Bonito de Santa F\u00e9, prefeitos, vereadores e correligion\u00e1rios e amigos prestigiaram, na tarde deste Domingo (14), 1\u00ba encontro realizado pelo Vereador Dal do Viana em sua resid\u00eancia,)<\/strong>. Cerca de 500 pessoas compareceram ao encontro.<\/p>\n\n\n\n<p>Ao dar as boas-vindas aos amigos e correligion\u00e1rios, o vereador Dal do Viana destacou a for\u00e7a dos amigos no munic\u00edpio e o apoio \u00e0 gest\u00e3o do prefeito Ceninha Lucena, que tem atuado fortemente para garantir o desenvolvimento do munic\u00edpio com foco na educa\u00e7\u00e3o, sa\u00fade, assist\u00eancia social, agricultura e infraestrutura urbana e rural.<\/p>\n\n\n\n<p><em>\u201c\u201d O parlamentar\u00a0 Dal do Viana Agradeceu a Presen\u00e7a de todos \u201c\u201d<\/em><\/p>\n\n\n\n<figure class=\"wp-block-image size-full\"><img loading=\"lazy\" decoding=\"async\" width=\"640\" height=\"480\" src=\"https:\/\/radar190.com.br\/wp-content\/uploads\/2024\/04\/f88bda5b-c4e9-48c3-9031-06985c1a23c9.jpg\" alt=\"\" class=\"wp-image-3353\" srcset=\"https:\/\/radar190.com.br\/wp-content\/uploads\/2024\/04\/f88bda5b-c4e9-48c3-9031-06985c1a23c9.jpg 640w, https:\/\/radar190.com.br\/wp-content\/uploads\/2024\/04\/f88bda5b-c4e9-48c3-9031-06985c1a23c9-300x225.jpg 300w\" sizes=\"auto, (max-width: 640px) 100vw, 640px\" \/><\/figure>\n\n\n\n<figure class=\"wp-block-gallery has-nested-images columns-default is-cropped wp-block-gallery-1 is-layout-flex wp-block-gallery-is-layout-flex\">\n<figure class=\"wp-block-image size-large\"><img loading=\"lazy\" decoding=\"async\" width=\"640\" height=\"480\" data-id=\"3345\" src=\"https:\/\/radar190.com.br\/wp-content\/uploads\/2024\/04\/d9330523-1630-45b2-a8b2-5c462b4637d9.jpg\" alt=\"\" class=\"wp-image-3345\" srcset=\"https:\/\/radar190.com.br\/wp-content\/uploads\/2024\/04\/d9330523-1630-45b2-a8b2-5c462b4637d9.jpg 640w, https:\/\/radar190.com.br\/wp-content\/uploads\/2024\/04\/d9330523-1630-45b2-a8b2-5c462b4637d9-300x225.jpg 300w\" sizes=\"auto, (max-width: 640px) 100vw, 640px\" \/><\/figure>\n\n\n\n<figure class=\"wp-block-image size-large\"><img loading=\"lazy\" decoding=\"async\" width=\"640\" height=\"480\" data-id=\"3348\" src=\"https:\/\/radar190.com.br\/wp-content\/uploads\/2024\/04\/7e2ec8ce-6f00-4a1b-9d87-5835a525a315.jpg\" alt=\"\" class=\"wp-image-3348\" srcset=\"https:\/\/radar190.com.br\/wp-content\/uploads\/2024\/04\/7e2ec8ce-6f00-4a1b-9d87-5835a525a315.jpg 640w, https:\/\/radar190.com.br\/wp-content\/uploads\/2024\/04\/7e2ec8ce-6f00-4a1b-9d87-5835a525a315-300x225.jpg 300w\" sizes=\"auto, (max-width: 640px) 100vw, 640px\" \/><\/figure>\n\n\n\n<figure class=\"wp-block-image size-large\"><img loading=\"lazy\" decoding=\"async\" width=\"542\" height=\"480\" data-id=\"3346\" src=\"https:\/\/radar190.com.br\/wp-content\/uploads\/2024\/04\/7e481acb-2913-49a7-88dc-6d9a5c95322b.jpg\" alt=\"\" class=\"wp-image-3346\" srcset=\"https:\/\/radar190.com.br\/wp-content\/uploads\/2024\/04\/7e481acb-2913-49a7-88dc-6d9a5c95322b.jpg 542w, https:\/\/radar190.com.br\/wp-content\/uploads\/2024\/04\/7e481acb-2913-49a7-88dc-6d9a5c95322b-300x266.jpg 300w\" sizes=\"auto, (max-width: 542px) 100vw, 542px\" \/><\/figure>\n\n\n\n<figure class=\"wp-block-image size-large\"><img loading=\"lazy\" decoding=\"async\" width=\"581\" height=\"480\" data-id=\"3347\" src=\"https:\/\/radar190.com.br\/wp-content\/uploads\/2024\/04\/a2c8bb14-b883-414b-88d3-5853d95da5a9.jpg\" alt=\"\" class=\"wp-image-3347\" srcset=\"https:\/\/radar190.com.br\/wp-content\/uploads\/2024\/04\/a2c8bb14-b883-414b-88d3-5853d95da5a9.jpg 581w, https:\/\/radar190.com.br\/wp-content\/uploads\/2024\/04\/a2c8bb14-b883-414b-88d3-5853d95da5a9-300x248.jpg 300w\" sizes=\"auto, (max-width: 581px) 100vw, 581px\" \/><\/figure>\n\n\n\n<figure class=\"wp-block-image size-large\"><img loading=\"lazy\" decoding=\"async\" width=\"640\" height=\"480\" data-id=\"3349\" src=\"https:\/\/radar190.com.br\/wp-content\/uploads\/2024\/04\/c494bf15-2f66-4f87-aad6-6bef91d1d295.jpg\" alt=\"\" class=\"wp-image-3349\" srcset=\"https:\/\/radar190.com.br\/wp-content\/uploads\/2024\/04\/c494bf15-2f66-4f87-aad6-6bef91d1d295.jpg 640w, https:\/\/radar190.com.br\/wp-content\/uploads\/2024\/04\/c494bf15-2f66-4f87-aad6-6bef91d1d295-300x225.jpg 300w\" sizes=\"auto, (max-width: 640px) 100vw, 640px\" \/><\/figure>\n<\/figure>\n\n\n\n<p><em>Texto: Ag\u00eancia RADAR 190<\/em><em><br>Fotos: Junior de Dud\u00e9<\/em><\/p>\n\n\n\n<figure class=\"wp-block-image size-full\"><img loading=\"lazy\" decoding=\"async\" width=\"547\" height=\"518\" src=\"https:\/\/radar190.com.br\/wp-content\/uploads\/2024\/04\/image-12.png\" alt=\"\" class=\"wp-image-3342\" srcset=\"https:\/\/radar190.com.br\/wp-content\/uploads\/2024\/04\/image-12.png 547w, https:\/\/radar190.com.br\/wp-content\/uploads\/2024\/04\/image-12-300x284.png 300w\" sizes=\"auto, (max-width: 547px) 100vw, 547px\" \/><\/figure>\n\n\n\n<p><\/p>\n        <div class=\"booster-block booster-reactions-block\">\n            <div class=\"twp-reactions-icons\">\n                \n                <div class=\"twp-reacts-wrap\">\n                    <a react-data=\"be-react-1\" post-id=\"3341\" class=\"be-face-icons un-reacted\" href=\"javascript:void(0)\">\n                        <img decoding=\"async\" src=\"https:\/\/radar190.com.br\/wp-content\/plugins\/booster-extension\/\/assets\/icon\/happy.svg\" alt=\"Happy\">\n                    <\/a>\n                    <div class=\"twp-reaction-title\">\n                        Happy                    <\/div>\n                    <div class=\"twp-count-percent\">\n                                                    <span style=\"display: none;\" class=\"twp-react-count\">0<\/span>\n                        \n                                                <span class=\"twp-react-percent\"><span>0<\/span> %<\/span>\n                                            <\/div>\n                <\/div>\n\n                <div class=\"twp-reacts-wrap\">\n                    <a react-data=\"be-react-2\" post-id=\"3341\" class=\"be-face-icons un-reacted\" href=\"javascript:void(0)\">\n                        <img decoding=\"async\" src=\"https:\/\/radar190.com.br\/wp-content\/plugins\/booster-extension\/\/assets\/icon\/sad.svg\" alt=\"Sad\">\n                    <\/a>\n                    <div class=\"twp-reaction-title\">\n                        Sad                    <\/div>\n                    <div class=\"twp-count-percent\">\n                                                    <span style=\"display: none;\" class=\"twp-react-count\">0<\/span>\n                                                                        <span class=\"twp-react-percent\"><span>0<\/span> %<\/span>\n                                            <\/div>\n                <\/div>\n\n                <div class=\"twp-reacts-wrap\">\n                    <a react-data=\"be-react-3\" post-id=\"3341\" class=\"be-face-icons un-reacted\" href=\"javascript:void(0)\">\n                        <img decoding=\"async\" src=\"https:\/\/radar190.com.br\/wp-content\/plugins\/booster-extension\/\/assets\/icon\/excited.svg\" alt=\"Excited\">\n                    <\/a>\n                    <div class=\"twp-reaction-title\">\n                        Excited                    <\/div>\n                    <div class=\"twp-count-percent\">\n                                                    <span style=\"display: none;\" class=\"twp-react-count\">0<\/span>\n                                                                        <span class=\"twp-react-percent\"><span>0<\/span> %<\/span>\n                                            <\/div>\n                <\/div>\n\n                <div class=\"twp-reacts-wrap\">\n                    <a react-data=\"be-react-6\" post-id=\"3341\" class=\"be-face-icons un-reacted\" href=\"javascript:void(0)\">\n                        <img decoding=\"async\" src=\"https:\/\/radar190.com.br\/wp-content\/plugins\/booster-extension\/\/assets\/icon\/sleepy.svg\" alt=\"Sleepy\">\n                    <\/a>\n                    <div class=\"twp-reaction-title\">\n                        Sleepy                    <\/div>\n                    <div class=\"twp-count-percent\">\n                                                    <span style=\"display: none;\" class=\"twp-react-count\">0<\/span>\n                        \n                                                <span class=\"twp-react-percent\"><span>0<\/span> %<\/span>\n                                            <\/div>\n                <\/div>\n\n                <div class=\"twp-reacts-wrap\">\n                    <a react-data=\"be-react-4\" post-id=\"3341\" class=\"be-face-icons un-reacted\" href=\"javascript:void(0)\">\n                        <img decoding=\"async\" src=\"https:\/\/radar190.com.br\/wp-content\/plugins\/booster-extension\/\/assets\/icon\/angry.svg\" alt=\"Angry\">\n                    <\/a>\n                    <div class=\"twp-reaction-title\">Angry<\/div>\n                    <div class=\"twp-count-percent\">\n                                                    <span style=\"display: none;\" class=\"twp-react-count\">0<\/span>\n                                                                        <span class=\"twp-react-percent\"><span>0<\/span> %<\/span>\n                        \n                    <\/div>\n                <\/div>\n\n                <div class=\"twp-reacts-wrap\">\n                    <a react-data=\"be-react-5\" post-id=\"3341\" class=\"be-face-icons un-reacted\" href=\"javascript:void(0)\">\n                        <img decoding=\"async\" src=\"https:\/\/radar190.com.br\/wp-content\/plugins\/booster-extension\/\/assets\/icon\/surprise.svg\" alt=\"Surprise\">\n                    <\/a>\n                    <div class=\"twp-reaction-title\">Surprise<\/div>\n                    <div class=\"twp-count-percent\">\n                                                    <span style=\"display: none;\" class=\"twp-react-count\">0<\/span>\n                                                                        <span class=\"twp-react-percent\"><span>0<\/span> %<\/span>\n                                            <\/div>\n                <\/div>\n\n            <\/div>\n        <\/div>\n\n    ","protected":false},"excerpt":{"rendered":"<p>Muito Churrasco Almo\u00e7o e Bebidas contaram com a presen\u00e7a do Prefeito Ceninha Lucena e Seu Vice- Sabino Jr, e entre outras lideran\u00e7as. Foi realizado o 1\u00ba Encontros de Amigos e Lideran\u00e7as politicas do Munic\u00edpio de Bonito de Santa F\u00e9. O encontro de foi marcado com muito Churrasco e Bebidas na [&hellip;]<\/p>\n","protected":false},"author":1,"featured_media":3351,"comment_status":"open","ping_status":"open","sticky":false,"template":"","format":"standard","meta":{"_mi_skip_tracking":false,"_ti_tpc_template_sync":false,"_ti_tpc_template_id":"","_joinchat":[],"footnotes":""},"categories":[5,14,13,1,9,18,12,8],"tags":[],"class_list":["post-3341","post","type-post","status-publish","format-standard","has-post-thumbnail","hentry","category-brasil","category-cidades","category-cultural","category-uncategorized","category-esporte","category-mundo-brasil","category-paraiba","category-policial"],"_links":{"self":[{"href":"https:\/\/radar190.com.br\/index.php\/wp-json\/wp\/v2\/posts\/3341","targetHints":{"allow":["GET"]}}],"collection":[{"href":"https:\/\/radar190.com.br\/index.php\/wp-json\/wp\/v2\/posts"}],"about":[{"href":"https:\/\/radar190.com.br\/index.php\/wp-json\/wp\/v2\/types\/post"}],"author":[{"embeddable":true,"href":"https:\/\/radar190.com.br\/index.php\/wp-json\/wp\/v2\/users\/1"}],"replies":[{"embeddable":true,"href":"https:\/\/radar190.com.br\/index.php\/wp-json\/wp\/v2\/comments?post=3341"}],"version-history":[{"count":3,"href":"https:\/\/radar190.com.br\/index.php\/wp-json\/wp\/v2\/posts\/3341\/revisions"}],"predecessor-version":[{"id":3354,"href":"https:\/\/radar190.com.br\/index.php\/wp-json\/wp\/v2\/posts\/3341\/revisions\/3354"}],"wp:featuredmedia":[{"embeddable":true,"href":"https:\/\/radar190.com.br\/index.php\/wp-json\/wp\/v2\/media\/3351"}],"wp:attachment":[{"href":"https:\/\/radar190.com.br\/index.php\/wp-json\/wp\/v2\/media?parent=3341"}],"wp:term":[{"taxonomy":"category","embeddable":true,"href":"https:\/\/radar190.com.br\/index.php\/wp-json\/wp\/v2\/categories?post=3341"},{"taxonomy":"post_tag","embeddable":true,"href":"https:\/\/radar190.com.br\/index.php\/wp-json\/wp\/v2\/tags?post=3341"}],"curies":[{"name":"wp","href":"https:\/\/api.w.org\/{rel}","templated":true}]}}