{"id":3324,"date":"2024-04-05T08:37:12","date_gmt":"2024-04-05T11:37:12","guid":{"rendered":"https:\/\/radar190.com.br\/?p=3324"},"modified":"2024-04-05T08:37:49","modified_gmt":"2024-04-05T11:37:49","slug":"fugitivos-da-penitenciaria-federal-de-mossoro-sao-presos","status":"publish","type":"post","link":"https:\/\/radar190.com.br\/index.php\/2024\/04\/05\/fugitivos-da-penitenciaria-federal-de-mossoro-sao-presos\/","title":{"rendered":"Fugitivos da penitenci\u00e1ria federal de Mossor\u00f3 s\u00e3o presos"},"content":{"rendered":"<div class='booster-block booster-read-block'>\n                <div class=\"twp-read-time\">\n                \t<i class=\"booster-icon twp-clock\"><\/i> <span>Read Time:<\/span>4 Minute, 9 Second                <\/div>\n\n            <\/div>\n<p>Os dois foragidos da penitenci\u00e1ria federal de Mossor\u00f3 (RN) foram capturados nesta quinta-feira (4), 50 dias ap\u00f3s a fuga. Rog\u00e9rio da Silva Mendon\u00e7a, 35 anos, e Deibson Cabral Nascimento, 33, foram encontrados em Marab\u00e1 (PA) em uma a\u00e7\u00e3o conjunta da Pol\u00edcia Federal e da Pol\u00edcia Rodovi\u00e1ria Federal. Eles tinham escapado do pres\u00eddio na madrugada de 14 de fevereiro. A fuga foi a primeira desde a implementa\u00e7\u00e3o do Sistema <a><\/a>Penitenci\u00e1rio Federal no Brasil, em 2006.<\/p>\n\n\n\n<p>A busca pelos detentos envolveu pelo menos 600 agentes. Desde que escaparam da penitenci\u00e1ria, Rog\u00e9rio e Deibson tinham sido vistos em diversas ocasi\u00f5es. Dois dias ap\u00f3s a fuga, os homens teriam feito uma fam\u00edlia de ref\u00e9m, na zona rural de Mossor\u00f3. Neste dia, a pol\u00edcia tamb\u00e9m encontrou pegadas, cal\u00e7ados, roupas, len\u00e7\u00f3is e uma corda, al\u00e9m de uma camiseta do uniforme da penitenci\u00e1ria, em uma \u00e1rea de mata.<\/p>\n\n\n\n<p>A for\u00e7a-tarefa dedicada \u00e0 captura encontrou, em 25 de fevereiro, um poss\u00edvel esconderijo onde os fugitivos permaneceram por alguns dias, pr\u00f3ximo \u00e0 pris\u00e3o. Foram descobertas um fac\u00e3o, uma lona e v\u00e1rias embalagens de comida no local.<\/p>\n\n\n\n<p>Em 27 de fevereiro, os fugitivos foram avistados em um vilarejo no Rio Grande do Norte, onde foram reconhecidos pelos moradores locais. Antes que a pol\u00edcia pudesse intervir, eles retornaram para a mata. Uma recompensa de R$ 30 mil chegou a ser oferecida pela Pol\u00edcia Federal por informa\u00e7\u00f5es que levassem \u00e0 captura dos foragidos.<\/p>\n\n\n\n<p>Suspeitos de auxiliarem na fuga<\/p>\n\n\n\n<p>Tr\u00eas indiv\u00edduos foram detidos em flagrante sob suspeita de auxiliar na fuga de detentos da penitenci\u00e1ria de seguran\u00e7a m\u00e1xima em Mossor\u00f3, no Rio Grande do Norte. As pris\u00f5es ocorreram na fronteira entre o Rio Grande do Norte e o Cear\u00e1 em 22 de fevereiro.<\/p>\n\n\n\n<p>Al\u00e9m das deten\u00e7\u00f5es, foram apreendidas armas, drogas, muni\u00e7\u00f5es e um ve\u00edculo suspeito de ter sido usado para fornecer armas aos criminosos durante a fuga.<\/p>\n\n\n\n<p>Al\u00e9m desses suspeitos, a For\u00e7a Integrada de Combate ao Crime Organizado no Acre prendeu o irm\u00e3o de um dos fugitivos da Penitenci\u00e1ria Federal de Mossor\u00f3. Ele tinha mandado de pris\u00e3o a c\u00e9u aberto por roubo e participa\u00e7\u00e3o em organiza\u00e7\u00e3o criminosa.<\/p>\n\n\n\n<p>Outro homem, suspeito de colaborar com os fugitivos, foi preso em 26 de fevereiro. Identificado como Ronaildo da Silva Fernandes, ele \u00e9 propriet\u00e1rio de um s\u00edtio em Bara\u00fana, na divis\u00e3o do Rio Grande do Norte com o Cear\u00e1. Fernandes teria recebido R$ 5 mil para abrigar os fugitivos por oito dias. Os fugitivos, Deibson Nascimento e Rog\u00e9rio Mendon\u00e7a, escaparam da penitenci\u00e1ria de seguran\u00e7a m\u00e1xima em 14 de fevereiro.<\/p>\n\n\n\n<p>Primeira fuga da hist\u00f3ria em penitenci\u00e1ria federal<\/p>\n\n\n\n<p>A fuga \u00e9 a primeira desde a implementa\u00e7\u00e3o do SPF (Sistema Penitenci\u00e1rio Federal) no Brasil, em 2006. Os detentos tiveram acesso a ferramentas usadas na reforma pela qual a unidade passa. Para o ministro da Justi\u00e7a e Seguran\u00e7a P\u00fablica, Ricardo Lewandowski, uma &#8220;s\u00e9rie de fatores&#8221; levou \u00e0 fuga, como falhas de constru\u00e7\u00e3o da estrutura prisional e falta de funcionamento de c\u00e2meras e l\u00e2mpadas.<\/p>\n\n\n\n<p>Os dois presos fugiram pela lumin\u00e1ria que ficava em uma parede lateral da cela. Depois de atravessar a abertura, os fugitivos escalaram o shaft \u2014 v\u00e3o interno para passagem de tubula\u00e7\u00f5es e instala\u00e7\u00f5es el\u00e9tricas \u2014 at\u00e9 o teto, onde quebraram uma grade met\u00e1lica e chegaram ao telhado da pris\u00e3o.<\/p>\n\n\n\n<p>&#8220;Em vez de a lumin\u00e1ria e o entorno estarem protegidos por laje de concreto, estava fechada por um simples trabalho comum de alvenaria. Outro problema diz respeito \u00e0 t\u00e9cnica construtiva e ao projeto. Quando os fugitivos sa\u00edram pela lumin\u00e1ria, entraram naquilo que se chama de shaft, onde se faz a manuten\u00e7\u00e3o do pres\u00eddio, com m\u00e1quinas, tubula\u00e7\u00f5es e fia\u00e7\u00e3o&#8221;, explicou o ministro em entrevista.<\/p>\n\n\n\n<p>Os fugitivos teriam conseguido alcan\u00e7ar, por meio do shaft, o teto do sistema prisional, onde tamb\u00e9m n\u00e3o havia nenhuma laje, grade ou sistema de prote\u00e7\u00e3o. &#8220;\u00c9 uma quest\u00e3o de projeto. Quem fez deveria ter imaginado que a prote\u00e7\u00e3o deveria ter sido mais eficiente&#8221;, avaliou o ministro.<\/p>\n\n\n\n<p>Para Lewandowski, o fato de a a\u00e7\u00e3o dos criminosos ter ocorrido na madrugada da ter\u00e7a de Carnaval para a Quarta de Cinzas pode ter facilitado a opera\u00e7\u00e3o, porque as &#8220;pessoas costumam estar mais relaxadas&#8221; nesse per\u00edodo.<\/p>\n\n\n\n<p>Estrutura da penitenci\u00e1ria<\/p>\n\n\n\n<p>A penitenci\u00e1ria de Mossor\u00f3 tem \u00e1rea total de 12,3 mil m\u00b2. Segundo o Minist\u00e9rio da Justi\u00e7a e Seguran\u00e7a P\u00fablica, os custodiados ficam em celas individuais, equipadas com dormit\u00f3rio, sanit\u00e1rio, pia, chuveiro, mesa e assento. N\u00e3o h\u00e1 tomadas nem equipamentos eletr\u00f4nicos.<\/p>\n\n\n\n<p>Dentro das penitenci\u00e1rias federais, h\u00e1 unidades b\u00e1sicas de sa\u00fade, e todos os atendimentos b\u00e1sicos s\u00e3o realizados pela equipe de especialistas e t\u00e9cnicos dos locais. Tamb\u00e9m h\u00e1 parlat\u00f3rios para o atendimento de advogados e salas de videoconfer\u00eancia para participa\u00e7\u00e3o em audi\u00eancias judiciais.<\/p>\n\n\n\n<p>Para ser transferido para o sistema penitenci\u00e1rio federal, os presos precisam ter cargo de lideran\u00e7a ou cometer crime que ponha em risco a integridade f\u00edsica no pres\u00eddio comum; integrar quadrilha envolvida em crimes com viol\u00eancia ou grave amea\u00e7a; ser r\u00e9us colaboradores ou delatores premiados com risco \u00e0 integridade f\u00edsica; ou estar envolvidos em fugas, viol\u00eancia ou grave indisciplina no pres\u00eddio de origem.<\/p>\n\n\n\n<p>POLICIA FEDERAL COM <a href=\"https:\/\/www.facebook.com\/profile.php?id=100082262025979&amp;__cft__[0]=AZXe443f8XvkjYWFZmYX94bVAMNCFTXjN3vsM8N5sshfuQP9EoygH2c2C36QAiFRHvECg0Yql-n6llzMBeo6Z5zkjsazKqY4LqHnnWN5TdnhYA&amp;__tn__=-]K-R\">Radar Cento Noventa<\/a><\/p>\n\n\n\n<figure class=\"wp-block-image size-full\"><img loading=\"lazy\" decoding=\"async\" width=\"615\" height=\"321\" src=\"https:\/\/radar190.com.br\/wp-content\/uploads\/2024\/04\/image-9.png\" alt=\"\" class=\"wp-image-3325\" srcset=\"https:\/\/radar190.com.br\/wp-content\/uploads\/2024\/04\/image-9.png 615w, https:\/\/radar190.com.br\/wp-content\/uploads\/2024\/04\/image-9-300x157.png 300w\" sizes=\"auto, (max-width: 615px) 100vw, 615px\" \/><\/figure>\n        <div class=\"booster-block booster-reactions-block\">\n            <div class=\"twp-reactions-icons\">\n                \n                <div class=\"twp-reacts-wrap\">\n                    <a react-data=\"be-react-1\" post-id=\"3324\" class=\"be-face-icons un-reacted\" href=\"javascript:void(0)\">\n                        <img decoding=\"async\" src=\"https:\/\/radar190.com.br\/wp-content\/plugins\/booster-extension\/\/assets\/icon\/happy.svg\" alt=\"Happy\">\n                    <\/a>\n                    <div class=\"twp-reaction-title\">\n                        Happy                    <\/div>\n                    <div class=\"twp-count-percent\">\n                                                    <span style=\"display: none;\" class=\"twp-react-count\">0<\/span>\n                        \n                                                <span class=\"twp-react-percent\"><span>0<\/span> %<\/span>\n                                            <\/div>\n                <\/div>\n\n                <div class=\"twp-reacts-wrap\">\n                    <a react-data=\"be-react-2\" post-id=\"3324\" class=\"be-face-icons un-reacted\" href=\"javascript:void(0)\">\n                        <img decoding=\"async\" src=\"https:\/\/radar190.com.br\/wp-content\/plugins\/booster-extension\/\/assets\/icon\/sad.svg\" alt=\"Sad\">\n                    <\/a>\n                    <div class=\"twp-reaction-title\">\n                        Sad                    <\/div>\n                    <div class=\"twp-count-percent\">\n                                                    <span style=\"display: none;\" class=\"twp-react-count\">0<\/span>\n                                                                        <span class=\"twp-react-percent\"><span>0<\/span> %<\/span>\n                                            <\/div>\n                <\/div>\n\n                <div class=\"twp-reacts-wrap\">\n                    <a react-data=\"be-react-3\" post-id=\"3324\" class=\"be-face-icons un-reacted\" href=\"javascript:void(0)\">\n                        <img decoding=\"async\" src=\"https:\/\/radar190.com.br\/wp-content\/plugins\/booster-extension\/\/assets\/icon\/excited.svg\" alt=\"Excited\">\n                    <\/a>\n                    <div class=\"twp-reaction-title\">\n                        Excited                    <\/div>\n                    <div class=\"twp-count-percent\">\n                                                    <span style=\"display: none;\" class=\"twp-react-count\">0<\/span>\n                                                                        <span class=\"twp-react-percent\"><span>0<\/span> %<\/span>\n                                            <\/div>\n                <\/div>\n\n                <div class=\"twp-reacts-wrap\">\n                    <a react-data=\"be-react-6\" post-id=\"3324\" class=\"be-face-icons un-reacted\" href=\"javascript:void(0)\">\n                        <img decoding=\"async\" src=\"https:\/\/radar190.com.br\/wp-content\/plugins\/booster-extension\/\/assets\/icon\/sleepy.svg\" alt=\"Sleepy\">\n                    <\/a>\n                    <div class=\"twp-reaction-title\">\n                        Sleepy                    <\/div>\n                    <div class=\"twp-count-percent\">\n                                                    <span style=\"display: none;\" class=\"twp-react-count\">0<\/span>\n                        \n                                                <span class=\"twp-react-percent\"><span>0<\/span> %<\/span>\n                                            <\/div>\n                <\/div>\n\n                <div class=\"twp-reacts-wrap\">\n                    <a react-data=\"be-react-4\" post-id=\"3324\" class=\"be-face-icons un-reacted\" href=\"javascript:void(0)\">\n                        <img decoding=\"async\" src=\"https:\/\/radar190.com.br\/wp-content\/plugins\/booster-extension\/\/assets\/icon\/angry.svg\" alt=\"Angry\">\n                    <\/a>\n                    <div class=\"twp-reaction-title\">Angry<\/div>\n                    <div class=\"twp-count-percent\">\n                                                    <span style=\"display: none;\" class=\"twp-react-count\">0<\/span>\n                                                                        <span class=\"twp-react-percent\"><span>0<\/span> %<\/span>\n                        \n                    <\/div>\n                <\/div>\n\n                <div class=\"twp-reacts-wrap\">\n                    <a react-data=\"be-react-5\" post-id=\"3324\" class=\"be-face-icons un-reacted\" href=\"javascript:void(0)\">\n                        <img decoding=\"async\" src=\"https:\/\/radar190.com.br\/wp-content\/plugins\/booster-extension\/\/assets\/icon\/surprise.svg\" alt=\"Surprise\">\n                    <\/a>\n                    <div class=\"twp-reaction-title\">Surprise<\/div>\n                    <div class=\"twp-count-percent\">\n                                                    <span style=\"display: none;\" class=\"twp-react-count\">0<\/span>\n                                                                        <span class=\"twp-react-percent\"><span>0<\/span> %<\/span>\n                                            <\/div>\n                <\/div>\n\n            <\/div>\n        <\/div>\n\n    ","protected":false},"excerpt":{"rendered":"<p>Os dois foragidos da penitenci\u00e1ria federal de Mossor\u00f3 (RN) foram capturados nesta quinta-feira (4), 50 dias ap\u00f3s a fuga. Rog\u00e9rio da Silva Mendon\u00e7a, 35 anos, e Deibson Cabral Nascimento, 33, foram encontrados em Marab\u00e1 (PA) em uma a\u00e7\u00e3o conjunta da Pol\u00edcia Federal e da Pol\u00edcia Rodovi\u00e1ria Federal. Eles tinham escapado [&hellip;]<\/p>\n","protected":false},"author":1,"featured_media":3327,"comment_status":"open","ping_status":"open","sticky":false,"template":"","format":"standard","meta":{"_mi_skip_tracking":false,"_ti_tpc_template_sync":false,"_ti_tpc_template_id":"","_joinchat":[],"footnotes":""},"categories":[5,14,13,1,9,18,12,8],"tags":[],"class_list":["post-3324","post","type-post","status-publish","format-standard","has-post-thumbnail","hentry","category-brasil","category-cidades","category-cultural","category-uncategorized","category-esporte","category-mundo-brasil","category-paraiba","category-policial"],"_links":{"self":[{"href":"https:\/\/radar190.com.br\/index.php\/wp-json\/wp\/v2\/posts\/3324","targetHints":{"allow":["GET"]}}],"collection":[{"href":"https:\/\/radar190.com.br\/index.php\/wp-json\/wp\/v2\/posts"}],"about":[{"href":"https:\/\/radar190.com.br\/index.php\/wp-json\/wp\/v2\/types\/post"}],"author":[{"embeddable":true,"href":"https:\/\/radar190.com.br\/index.php\/wp-json\/wp\/v2\/users\/1"}],"replies":[{"embeddable":true,"href":"https:\/\/radar190.com.br\/index.php\/wp-json\/wp\/v2\/comments?post=3324"}],"version-history":[{"count":1,"href":"https:\/\/radar190.com.br\/index.php\/wp-json\/wp\/v2\/posts\/3324\/revisions"}],"predecessor-version":[{"id":3326,"href":"https:\/\/radar190.com.br\/index.php\/wp-json\/wp\/v2\/posts\/3324\/revisions\/3326"}],"wp:featuredmedia":[{"embeddable":true,"href":"https:\/\/radar190.com.br\/index.php\/wp-json\/wp\/v2\/media\/3327"}],"wp:attachment":[{"href":"https:\/\/radar190.com.br\/index.php\/wp-json\/wp\/v2\/media?parent=3324"}],"wp:term":[{"taxonomy":"category","embeddable":true,"href":"https:\/\/radar190.com.br\/index.php\/wp-json\/wp\/v2\/categories?post=3324"},{"taxonomy":"post_tag","embeddable":true,"href":"https:\/\/radar190.com.br\/index.php\/wp-json\/wp\/v2\/tags?post=3324"}],"curies":[{"name":"wp","href":"https:\/\/api.w.org\/{rel}","templated":true}]}}