{"id":3287,"date":"2024-04-01T09:46:19","date_gmt":"2024-04-01T12:46:19","guid":{"rendered":"https:\/\/radar190.com.br\/?p=3287"},"modified":"2024-04-01T09:47:55","modified_gmt":"2024-04-01T12:47:55","slug":"acidente-com-van-na-pb-400-deixa-um-morto-e-seis-feridos-entre-sao-jose-de-piranhas-e-cajazeiras","status":"publish","type":"post","link":"https:\/\/radar190.com.br\/index.php\/2024\/04\/01\/acidente-com-van-na-pb-400-deixa-um-morto-e-seis-feridos-entre-sao-jose-de-piranhas-e-cajazeiras\/","title":{"rendered":"Acidente com Van na PB-400 deixa um morto e seis feridos entre S\u00e3o Jos\u00e9 de Piranhas e Cajazeiras"},"content":{"rendered":"<div class='booster-block booster-read-block'>\n                <div class=\"twp-read-time\">\n                \t<i class=\"booster-icon twp-clock\"><\/i> <span>Read Time:<\/span>1 Minute, 7 Second                <\/div>\n\n            <\/div>\n<p>Um acidente envolvendo uma van da cidade de Bonito de Santa F\u00e9 deixou um morto e seis feridos na tarde deste s\u00e1bado, dia 30 de mar\u00e7o, na PB-400. O sinistro aconteceu nas imedia\u00e7\u00f5es do S\u00edtio Caboclo, entre os munic\u00edpios de S\u00e3o Jos\u00e9 de Piranhas e Cajazeiras, no Sert\u00e3o do estado.<\/p>\n\n\n\n<p>O ve\u00edculo tombou e caiu em um pequeno barranco, a poucos metros do canal da transposi\u00e7\u00e3o. V\u00e1rias ambul\u00e2ncias e o Corpo de Bombeiros estiveram presentes para socorrer as v\u00edtimas feridas, que foram levadas ao Hospital Regional de Cajazeiras. Viaturas das pol\u00edcias Civil e Militar tamb\u00e9m estiveram no local para dar apoio e realizar os procedimentos de praxe.<\/p>\n\n\n\n<p>Por volta das 15h30 o delegado Dr. Filho e peritos da Pol\u00edcia Civil se encontravam no local para proceder com o levantamento pericial e encaminhar o corpo para a realiza\u00e7\u00e3o de necropsia no IPC de Cajazeiras.<\/p>\n\n\n\n<p>O homem que foi a \u00f3bito s\u00f3 foi reconhecido horas depois, sendo identificado como Messias Vieira Lins, de 64 anos, popularmente conhecido como Messias do bar, comerciante na cidade de S\u00e3o Jos\u00e9 de Piranhas.<\/p>\n\n\n\n<p>De acordo com o Corpo de Bombeiros, que esteve no local do acidente, o motorista tentou desviar de um buraco quando perdeu o controle do ve\u00edculo. A pista est\u00e1 passando por um processo de reconstru\u00e7\u00e3o, motivo que tamb\u00e9m pode ter contribu\u00eddo para o acidente.<\/p>\n\n\n\n<figure class=\"wp-block-image size-full\"><img loading=\"lazy\" decoding=\"async\" width=\"780\" height=\"439\" src=\"https:\/\/radar190.com.br\/wp-content\/uploads\/2024\/04\/image-3.png\" alt=\"\" class=\"wp-image-3290\" srcset=\"https:\/\/radar190.com.br\/wp-content\/uploads\/2024\/04\/image-3.png 780w, https:\/\/radar190.com.br\/wp-content\/uploads\/2024\/04\/image-3-300x169.png 300w, https:\/\/radar190.com.br\/wp-content\/uploads\/2024\/04\/image-3-768x432.png 768w\" sizes=\"auto, (max-width: 780px) 100vw, 780px\" \/><\/figure>\n\n\n\n<figure class=\"wp-block-image size-full\"><img loading=\"lazy\" decoding=\"async\" width=\"780\" height=\"600\" src=\"https:\/\/radar190.com.br\/wp-content\/uploads\/2024\/04\/image-2.png\" alt=\"\" class=\"wp-image-3289\" srcset=\"https:\/\/radar190.com.br\/wp-content\/uploads\/2024\/04\/image-2.png 780w, https:\/\/radar190.com.br\/wp-content\/uploads\/2024\/04\/image-2-300x231.png 300w, https:\/\/radar190.com.br\/wp-content\/uploads\/2024\/04\/image-2-768x591.png 768w\" sizes=\"auto, (max-width: 780px) 100vw, 780px\" \/><\/figure>\n\n\n\n<figure class=\"wp-block-image size-full\"><img loading=\"lazy\" decoding=\"async\" width=\"780\" height=\"439\" src=\"https:\/\/radar190.com.br\/wp-content\/uploads\/2024\/04\/image-1.png\" alt=\"\" class=\"wp-image-3288\" srcset=\"https:\/\/radar190.com.br\/wp-content\/uploads\/2024\/04\/image-1.png 780w, https:\/\/radar190.com.br\/wp-content\/uploads\/2024\/04\/image-1-300x169.png 300w, https:\/\/radar190.com.br\/wp-content\/uploads\/2024\/04\/image-1-768x432.png 768w\" sizes=\"auto, (max-width: 780px) 100vw, 780px\" \/><\/figure>\n\n\n\n<p><a href=\"https:\/\/www.radarsertanejo.com\/wp-content\/uploads\/2024\/03\/Messias-PHOTO-2024-03-31-12-00-35.jpg\"><\/a><\/p>\n        <div class=\"booster-block booster-reactions-block\">\n            <div class=\"twp-reactions-icons\">\n                \n                <div class=\"twp-reacts-wrap\">\n                    <a react-data=\"be-react-1\" post-id=\"3287\" class=\"be-face-icons un-reacted\" href=\"javascript:void(0)\">\n                        <img decoding=\"async\" src=\"https:\/\/radar190.com.br\/wp-content\/plugins\/booster-extension\/\/assets\/icon\/happy.svg\" alt=\"Happy\">\n                    <\/a>\n                    <div class=\"twp-reaction-title\">\n                        Happy                    <\/div>\n                    <div class=\"twp-count-percent\">\n                                                    <span style=\"display: none;\" class=\"twp-react-count\">0<\/span>\n                        \n                                                <span class=\"twp-react-percent\"><span>0<\/span> %<\/span>\n                                            <\/div>\n                <\/div>\n\n                <div class=\"twp-reacts-wrap\">\n                    <a react-data=\"be-react-2\" post-id=\"3287\" class=\"be-face-icons un-reacted\" href=\"javascript:void(0)\">\n                        <img decoding=\"async\" src=\"https:\/\/radar190.com.br\/wp-content\/plugins\/booster-extension\/\/assets\/icon\/sad.svg\" alt=\"Sad\">\n                    <\/a>\n                    <div class=\"twp-reaction-title\">\n                        Sad                    <\/div>\n                    <div class=\"twp-count-percent\">\n                                                    <span style=\"display: none;\" class=\"twp-react-count\">0<\/span>\n                                                                        <span class=\"twp-react-percent\"><span>0<\/span> %<\/span>\n                                            <\/div>\n                <\/div>\n\n                <div class=\"twp-reacts-wrap\">\n                    <a react-data=\"be-react-3\" post-id=\"3287\" class=\"be-face-icons un-reacted\" href=\"javascript:void(0)\">\n                        <img decoding=\"async\" src=\"https:\/\/radar190.com.br\/wp-content\/plugins\/booster-extension\/\/assets\/icon\/excited.svg\" alt=\"Excited\">\n                    <\/a>\n                    <div class=\"twp-reaction-title\">\n                        Excited                    <\/div>\n                    <div class=\"twp-count-percent\">\n                                                    <span style=\"display: none;\" class=\"twp-react-count\">0<\/span>\n                                                                        <span class=\"twp-react-percent\"><span>0<\/span> %<\/span>\n                                            <\/div>\n                <\/div>\n\n                <div class=\"twp-reacts-wrap\">\n                    <a react-data=\"be-react-6\" post-id=\"3287\" class=\"be-face-icons un-reacted\" href=\"javascript:void(0)\">\n                        <img decoding=\"async\" src=\"https:\/\/radar190.com.br\/wp-content\/plugins\/booster-extension\/\/assets\/icon\/sleepy.svg\" alt=\"Sleepy\">\n                    <\/a>\n                    <div class=\"twp-reaction-title\">\n                        Sleepy                    <\/div>\n                    <div class=\"twp-count-percent\">\n                                                    <span style=\"display: none;\" class=\"twp-react-count\">0<\/span>\n                        \n                                                <span class=\"twp-react-percent\"><span>0<\/span> %<\/span>\n                                            <\/div>\n                <\/div>\n\n                <div class=\"twp-reacts-wrap\">\n                    <a react-data=\"be-react-4\" post-id=\"3287\" class=\"be-face-icons un-reacted\" href=\"javascript:void(0)\">\n                        <img decoding=\"async\" src=\"https:\/\/radar190.com.br\/wp-content\/plugins\/booster-extension\/\/assets\/icon\/angry.svg\" alt=\"Angry\">\n                    <\/a>\n                    <div class=\"twp-reaction-title\">Angry<\/div>\n                    <div class=\"twp-count-percent\">\n                                                    <span style=\"display: none;\" class=\"twp-react-count\">0<\/span>\n                                                                        <span class=\"twp-react-percent\"><span>0<\/span> %<\/span>\n                        \n                    <\/div>\n                <\/div>\n\n                <div class=\"twp-reacts-wrap\">\n                    <a react-data=\"be-react-5\" post-id=\"3287\" class=\"be-face-icons un-reacted\" href=\"javascript:void(0)\">\n                        <img decoding=\"async\" src=\"https:\/\/radar190.com.br\/wp-content\/plugins\/booster-extension\/\/assets\/icon\/surprise.svg\" alt=\"Surprise\">\n                    <\/a>\n                    <div class=\"twp-reaction-title\">Surprise<\/div>\n                    <div class=\"twp-count-percent\">\n                                                    <span style=\"display: none;\" class=\"twp-react-count\">0<\/span>\n                                                                        <span class=\"twp-react-percent\"><span>0<\/span> %<\/span>\n                                            <\/div>\n                <\/div>\n\n            <\/div>\n        <\/div>\n\n    ","protected":false},"excerpt":{"rendered":"<p>Um acidente envolvendo uma van da cidade de Bonito de Santa F\u00e9 deixou um morto e seis feridos na tarde deste s\u00e1bado, dia 30 de mar\u00e7o, na PB-400. O sinistro aconteceu nas imedia\u00e7\u00f5es do S\u00edtio Caboclo, entre os munic\u00edpios de S\u00e3o Jos\u00e9 de Piranhas e Cajazeiras, no Sert\u00e3o do estado. [&hellip;]<\/p>\n","protected":false},"author":1,"featured_media":3292,"comment_status":"open","ping_status":"open","sticky":false,"template":"","format":"standard","meta":{"_mi_skip_tracking":false,"_ti_tpc_template_sync":false,"_ti_tpc_template_id":"","_joinchat":[],"footnotes":""},"categories":[5,14,13,1,116,9,18,12,8],"tags":[],"class_list":["post-3287","post","type-post","status-publish","format-standard","has-post-thumbnail","hentry","category-brasil","category-cidades","category-cultural","category-uncategorized","category-editor-picks","category-esporte","category-mundo-brasil","category-paraiba","category-policial"],"_links":{"self":[{"href":"https:\/\/radar190.com.br\/index.php\/wp-json\/wp\/v2\/posts\/3287","targetHints":{"allow":["GET"]}}],"collection":[{"href":"https:\/\/radar190.com.br\/index.php\/wp-json\/wp\/v2\/posts"}],"about":[{"href":"https:\/\/radar190.com.br\/index.php\/wp-json\/wp\/v2\/types\/post"}],"author":[{"embeddable":true,"href":"https:\/\/radar190.com.br\/index.php\/wp-json\/wp\/v2\/users\/1"}],"replies":[{"embeddable":true,"href":"https:\/\/radar190.com.br\/index.php\/wp-json\/wp\/v2\/comments?post=3287"}],"version-history":[{"count":1,"href":"https:\/\/radar190.com.br\/index.php\/wp-json\/wp\/v2\/posts\/3287\/revisions"}],"predecessor-version":[{"id":3291,"href":"https:\/\/radar190.com.br\/index.php\/wp-json\/wp\/v2\/posts\/3287\/revisions\/3291"}],"wp:featuredmedia":[{"embeddable":true,"href":"https:\/\/radar190.com.br\/index.php\/wp-json\/wp\/v2\/media\/3292"}],"wp:attachment":[{"href":"https:\/\/radar190.com.br\/index.php\/wp-json\/wp\/v2\/media?parent=3287"}],"wp:term":[{"taxonomy":"category","embeddable":true,"href":"https:\/\/radar190.com.br\/index.php\/wp-json\/wp\/v2\/categories?post=3287"},{"taxonomy":"post_tag","embeddable":true,"href":"https:\/\/radar190.com.br\/index.php\/wp-json\/wp\/v2\/tags?post=3287"}],"curies":[{"name":"wp","href":"https:\/\/api.w.org\/{rel}","templated":true}]}}