{"id":3173,"date":"2024-02-06T10:18:28","date_gmt":"2024-02-06T13:18:28","guid":{"rendered":"https:\/\/radar190.com.br\/?p=3173"},"modified":"2024-02-06T10:19:49","modified_gmt":"2024-02-06T13:19:49","slug":"policias-civil-e-militar-agem-rapido-e-em-menos-de-48-horas-prendem-suspeitos-de-assassinato-em-bonito-de-santa-fe","status":"publish","type":"post","link":"https:\/\/radar190.com.br\/index.php\/2024\/02\/06\/policias-civil-e-militar-agem-rapido-e-em-menos-de-48-horas-prendem-suspeitos-de-assassinato-em-bonito-de-santa-fe\/","title":{"rendered":"Pol\u00edcias Civil e Militar agem r\u00e1pido e em menos de 48 horas prendem suspeitos de assassinato em Bonito de Santa F\u00e9"},"content":{"rendered":"<div class='booster-block booster-read-block'>\n                <div class=\"twp-read-time\">\n                \t<i class=\"booster-icon twp-clock\"><\/i> <span>Read Time:<\/span>2 Minute, 8 Second                <\/div>\n\n            <\/div>\n<p>Um menor de 17 anos foi apreendido e um jovem de 19 identificado como Vitor Manoel Pereira, foi preso ao se apresentarem da Delegacia de Pol\u00edcia Civil da cidade de Cajazeiras na tarde deste domingo (4). Um jovem de 18 anos identificado como D\u00e9nyson Jos\u00e9 Furtado da Silva, j\u00e1 havia sido preso no final da tarde do s\u00e1bado (3).Os outros dois envolvidos no assassinato <a><\/a>de Afan\u00e1sio Rafael Francelino dos Santos que tinha 36 anos e foi morto a facadas na madrugada desse s\u00e1bado (03) na rua Prefeito Jos\u00e9 Ferreira Caj\u00fa, em Bonito de Santa F\u00e9, foram capturados na tarde deste domingo (04) por investigadores da Pol\u00edcia Civil.<\/p>\n\n\n\n<p>A Pol\u00edcia Militar levantou dados e com base em provas, o delegado fez um pedido de pris\u00e3o ao juiz e este por sua vez, aceitou e emitiu um mandado de pris\u00e3o contra o maior de idade e um de apreens\u00e3o contra o adolescente.<\/p>\n\n\n\n<p>O PRIMEIRO PRESO<\/p>\n\n\n\n<p>A Pol\u00edcia Militar j\u00e1 havia prendido o primeiro suspeito que tem 18 anos de idade, e foi localizado pelos militares no final da tarde desse s\u00e1bado (3) em uma resid\u00eancia do conjunto Barros\u00e3o, em Bonito de Santa F\u00e9. Os PMs deram voz de pris\u00e3o ao suspeito e o conduziram at\u00e9 a delegacia de Pol\u00edcia Civil da cidade de Cajazeiras para medidas cab\u00edveis.<\/p>\n\n\n\n<p>Com o indiv\u00edduo, a PM apreendeu um aparelho celular que poder\u00e1 conter provas e auxiliar nas investiga\u00e7\u00f5es. O objeto foi entregue \u00e0 Autoridade competente na DP de Cajazeiras.<\/p>\n\n\n\n<p>C\u00e2meras de seguran\u00e7a registraram o momento do homic\u00eddio. As imagens auxiliaram nas investiga\u00e7\u00f5es e identifica\u00e7\u00e3o dos suspeitos.<\/p>\n\n\n\n<p>O CRIME<\/p>\n\n\n\n<p>Um homem identificado por Afan\u00e1sio Rafael Francelino dos Santos, de 36 anos, foi assassinado a facadas na madrugada deste s\u00e1bado (03) em plena via p\u00fablica, na rua Prefeito Jos\u00e9 Ferreira Caj\u00fa, em Bonito de Santa F\u00e9.<\/p>\n\n\n\n<p>A Pol\u00edcia Militar foi acionada pelo SAMU e ao chegar no local, o pai da v\u00edtima j\u00e1 se encontrava ao lado do corpo. Ele relatou aos policiais que seu filho tinha vindo de Cajazeiras em um motot\u00e1xi e acabara de chegar em Bonito de Santa F\u00e9 quando foi abordado por tr\u00eas homens, os quais praticaram o crime.<\/p>\n\n\n\n<p>RELATO DE ACONTECIMENTOS QUE ANTECEDERAM O CRIME<\/p>\n\n\n\n<p>Conforme apurado, na noite a v\u00edtima teria subido em cima de uma teria jogado umas telhas que ainda chegou a machucar uma mulher que \u00e9 m\u00e3e de um dos suspeitos. Ele foi preso e encaminhado \u00e0 Delegacia de Pol\u00edcia Civil de Cajazeiras, mas ap\u00f3s ser ouvido, foi liberado e ao retornar para Bonito acabou sendo morto a facadas.<\/p>\n\n\n\n<p>Fonte: \u00c2ngelo Lima COM RADAR 190<\/p>\n\n\n\n<figure class=\"wp-block-image size-full\"><img loading=\"lazy\" decoding=\"async\" width=\"640\" height=\"378\" src=\"https:\/\/radar190.com.br\/wp-content\/uploads\/2024\/02\/image.png\" alt=\"\" class=\"wp-image-3174\" srcset=\"https:\/\/radar190.com.br\/wp-content\/uploads\/2024\/02\/image.png 640w, https:\/\/radar190.com.br\/wp-content\/uploads\/2024\/02\/image-300x177.png 300w\" sizes=\"auto, (max-width: 640px) 100vw, 640px\" \/><\/figure>\n        <div class=\"booster-block booster-reactions-block\">\n            <div class=\"twp-reactions-icons\">\n                \n                <div class=\"twp-reacts-wrap\">\n                    <a react-data=\"be-react-1\" post-id=\"3173\" class=\"be-face-icons un-reacted\" href=\"javascript:void(0)\">\n                        <img decoding=\"async\" src=\"https:\/\/radar190.com.br\/wp-content\/plugins\/booster-extension\/\/assets\/icon\/happy.svg\" alt=\"Happy\">\n                    <\/a>\n                    <div class=\"twp-reaction-title\">\n                        Happy                    <\/div>\n                    <div class=\"twp-count-percent\">\n                                                    <span style=\"display: none;\" class=\"twp-react-count\">0<\/span>\n                        \n                                                <span class=\"twp-react-percent\"><span>0<\/span> %<\/span>\n                                            <\/div>\n                <\/div>\n\n                <div class=\"twp-reacts-wrap\">\n                    <a react-data=\"be-react-2\" post-id=\"3173\" class=\"be-face-icons un-reacted\" href=\"javascript:void(0)\">\n                        <img decoding=\"async\" src=\"https:\/\/radar190.com.br\/wp-content\/plugins\/booster-extension\/\/assets\/icon\/sad.svg\" alt=\"Sad\">\n                    <\/a>\n                    <div class=\"twp-reaction-title\">\n                        Sad                    <\/div>\n                    <div class=\"twp-count-percent\">\n                                                    <span style=\"display: none;\" class=\"twp-react-count\">0<\/span>\n                                                                        <span class=\"twp-react-percent\"><span>0<\/span> %<\/span>\n                                            <\/div>\n                <\/div>\n\n                <div class=\"twp-reacts-wrap\">\n                    <a react-data=\"be-react-3\" post-id=\"3173\" class=\"be-face-icons un-reacted\" href=\"javascript:void(0)\">\n                        <img decoding=\"async\" src=\"https:\/\/radar190.com.br\/wp-content\/plugins\/booster-extension\/\/assets\/icon\/excited.svg\" alt=\"Excited\">\n                    <\/a>\n                    <div class=\"twp-reaction-title\">\n                        Excited                    <\/div>\n                    <div class=\"twp-count-percent\">\n                                                    <span style=\"display: none;\" class=\"twp-react-count\">0<\/span>\n                                                                        <span class=\"twp-react-percent\"><span>0<\/span> %<\/span>\n                                            <\/div>\n                <\/div>\n\n                <div class=\"twp-reacts-wrap\">\n                    <a react-data=\"be-react-6\" post-id=\"3173\" class=\"be-face-icons un-reacted\" href=\"javascript:void(0)\">\n                        <img decoding=\"async\" src=\"https:\/\/radar190.com.br\/wp-content\/plugins\/booster-extension\/\/assets\/icon\/sleepy.svg\" alt=\"Sleepy\">\n                    <\/a>\n                    <div class=\"twp-reaction-title\">\n                        Sleepy                    <\/div>\n                    <div class=\"twp-count-percent\">\n                                                    <span style=\"display: none;\" class=\"twp-react-count\">0<\/span>\n                        \n                                                <span class=\"twp-react-percent\"><span>0<\/span> %<\/span>\n                                            <\/div>\n                <\/div>\n\n                <div class=\"twp-reacts-wrap\">\n                    <a react-data=\"be-react-4\" post-id=\"3173\" class=\"be-face-icons un-reacted\" href=\"javascript:void(0)\">\n                        <img decoding=\"async\" src=\"https:\/\/radar190.com.br\/wp-content\/plugins\/booster-extension\/\/assets\/icon\/angry.svg\" alt=\"Angry\">\n                    <\/a>\n                    <div class=\"twp-reaction-title\">Angry<\/div>\n                    <div class=\"twp-count-percent\">\n                                                    <span style=\"display: none;\" class=\"twp-react-count\">0<\/span>\n                                                                        <span class=\"twp-react-percent\"><span>0<\/span> %<\/span>\n                        \n                    <\/div>\n                <\/div>\n\n                <div class=\"twp-reacts-wrap\">\n                    <a react-data=\"be-react-5\" post-id=\"3173\" class=\"be-face-icons un-reacted\" href=\"javascript:void(0)\">\n                        <img decoding=\"async\" src=\"https:\/\/radar190.com.br\/wp-content\/plugins\/booster-extension\/\/assets\/icon\/surprise.svg\" alt=\"Surprise\">\n                    <\/a>\n                    <div class=\"twp-reaction-title\">Surprise<\/div>\n                    <div class=\"twp-count-percent\">\n                                                    <span style=\"display: none;\" class=\"twp-react-count\">0<\/span>\n                                                                        <span class=\"twp-react-percent\"><span>0<\/span> %<\/span>\n                                            <\/div>\n                <\/div>\n\n            <\/div>\n        <\/div>\n\n    ","protected":false},"excerpt":{"rendered":"<p>Um menor de 17 anos foi apreendido e um jovem de 19 identificado como Vitor Manoel Pereira, foi preso ao se apresentarem da Delegacia de Pol\u00edcia Civil da cidade de Cajazeiras na tarde deste domingo (4). Um jovem de 18 anos identificado como D\u00e9nyson Jos\u00e9 Furtado da Silva, j\u00e1 havia [&hellip;]<\/p>\n","protected":false},"author":1,"featured_media":3176,"comment_status":"open","ping_status":"open","sticky":false,"template":"","format":"standard","meta":{"_mi_skip_tracking":false,"_ti_tpc_template_sync":false,"_ti_tpc_template_id":"","_joinchat":[],"footnotes":""},"categories":[5,14,13,1,116,9,18,12,8],"tags":[],"class_list":["post-3173","post","type-post","status-publish","format-standard","has-post-thumbnail","hentry","category-brasil","category-cidades","category-cultural","category-uncategorized","category-editor-picks","category-esporte","category-mundo-brasil","category-paraiba","category-policial"],"_links":{"self":[{"href":"https:\/\/radar190.com.br\/index.php\/wp-json\/wp\/v2\/posts\/3173","targetHints":{"allow":["GET"]}}],"collection":[{"href":"https:\/\/radar190.com.br\/index.php\/wp-json\/wp\/v2\/posts"}],"about":[{"href":"https:\/\/radar190.com.br\/index.php\/wp-json\/wp\/v2\/types\/post"}],"author":[{"embeddable":true,"href":"https:\/\/radar190.com.br\/index.php\/wp-json\/wp\/v2\/users\/1"}],"replies":[{"embeddable":true,"href":"https:\/\/radar190.com.br\/index.php\/wp-json\/wp\/v2\/comments?post=3173"}],"version-history":[{"count":1,"href":"https:\/\/radar190.com.br\/index.php\/wp-json\/wp\/v2\/posts\/3173\/revisions"}],"predecessor-version":[{"id":3175,"href":"https:\/\/radar190.com.br\/index.php\/wp-json\/wp\/v2\/posts\/3173\/revisions\/3175"}],"wp:featuredmedia":[{"embeddable":true,"href":"https:\/\/radar190.com.br\/index.php\/wp-json\/wp\/v2\/media\/3176"}],"wp:attachment":[{"href":"https:\/\/radar190.com.br\/index.php\/wp-json\/wp\/v2\/media?parent=3173"}],"wp:term":[{"taxonomy":"category","embeddable":true,"href":"https:\/\/radar190.com.br\/index.php\/wp-json\/wp\/v2\/categories?post=3173"},{"taxonomy":"post_tag","embeddable":true,"href":"https:\/\/radar190.com.br\/index.php\/wp-json\/wp\/v2\/tags?post=3173"}],"curies":[{"name":"wp","href":"https:\/\/api.w.org\/{rel}","templated":true}]}}