{"id":3160,"date":"2024-01-29T07:20:08","date_gmt":"2024-01-29T10:20:08","guid":{"rendered":"https:\/\/radar190.com.br\/?p=3160"},"modified":"2024-01-29T07:20:33","modified_gmt":"2024-01-29T10:20:33","slug":"tragedia-no-cariri-tres-pessoas-morrem-e-duas-ficam-feridas-apos-colisao-entre-carro-e-moto-vitimas-foram-atacadas-por-abelhas","status":"publish","type":"post","link":"https:\/\/radar190.com.br\/index.php\/2024\/01\/29\/tragedia-no-cariri-tres-pessoas-morrem-e-duas-ficam-feridas-apos-colisao-entre-carro-e-moto-vitimas-foram-atacadas-por-abelhas\/","title":{"rendered":"TRAG\u00c9DIA NO CARIRI: Tr\u00eas pessoas morrem e duas ficam feridas ap\u00f3s colis\u00e3o entre carro e moto; v\u00edtimas foram atacadas por abelhas"},"content":{"rendered":"<div class='booster-block booster-read-block'>\n                <div class=\"twp-read-time\">\n                \t<i class=\"booster-icon twp-clock\"><\/i> <span>Read Time:<\/span>36 Second                <\/div>\n\n            <\/div>\n<p>Um grave acidente foi registrado na regi\u00e3o do Cariri paraibano que liga os munic\u00edpios do Congo e Sum\u00e9 na tarde deste \u00faltimo domingo, dia 28.<\/p>\n\n\n\n<p>O casal que estava na moto e seu filho pequeno perderam a vida. Os ocupantes do ve\u00edculo tamb\u00e9m foram socorridos pela equipe do SAMU para o hospital conforme informa\u00e7\u00f5es do Cel. Germano \u2013 Comandante de Pol\u00edcia <a><\/a>Militar no Cariri.<\/p>\n\n\n\n<p>Ap\u00f3s a colis\u00e3o as v\u00edtimas foram atacadas por abelhas, cujo enxame estava em uma \u00e1rvore atingida pelo veiculo. O carro teria batido na \u00e1rvore ap\u00f3s colidir com a moto.<\/p>\n\n\n\n<figure class=\"wp-block-image size-full\"><img loading=\"lazy\" decoding=\"async\" width=\"640\" height=\"320\" src=\"https:\/\/radar190.com.br\/wp-content\/uploads\/2024\/01\/image-14.png\" alt=\"\" class=\"wp-image-3161\" srcset=\"https:\/\/radar190.com.br\/wp-content\/uploads\/2024\/01\/image-14.png 640w, https:\/\/radar190.com.br\/wp-content\/uploads\/2024\/01\/image-14-300x150.png 300w\" sizes=\"auto, (max-width: 640px) 100vw, 640px\" \/><\/figure>\n\n\n\n<p>A Pol\u00edcia Militar foi ao local e fez isolamento da pista. J\u00e1 os bombeiros militares atuaram juntamente com o SAMU no atendimento \u00e0s v\u00edtimas.<\/p>\n\n\n\n<p>De Olho no Cariri<\/p>\n        <div class=\"booster-block booster-reactions-block\">\n            <div class=\"twp-reactions-icons\">\n                \n                <div class=\"twp-reacts-wrap\">\n                    <a react-data=\"be-react-1\" post-id=\"3160\" class=\"be-face-icons un-reacted\" href=\"javascript:void(0)\">\n                        <img decoding=\"async\" src=\"https:\/\/radar190.com.br\/wp-content\/plugins\/booster-extension\/\/assets\/icon\/happy.svg\" alt=\"Happy\">\n                    <\/a>\n                    <div class=\"twp-reaction-title\">\n                        Happy                    <\/div>\n                    <div class=\"twp-count-percent\">\n                                                    <span style=\"display: none;\" class=\"twp-react-count\">0<\/span>\n                        \n                                                <span class=\"twp-react-percent\"><span>0<\/span> %<\/span>\n                                            <\/div>\n                <\/div>\n\n                <div class=\"twp-reacts-wrap\">\n                    <a react-data=\"be-react-2\" post-id=\"3160\" class=\"be-face-icons un-reacted\" href=\"javascript:void(0)\">\n                        <img decoding=\"async\" src=\"https:\/\/radar190.com.br\/wp-content\/plugins\/booster-extension\/\/assets\/icon\/sad.svg\" alt=\"Sad\">\n                    <\/a>\n                    <div class=\"twp-reaction-title\">\n                        Sad                    <\/div>\n                    <div class=\"twp-count-percent\">\n                                                    <span style=\"display: none;\" class=\"twp-react-count\">0<\/span>\n                                                                        <span class=\"twp-react-percent\"><span>0<\/span> %<\/span>\n                                            <\/div>\n                <\/div>\n\n                <div class=\"twp-reacts-wrap\">\n                    <a react-data=\"be-react-3\" post-id=\"3160\" class=\"be-face-icons un-reacted\" href=\"javascript:void(0)\">\n                        <img decoding=\"async\" src=\"https:\/\/radar190.com.br\/wp-content\/plugins\/booster-extension\/\/assets\/icon\/excited.svg\" alt=\"Excited\">\n                    <\/a>\n                    <div class=\"twp-reaction-title\">\n                        Excited                    <\/div>\n                    <div class=\"twp-count-percent\">\n                                                    <span style=\"display: none;\" class=\"twp-react-count\">0<\/span>\n                                                                        <span class=\"twp-react-percent\"><span>0<\/span> %<\/span>\n                                            <\/div>\n                <\/div>\n\n                <div class=\"twp-reacts-wrap\">\n                    <a react-data=\"be-react-6\" post-id=\"3160\" class=\"be-face-icons un-reacted\" href=\"javascript:void(0)\">\n                        <img decoding=\"async\" src=\"https:\/\/radar190.com.br\/wp-content\/plugins\/booster-extension\/\/assets\/icon\/sleepy.svg\" alt=\"Sleepy\">\n                    <\/a>\n                    <div class=\"twp-reaction-title\">\n                        Sleepy                    <\/div>\n                    <div class=\"twp-count-percent\">\n                                                    <span style=\"display: none;\" class=\"twp-react-count\">0<\/span>\n                        \n                                                <span class=\"twp-react-percent\"><span>0<\/span> %<\/span>\n                                            <\/div>\n                <\/div>\n\n                <div class=\"twp-reacts-wrap\">\n                    <a react-data=\"be-react-4\" post-id=\"3160\" class=\"be-face-icons un-reacted\" href=\"javascript:void(0)\">\n                        <img decoding=\"async\" src=\"https:\/\/radar190.com.br\/wp-content\/plugins\/booster-extension\/\/assets\/icon\/angry.svg\" alt=\"Angry\">\n                    <\/a>\n                    <div class=\"twp-reaction-title\">Angry<\/div>\n                    <div class=\"twp-count-percent\">\n                                                    <span style=\"display: none;\" class=\"twp-react-count\">0<\/span>\n                                                                        <span class=\"twp-react-percent\"><span>0<\/span> %<\/span>\n                        \n                    <\/div>\n                <\/div>\n\n                <div class=\"twp-reacts-wrap\">\n                    <a react-data=\"be-react-5\" post-id=\"3160\" class=\"be-face-icons un-reacted\" href=\"javascript:void(0)\">\n                        <img decoding=\"async\" src=\"https:\/\/radar190.com.br\/wp-content\/plugins\/booster-extension\/\/assets\/icon\/surprise.svg\" alt=\"Surprise\">\n                    <\/a>\n                    <div class=\"twp-reaction-title\">Surprise<\/div>\n                    <div class=\"twp-count-percent\">\n                                                    <span style=\"display: none;\" class=\"twp-react-count\">0<\/span>\n                                                                        <span class=\"twp-react-percent\"><span>0<\/span> %<\/span>\n                                            <\/div>\n                <\/div>\n\n            <\/div>\n        <\/div>\n\n    ","protected":false},"excerpt":{"rendered":"<p>Um grave acidente foi registrado na regi\u00e3o do Cariri paraibano que liga os munic\u00edpios do Congo e Sum\u00e9 na tarde deste \u00faltimo domingo, dia 28. O casal que estava na moto e seu filho pequeno perderam a vida. Os ocupantes do ve\u00edculo tamb\u00e9m foram socorridos pela equipe do SAMU para [&hellip;]<\/p>\n","protected":false},"author":1,"featured_media":3163,"comment_status":"open","ping_status":"open","sticky":false,"template":"","format":"standard","meta":{"_mi_skip_tracking":false,"_ti_tpc_template_sync":false,"_ti_tpc_template_id":"","_joinchat":[],"footnotes":""},"categories":[5,14,13,1,116,9,18,12,8],"tags":[],"class_list":["post-3160","post","type-post","status-publish","format-standard","has-post-thumbnail","hentry","category-brasil","category-cidades","category-cultural","category-uncategorized","category-editor-picks","category-esporte","category-mundo-brasil","category-paraiba","category-policial"],"_links":{"self":[{"href":"https:\/\/radar190.com.br\/index.php\/wp-json\/wp\/v2\/posts\/3160","targetHints":{"allow":["GET"]}}],"collection":[{"href":"https:\/\/radar190.com.br\/index.php\/wp-json\/wp\/v2\/posts"}],"about":[{"href":"https:\/\/radar190.com.br\/index.php\/wp-json\/wp\/v2\/types\/post"}],"author":[{"embeddable":true,"href":"https:\/\/radar190.com.br\/index.php\/wp-json\/wp\/v2\/users\/1"}],"replies":[{"embeddable":true,"href":"https:\/\/radar190.com.br\/index.php\/wp-json\/wp\/v2\/comments?post=3160"}],"version-history":[{"count":1,"href":"https:\/\/radar190.com.br\/index.php\/wp-json\/wp\/v2\/posts\/3160\/revisions"}],"predecessor-version":[{"id":3162,"href":"https:\/\/radar190.com.br\/index.php\/wp-json\/wp\/v2\/posts\/3160\/revisions\/3162"}],"wp:featuredmedia":[{"embeddable":true,"href":"https:\/\/radar190.com.br\/index.php\/wp-json\/wp\/v2\/media\/3163"}],"wp:attachment":[{"href":"https:\/\/radar190.com.br\/index.php\/wp-json\/wp\/v2\/media?parent=3160"}],"wp:term":[{"taxonomy":"category","embeddable":true,"href":"https:\/\/radar190.com.br\/index.php\/wp-json\/wp\/v2\/categories?post=3160"},{"taxonomy":"post_tag","embeddable":true,"href":"https:\/\/radar190.com.br\/index.php\/wp-json\/wp\/v2\/tags?post=3160"}],"curies":[{"name":"wp","href":"https:\/\/api.w.org\/{rel}","templated":true}]}}