{"id":3027,"date":"2023-12-22T10:19:16","date_gmt":"2023-12-22T13:19:16","guid":{"rendered":"https:\/\/radar190.com.br\/?p=3027"},"modified":"2023-12-22T10:25:41","modified_gmt":"2023-12-22T13:25:41","slug":"segue-o-trabalho-prefeitura-de-monte-horebe-inicia-corte-de-terra-e-beneficia-agricultores-do-municipio-de-monte-horebe","status":"publish","type":"post","link":"https:\/\/radar190.com.br\/index.php\/2023\/12\/22\/segue-o-trabalho-prefeitura-de-monte-horebe-inicia-corte-de-terra-e-beneficia-agricultores-do-municipio-de-monte-horebe\/","title":{"rendered":"&#8216;SEGUE O TRABALHO&#8217; Prefeitura de Monte Horebe inicia corte de terra e beneficia agricultores do Munic\u00edpio de Monte Horebe"},"content":{"rendered":"<div class='booster-block booster-read-block'>\n                <div class=\"twp-read-time\">\n                \t<i class=\"booster-icon twp-clock\"><\/i> <span>Read Time:<\/span>41 Second                <\/div>\n\n            <\/div>\n<p><strong>Seguindo determina\u00e7\u00e3o do prefeito Marcos Eron, a Prefeitura de Monte Horebe, por meio da Secretaria Municipal de Agricultura, deu in\u00edcio \u00e0 prepara\u00e7\u00e3o do solo dos pequenos propriet\u00e1rios rurais visando o cultivo da safra agr\u00edcola deste ano. A tarefa desenvolve-se em paralelo ao cadastramento dos benefici\u00e1rios.<\/strong><\/p>\n\n\n\n<figure class=\"wp-block-image size-full\"><img loading=\"lazy\" decoding=\"async\" width=\"473\" height=\"332\" src=\"https:\/\/radar190.com.br\/wp-content\/uploads\/2023\/12\/image-9.png\" alt=\"\" class=\"wp-image-3029\" srcset=\"https:\/\/radar190.com.br\/wp-content\/uploads\/2023\/12\/image-9.png 473w, https:\/\/radar190.com.br\/wp-content\/uploads\/2023\/12\/image-9-300x211.png 300w\" sizes=\"auto, (max-width: 473px) 100vw, 473px\" \/><\/figure>\n\n\n\n<p><strong>&nbsp;O trabalho de aragem do solo \u00e9 realizado atrav\u00e9s da Prefeitura Municipal, tendo sido iniciado pelas comunidades Sitio Pinga e Regi\u00e3o e se estender\u00e1 por todo o setor rural de Monte Horebe.<\/strong><\/p>\n\n\n\n<p><strong>&#8220;O corte de terra \u00e9 uma ferramenta de prepara\u00e7\u00e3o de solo que ajuda na produtividade da lavoura, pensando nisso a prefeitura busca disponibilizar recursos para incentivar a agricultura familiar que \u00e9 uma das bases da nossa economia, faremos desta gest\u00e3o uma plataforma de desenvolvimento para os nossos trabalhadores do campo&#8221;, concluiu o prefeito Marcos Eron.<\/strong><\/p>\n\n\n\n<p><strong>REDA\u00c7\u00c3O: RADAR 190<\/strong><\/p>\n        <div class=\"booster-block booster-reactions-block\">\n            <div class=\"twp-reactions-icons\">\n                \n                <div class=\"twp-reacts-wrap\">\n                    <a react-data=\"be-react-1\" post-id=\"3027\" class=\"be-face-icons un-reacted\" href=\"javascript:void(0)\">\n                        <img decoding=\"async\" src=\"https:\/\/radar190.com.br\/wp-content\/plugins\/booster-extension\/\/assets\/icon\/happy.svg\" alt=\"Happy\">\n                    <\/a>\n                    <div class=\"twp-reaction-title\">\n                        Happy                    <\/div>\n                    <div class=\"twp-count-percent\">\n                                                    <span style=\"display: none;\" class=\"twp-react-count\">0<\/span>\n                        \n                                                <span class=\"twp-react-percent\"><span>0<\/span> %<\/span>\n                                            <\/div>\n                <\/div>\n\n                <div class=\"twp-reacts-wrap\">\n                    <a react-data=\"be-react-2\" post-id=\"3027\" class=\"be-face-icons un-reacted\" href=\"javascript:void(0)\">\n                        <img decoding=\"async\" src=\"https:\/\/radar190.com.br\/wp-content\/plugins\/booster-extension\/\/assets\/icon\/sad.svg\" alt=\"Sad\">\n                    <\/a>\n                    <div class=\"twp-reaction-title\">\n                        Sad                    <\/div>\n                    <div class=\"twp-count-percent\">\n                                                    <span style=\"display: none;\" class=\"twp-react-count\">0<\/span>\n                                                                        <span class=\"twp-react-percent\"><span>0<\/span> %<\/span>\n                                            <\/div>\n                <\/div>\n\n                <div class=\"twp-reacts-wrap\">\n                    <a react-data=\"be-react-3\" post-id=\"3027\" class=\"be-face-icons un-reacted\" href=\"javascript:void(0)\">\n                        <img decoding=\"async\" src=\"https:\/\/radar190.com.br\/wp-content\/plugins\/booster-extension\/\/assets\/icon\/excited.svg\" alt=\"Excited\">\n                    <\/a>\n                    <div class=\"twp-reaction-title\">\n                        Excited                    <\/div>\n                    <div class=\"twp-count-percent\">\n                                                    <span style=\"display: none;\" class=\"twp-react-count\">0<\/span>\n                                                                        <span class=\"twp-react-percent\"><span>0<\/span> %<\/span>\n                                            <\/div>\n                <\/div>\n\n                <div class=\"twp-reacts-wrap\">\n                    <a react-data=\"be-react-6\" post-id=\"3027\" class=\"be-face-icons un-reacted\" href=\"javascript:void(0)\">\n                        <img decoding=\"async\" src=\"https:\/\/radar190.com.br\/wp-content\/plugins\/booster-extension\/\/assets\/icon\/sleepy.svg\" alt=\"Sleepy\">\n                    <\/a>\n                    <div class=\"twp-reaction-title\">\n                        Sleepy                    <\/div>\n                    <div class=\"twp-count-percent\">\n                                                    <span style=\"display: none;\" class=\"twp-react-count\">0<\/span>\n                        \n                                                <span class=\"twp-react-percent\"><span>0<\/span> %<\/span>\n                                            <\/div>\n                <\/div>\n\n                <div class=\"twp-reacts-wrap\">\n                    <a react-data=\"be-react-4\" post-id=\"3027\" class=\"be-face-icons un-reacted\" href=\"javascript:void(0)\">\n                        <img decoding=\"async\" src=\"https:\/\/radar190.com.br\/wp-content\/plugins\/booster-extension\/\/assets\/icon\/angry.svg\" alt=\"Angry\">\n                    <\/a>\n                    <div class=\"twp-reaction-title\">Angry<\/div>\n                    <div class=\"twp-count-percent\">\n                                                    <span style=\"display: none;\" class=\"twp-react-count\">0<\/span>\n                                                                        <span class=\"twp-react-percent\"><span>0<\/span> %<\/span>\n                        \n                    <\/div>\n                <\/div>\n\n                <div class=\"twp-reacts-wrap\">\n                    <a react-data=\"be-react-5\" post-id=\"3027\" class=\"be-face-icons un-reacted\" href=\"javascript:void(0)\">\n                        <img decoding=\"async\" src=\"https:\/\/radar190.com.br\/wp-content\/plugins\/booster-extension\/\/assets\/icon\/surprise.svg\" alt=\"Surprise\">\n                    <\/a>\n                    <div class=\"twp-reaction-title\">Surprise<\/div>\n                    <div class=\"twp-count-percent\">\n                                                    <span style=\"display: none;\" class=\"twp-react-count\">0<\/span>\n                                                                        <span class=\"twp-react-percent\"><span>0<\/span> %<\/span>\n                                            <\/div>\n                <\/div>\n\n            <\/div>\n        <\/div>\n\n    ","protected":false},"excerpt":{"rendered":"<p>Seguindo determina\u00e7\u00e3o do prefeito Marcos Eron, a Prefeitura de Monte Horebe, por meio da Secretaria Municipal de Agricultura, deu in\u00edcio \u00e0 prepara\u00e7\u00e3o do solo dos pequenos propriet\u00e1rios rurais visando o cultivo da safra agr\u00edcola deste ano. A tarefa desenvolve-se em paralelo ao cadastramento dos benefici\u00e1rios. &nbsp;O trabalho de aragem do [&hellip;]<\/p>\n","protected":false},"author":1,"featured_media":3032,"comment_status":"open","ping_status":"open","sticky":false,"template":"","format":"standard","meta":{"_mi_skip_tracking":false,"_ti_tpc_template_sync":false,"_ti_tpc_template_id":"","_joinchat":[],"footnotes":""},"categories":[5,14,13,1,116,9,18,12,8],"tags":[],"class_list":["post-3027","post","type-post","status-publish","format-standard","has-post-thumbnail","hentry","category-brasil","category-cidades","category-cultural","category-uncategorized","category-editor-picks","category-esporte","category-mundo-brasil","category-paraiba","category-policial"],"_links":{"self":[{"href":"https:\/\/radar190.com.br\/index.php\/wp-json\/wp\/v2\/posts\/3027","targetHints":{"allow":["GET"]}}],"collection":[{"href":"https:\/\/radar190.com.br\/index.php\/wp-json\/wp\/v2\/posts"}],"about":[{"href":"https:\/\/radar190.com.br\/index.php\/wp-json\/wp\/v2\/types\/post"}],"author":[{"embeddable":true,"href":"https:\/\/radar190.com.br\/index.php\/wp-json\/wp\/v2\/users\/1"}],"replies":[{"embeddable":true,"href":"https:\/\/radar190.com.br\/index.php\/wp-json\/wp\/v2\/comments?post=3027"}],"version-history":[{"count":3,"href":"https:\/\/radar190.com.br\/index.php\/wp-json\/wp\/v2\/posts\/3027\/revisions"}],"predecessor-version":[{"id":3033,"href":"https:\/\/radar190.com.br\/index.php\/wp-json\/wp\/v2\/posts\/3027\/revisions\/3033"}],"wp:featuredmedia":[{"embeddable":true,"href":"https:\/\/radar190.com.br\/index.php\/wp-json\/wp\/v2\/media\/3032"}],"wp:attachment":[{"href":"https:\/\/radar190.com.br\/index.php\/wp-json\/wp\/v2\/media?parent=3027"}],"wp:term":[{"taxonomy":"category","embeddable":true,"href":"https:\/\/radar190.com.br\/index.php\/wp-json\/wp\/v2\/categories?post=3027"},{"taxonomy":"post_tag","embeddable":true,"href":"https:\/\/radar190.com.br\/index.php\/wp-json\/wp\/v2\/tags?post=3027"}],"curies":[{"name":"wp","href":"https:\/\/api.w.org\/{rel}","templated":true}]}}