{"id":2965,"date":"2023-12-04T11:55:30","date_gmt":"2023-12-04T14:55:30","guid":{"rendered":"https:\/\/radar190.com.br\/?p=2965"},"modified":"2023-12-04T12:13:59","modified_gmt":"2023-12-04T15:13:59","slug":"prefeito-marcos-eron-inaugura-e-entrega-pacotes-de-obras-na-cidade-e-na-zona-rural-veja-as-obras","status":"publish","type":"post","link":"https:\/\/radar190.com.br\/index.php\/2023\/12\/04\/prefeito-marcos-eron-inaugura-e-entrega-pacotes-de-obras-na-cidade-e-na-zona-rural-veja-as-obras\/","title":{"rendered":"Prefeito Marcos Eron inaugura e entrega pacotes de obras na cidade e na zona rural-Veja as Obras!"},"content":{"rendered":"<div class='booster-block booster-read-block'>\n                <div class=\"twp-read-time\">\n                \t<i class=\"booster-icon twp-clock\"><\/i> <span>Read Time:<\/span>2 Minute, 30 Second                <\/div>\n\n            <\/div>\n<p>A Prefeitura de Monte Horebe faz entregas de uns grandes pacotes de obras \u00e0 popula\u00e7\u00e3o, em Esporte, Agua e infraestrutura e muito mais-VEJA.<\/p>\n\n\n\n<p>Inaugura\u00e7\u00e3o do Gin\u00e1sio Poliesportivo Completo no S\u00edtio Capim, em comemora\u00e7\u00e3o aos 62 Anos de Emancipa\u00e7\u00e3o Pol\u00edtica de Monte Horebe.<\/p>\n\n\n\n<p>A Prefeitura de Monte Horebe deu continuidade \u00e0s comemora\u00e7\u00f5es de anivers\u00e1rio de Emancipa\u00e7\u00e3o Pol\u00edtica com a inaugura\u00e7\u00e3o do Gin\u00e1sio Poliesportivo no S\u00edtio Capim, constru\u00eddo com Recursos Pr\u00f3prios do munic\u00edpio, em um valor de aproximadamente 650.000,00(Seiscentos e Cinquenta Mil Reais). O evento contou com a participa\u00e7\u00e3o da comunidade local, autoridades e a realiza\u00e7\u00e3o de um quadrangular esportivo. O time &#8220;Faixa de Gaza&#8221; conquistou o primeiro lugar no torneio de futebol de sal\u00e3o, seguido pelo time do S\u00edtio Serrote em segundo lugar. Parab\u00e9ns a todos os envolvidos!<\/p>\n\n\n\n<figure class=\"wp-block-image size-medium is-resized\"><img loading=\"lazy\" decoding=\"async\" width=\"300\" height=\"225\" src=\"https:\/\/radar190.com.br\/wp-content\/uploads\/2023\/12\/image-300x225.png\" alt=\"\" class=\"wp-image-2966\" style=\"width:500px\" srcset=\"https:\/\/radar190.com.br\/wp-content\/uploads\/2023\/12\/image-300x225.png 300w, https:\/\/radar190.com.br\/wp-content\/uploads\/2023\/12\/image-1024x769.png 1024w, https:\/\/radar190.com.br\/wp-content\/uploads\/2023\/12\/image-768x577.png 768w, https:\/\/radar190.com.br\/wp-content\/uploads\/2023\/12\/image.png 1280w\" sizes=\"auto, (max-width: 300px) 100vw, 300px\" \/><\/figure>\n\n\n\n<p>Mais Obra conclu\u00edda: ABASTECIMENTO D,\u00c1GUA no S\u00cdTIO BOA VISTA.<\/p>\n\n\n\n<p>No \u00faltimo s\u00e1bado, 02\/12\/2023, um momento de grande emo\u00e7\u00e3o e felicidade marcou a entrega do sistema de abastecimento de \u00e1gua no S\u00edtio Boa Vista. O Prefeito Marcos Eron, acompanhado de sua equipe gestora e da C\u00e2mara de Vereadores, concretizou um sonho antigo das fam\u00edlias que residem nessa comunidade do munic\u00edpio de Monte Horebe. Ap\u00f3s d\u00e9cadas de espera, finalmente o acesso a esse recurso essencial se tornou uma realidade tang\u00edvel. Durante o evento, a alegria dos moradores beneficiados era vis\u00edvel e contagiante. Essa obra representa um importante passo para melhorar a qualidade de vida de toda a comunidade, garantindo-lhes um abastecimento de \u00e1gua seguro e confi\u00e1vel. Al\u00e9m disso, essa realiza\u00e7\u00e3o se alinha perfeitamente com as festividades da Emancipa\u00e7\u00e3o Pol\u00edtica de Monte Horebe, que celebrar\u00e1 seus 62 anos no pr\u00f3ximo dia 05 de dezembro de 2023. Monte Horebe-Cidade Educadora. Nada vence o trabalho, na dire\u00e7\u00e3o de Deus.<\/p>\n\n\n\n<figure class=\"wp-block-image size-full\"><img loading=\"lazy\" decoding=\"async\" width=\"497\" height=\"472\" src=\"https:\/\/radar190.com.br\/wp-content\/uploads\/2023\/12\/image-1.png\" alt=\"\" class=\"wp-image-2967\" srcset=\"https:\/\/radar190.com.br\/wp-content\/uploads\/2023\/12\/image-1.png 497w, https:\/\/radar190.com.br\/wp-content\/uploads\/2023\/12\/image-1-300x285.png 300w\" sizes=\"auto, (max-width: 497px) 100vw, 497px\" \/><\/figure>\n\n\n\n<p>Mais obra INAUGURADA em grande estilo. Malha Asf\u00e1ltica de v\u00e1rias ruas em Monte Horebe.<\/p>\n\n\n\n<p>Na noite deste domingo, 3 de dezembro de 2023, ocorreu uma Sess\u00e3o Solene da C\u00e2mara de Vereadores em Monte Horebe. Durante a cerim\u00f4nia, v\u00e1rias pessoas foram homenageadas com o T\u00edtulo de Cidad\u00e3o Horebense por prestarem relevantes servi\u00e7os ao munic\u00edpio. O Prefeito Marcos, acompanhado do Deputado Federal Hugo Mota, do Deputado Estadual Dr. Taciano Diniz, da C\u00e2mara de Vereadores, equipe gestora e diversas autoridades pol\u00edticas da regi\u00e3o, inauguraram a t\u00e3o sonhada malha asf\u00e1ltica de v\u00e1rias ruas da cidade. Os recursos de aproximadamente 3.000.000,00(Tr\u00eas milh\u00f5es de reais) foram de conv\u00eanio com Governo Federal, atrav\u00e9s do Deputado Federal Hugo Mota. O evento foi marcado por um grandioso churrasco para toda a popula\u00e7\u00e3o horebense e convidados.<\/p>\n\n\n\n<figure class=\"wp-block-image size-full is-resized\"><img loading=\"lazy\" decoding=\"async\" width=\"819\" height=\"1024\" src=\"https:\/\/radar190.com.br\/wp-content\/uploads\/2023\/12\/image-2.png\" alt=\"\" class=\"wp-image-2969\" style=\"width:500px\" srcset=\"https:\/\/radar190.com.br\/wp-content\/uploads\/2023\/12\/image-2.png 819w, https:\/\/radar190.com.br\/wp-content\/uploads\/2023\/12\/image-2-240x300.png 240w, https:\/\/radar190.com.br\/wp-content\/uploads\/2023\/12\/image-2-768x960.png 768w\" sizes=\"auto, (max-width: 819px) 100vw, 819px\" \/><\/figure>\n\n\n\n<p>Prefeito Marcos Eron de Monte Horebe entrega pavimenta\u00e7\u00e3o em cal\u00e7amento no Distrito de Santa F\u00e9<\/p>\n\n\n\n<p>Na tarde desta sexta-feira (02\/12), moradores do distrito de Santa F\u00e9 receberam mais uma obra concebida com recursos da pr\u00f3pria Prefeitura de Monte Horebe.<\/p>\n\n\n\n<p>A solenidade aconteceu em Frente \u00e0 Escola Municipal, que contou com a presen\u00e7a dos vereadores e Ex-Vereadores, Prefeito Marcos Eron, do secret\u00e1rio de Obras Samy lideran\u00e7as do Munic\u00edpio, moradores e l\u00edderes comunit\u00e1rios comemoraram a conquista dos Cal\u00e7amentos.<\/p>\n\n\n\n<figure class=\"wp-block-image size-full\"><img loading=\"lazy\" decoding=\"async\" width=\"493\" height=\"500\" src=\"https:\/\/radar190.com.br\/wp-content\/uploads\/2023\/12\/image-3.png\" alt=\"\" class=\"wp-image-2974\" srcset=\"https:\/\/radar190.com.br\/wp-content\/uploads\/2023\/12\/image-3.png 493w, https:\/\/radar190.com.br\/wp-content\/uploads\/2023\/12\/image-3-296x300.png 296w\" sizes=\"auto, (max-width: 493px) 100vw, 493px\" \/><\/figure>\n        <div class=\"booster-block booster-reactions-block\">\n            <div class=\"twp-reactions-icons\">\n                \n                <div class=\"twp-reacts-wrap\">\n                    <a react-data=\"be-react-1\" post-id=\"2965\" class=\"be-face-icons un-reacted\" href=\"javascript:void(0)\">\n                        <img decoding=\"async\" src=\"https:\/\/radar190.com.br\/wp-content\/plugins\/booster-extension\/\/assets\/icon\/happy.svg\" alt=\"Happy\">\n                    <\/a>\n                    <div class=\"twp-reaction-title\">\n                        Happy                    <\/div>\n                    <div class=\"twp-count-percent\">\n                                                    <span style=\"display: none;\" class=\"twp-react-count\">0<\/span>\n                        \n                                                <span class=\"twp-react-percent\"><span>0<\/span> %<\/span>\n                                            <\/div>\n                <\/div>\n\n                <div class=\"twp-reacts-wrap\">\n                    <a react-data=\"be-react-2\" post-id=\"2965\" class=\"be-face-icons un-reacted\" href=\"javascript:void(0)\">\n                        <img decoding=\"async\" src=\"https:\/\/radar190.com.br\/wp-content\/plugins\/booster-extension\/\/assets\/icon\/sad.svg\" alt=\"Sad\">\n                    <\/a>\n                    <div class=\"twp-reaction-title\">\n                        Sad                    <\/div>\n                    <div class=\"twp-count-percent\">\n                                                    <span style=\"display: none;\" class=\"twp-react-count\">0<\/span>\n                                                                        <span class=\"twp-react-percent\"><span>0<\/span> %<\/span>\n                                            <\/div>\n                <\/div>\n\n                <div class=\"twp-reacts-wrap\">\n                    <a react-data=\"be-react-3\" post-id=\"2965\" class=\"be-face-icons un-reacted\" href=\"javascript:void(0)\">\n                        <img decoding=\"async\" src=\"https:\/\/radar190.com.br\/wp-content\/plugins\/booster-extension\/\/assets\/icon\/excited.svg\" alt=\"Excited\">\n                    <\/a>\n                    <div class=\"twp-reaction-title\">\n                        Excited                    <\/div>\n                    <div class=\"twp-count-percent\">\n                                                    <span style=\"display: none;\" class=\"twp-react-count\">0<\/span>\n                                                                        <span class=\"twp-react-percent\"><span>0<\/span> %<\/span>\n                                            <\/div>\n                <\/div>\n\n                <div class=\"twp-reacts-wrap\">\n                    <a react-data=\"be-react-6\" post-id=\"2965\" class=\"be-face-icons un-reacted\" href=\"javascript:void(0)\">\n                        <img decoding=\"async\" src=\"https:\/\/radar190.com.br\/wp-content\/plugins\/booster-extension\/\/assets\/icon\/sleepy.svg\" alt=\"Sleepy\">\n                    <\/a>\n                    <div class=\"twp-reaction-title\">\n                        Sleepy                    <\/div>\n                    <div class=\"twp-count-percent\">\n                                                    <span style=\"display: none;\" class=\"twp-react-count\">0<\/span>\n                        \n                                                <span class=\"twp-react-percent\"><span>0<\/span> %<\/span>\n                                            <\/div>\n                <\/div>\n\n                <div class=\"twp-reacts-wrap\">\n                    <a react-data=\"be-react-4\" post-id=\"2965\" class=\"be-face-icons un-reacted\" href=\"javascript:void(0)\">\n                        <img decoding=\"async\" src=\"https:\/\/radar190.com.br\/wp-content\/plugins\/booster-extension\/\/assets\/icon\/angry.svg\" alt=\"Angry\">\n                    <\/a>\n                    <div class=\"twp-reaction-title\">Angry<\/div>\n                    <div class=\"twp-count-percent\">\n                                                    <span style=\"display: none;\" class=\"twp-react-count\">0<\/span>\n                                                                        <span class=\"twp-react-percent\"><span>0<\/span> %<\/span>\n                        \n                    <\/div>\n                <\/div>\n\n                <div class=\"twp-reacts-wrap\">\n                    <a react-data=\"be-react-5\" post-id=\"2965\" class=\"be-face-icons un-reacted\" href=\"javascript:void(0)\">\n                        <img decoding=\"async\" src=\"https:\/\/radar190.com.br\/wp-content\/plugins\/booster-extension\/\/assets\/icon\/surprise.svg\" alt=\"Surprise\">\n                    <\/a>\n                    <div class=\"twp-reaction-title\">Surprise<\/div>\n                    <div class=\"twp-count-percent\">\n                                                    <span style=\"display: none;\" class=\"twp-react-count\">0<\/span>\n                                                                        <span class=\"twp-react-percent\"><span>0<\/span> %<\/span>\n                                            <\/div>\n                <\/div>\n\n            <\/div>\n        <\/div>\n\n    ","protected":false},"excerpt":{"rendered":"<p>A Prefeitura de Monte Horebe faz entregas de uns grandes pacotes de obras \u00e0 popula\u00e7\u00e3o, em Esporte, Agua e infraestrutura e muito mais-VEJA. Inaugura\u00e7\u00e3o do Gin\u00e1sio Poliesportivo Completo no S\u00edtio Capim, em comemora\u00e7\u00e3o aos 62 Anos de Emancipa\u00e7\u00e3o Pol\u00edtica de Monte Horebe. A Prefeitura de Monte Horebe deu continuidade \u00e0s [&hellip;]<\/p>\n","protected":false},"author":1,"featured_media":2972,"comment_status":"open","ping_status":"open","sticky":false,"template":"","format":"standard","meta":{"_mi_skip_tracking":false,"_ti_tpc_template_sync":false,"_ti_tpc_template_id":"","_joinchat":[],"footnotes":""},"categories":[5,14,13,1,116,9,18,12,8],"tags":[],"class_list":["post-2965","post","type-post","status-publish","format-standard","has-post-thumbnail","hentry","category-brasil","category-cidades","category-cultural","category-uncategorized","category-editor-picks","category-esporte","category-mundo-brasil","category-paraiba","category-policial"],"_links":{"self":[{"href":"https:\/\/radar190.com.br\/index.php\/wp-json\/wp\/v2\/posts\/2965","targetHints":{"allow":["GET"]}}],"collection":[{"href":"https:\/\/radar190.com.br\/index.php\/wp-json\/wp\/v2\/posts"}],"about":[{"href":"https:\/\/radar190.com.br\/index.php\/wp-json\/wp\/v2\/types\/post"}],"author":[{"embeddable":true,"href":"https:\/\/radar190.com.br\/index.php\/wp-json\/wp\/v2\/users\/1"}],"replies":[{"embeddable":true,"href":"https:\/\/radar190.com.br\/index.php\/wp-json\/wp\/v2\/comments?post=2965"}],"version-history":[{"count":4,"href":"https:\/\/radar190.com.br\/index.php\/wp-json\/wp\/v2\/posts\/2965\/revisions"}],"predecessor-version":[{"id":2975,"href":"https:\/\/radar190.com.br\/index.php\/wp-json\/wp\/v2\/posts\/2965\/revisions\/2975"}],"wp:featuredmedia":[{"embeddable":true,"href":"https:\/\/radar190.com.br\/index.php\/wp-json\/wp\/v2\/media\/2972"}],"wp:attachment":[{"href":"https:\/\/radar190.com.br\/index.php\/wp-json\/wp\/v2\/media?parent=2965"}],"wp:term":[{"taxonomy":"category","embeddable":true,"href":"https:\/\/radar190.com.br\/index.php\/wp-json\/wp\/v2\/categories?post=2965"},{"taxonomy":"post_tag","embeddable":true,"href":"https:\/\/radar190.com.br\/index.php\/wp-json\/wp\/v2\/tags?post=2965"}],"curies":[{"name":"wp","href":"https:\/\/api.w.org\/{rel}","templated":true}]}}