{"id":2930,"date":"2023-11-27T07:18:01","date_gmt":"2023-11-27T10:18:01","guid":{"rendered":"https:\/\/radar190.com.br\/?p=2930"},"modified":"2023-11-27T07:20:05","modified_gmt":"2023-11-27T10:20:05","slug":"prefeitura-de-monte-horebe-lanca-oficialmente-programacao-dos-62-anos-de-emancipacao-politica-com-entrega-de-cartao-bolsa-progresso-no-valor-de-r-30000trezentos-reais-veja","status":"publish","type":"post","link":"https:\/\/radar190.com.br\/index.php\/2023\/11\/27\/prefeitura-de-monte-horebe-lanca-oficialmente-programacao-dos-62-anos-de-emancipacao-politica-com-entrega-de-cartao-bolsa-progresso-no-valor-de-r-30000trezentos-reais-veja\/","title":{"rendered":"Prefeitura de Monte Horebe lan\u00e7a oficialmente programa\u00e7\u00e3o dos 62 anos de emancipa\u00e7\u00e3o pol\u00edtica com entrega de Cart\u00e3o Bolsa Progresso no valor de R$ 300,00(Trezentos Reais); VEJA."},"content":{"rendered":"<div class='booster-block booster-read-block'>\n                <div class=\"twp-read-time\">\n                \t<i class=\"booster-icon twp-clock\"><\/i> <span>Read Time:<\/span>1 Minute, 8 Second                <\/div>\n\n            <\/div>\n<p>Atrav\u00e9s da secretaria de a\u00e7\u00e3o social, liderada pela competente secret\u00e1ria Claudiana Alves, v\u00e1rias fam\u00edlias foram contempladas com esse programa que oferece um aux\u00edlio por pessoa com defici\u00eancia.<\/p>\n\n\n\n<p>Considerada a \u2018\u2018Su\u00ed\u00e7a Sertaneja\u2019\u2019 a cidade de Monte vai celebrar 62 anos de emancipa\u00e7\u00e3o pol\u00edtica. Pensando nisso, a Gest\u00e3o Municipal preparou uma programa\u00e7\u00e3o repleta de atividades para toda a popula\u00e7\u00e3o, que vai do dia 27 de novembro at\u00e9 05 de dezembro.<\/p>\n\n\n\n<p>O prefeito Marcos Eron deu in\u00edcio \u00e0 programa\u00e7\u00e3o na \u00faltima sexta-feira (26) com um gesto significativo: A entrega dos Cart\u00f5es Bolsa Progresso, Fam\u00edlias pela Inclus\u00e3o. Atrav\u00e9s da secretaria de a\u00e7\u00e3o social, liderada pela competente secret\u00e1ria Claudiana Alves, v\u00e1rias fam\u00edlias foram contempladas com esse programa que oferece um aux\u00edlio no valor de R$ 300,00 por pessoa com defici\u00eancia.<\/p>\n\n\n\n<figure class=\"wp-block-image size-full\"><img loading=\"lazy\" decoding=\"async\" width=\"300\" height=\"225\" src=\"https:\/\/radar190.com.br\/wp-content\/uploads\/2023\/11\/image-9.png\" alt=\"\" class=\"wp-image-2931\"\/><\/figure>\n\n\n\n<p>Durante a coletiva de imprensa, emocionantes depoimentos das m\u00e3es das pessoas com defici\u00eancia tocaram o cora\u00e7\u00e3o do p\u00fablico presente, demonstrando o cuidado, amor e carinho proporcionados pela gest\u00e3o do Prefeito Marcos Eron, da Secret\u00e1ria Claudiana Alves e demais Secretarias integradas, para com as fam\u00edlias e pessoas com defici\u00eancia. Essa iniciativa refor\u00e7a o compromisso da administra\u00e7\u00e3o municipal em promover a inclus\u00e3o e melhorar a qualidade de vida de todos os cidad\u00e3os de Monte Horebe.<\/p>\n\n\n\n<p>O anivers\u00e1rio da cidade \u00e9 no dia 05 de dezembro, mas as festividades se iniciam na segunda-feira (27\/11) com abertura da V Semana do Beb\u00ea.<\/p>\n\n\n\n<figure class=\"wp-block-image size-large\"><img loading=\"lazy\" decoding=\"async\" width=\"1024\" height=\"724\" src=\"https:\/\/radar190.com.br\/wp-content\/uploads\/2023\/11\/image-10-1024x724.png\" alt=\"\" class=\"wp-image-2933\" srcset=\"https:\/\/radar190.com.br\/wp-content\/uploads\/2023\/11\/image-10-1024x724.png 1024w, https:\/\/radar190.com.br\/wp-content\/uploads\/2023\/11\/image-10-300x212.png 300w, https:\/\/radar190.com.br\/wp-content\/uploads\/2023\/11\/image-10-768x543.png 768w, https:\/\/radar190.com.br\/wp-content\/uploads\/2023\/11\/image-10-1536x1086.png 1536w, https:\/\/radar190.com.br\/wp-content\/uploads\/2023\/11\/image-10.png 1600w\" sizes=\"auto, (max-width: 1024px) 100vw, 1024px\" \/><\/figure>\n        <div class=\"booster-block booster-reactions-block\">\n            <div class=\"twp-reactions-icons\">\n                \n                <div class=\"twp-reacts-wrap\">\n                    <a react-data=\"be-react-1\" post-id=\"2930\" class=\"be-face-icons un-reacted\" href=\"javascript:void(0)\">\n                        <img decoding=\"async\" src=\"https:\/\/radar190.com.br\/wp-content\/plugins\/booster-extension\/\/assets\/icon\/happy.svg\" alt=\"Happy\">\n                    <\/a>\n                    <div class=\"twp-reaction-title\">\n                        Happy                    <\/div>\n                    <div class=\"twp-count-percent\">\n                                                    <span style=\"display: none;\" class=\"twp-react-count\">0<\/span>\n                        \n                                                <span class=\"twp-react-percent\"><span>0<\/span> %<\/span>\n                                            <\/div>\n                <\/div>\n\n                <div class=\"twp-reacts-wrap\">\n                    <a react-data=\"be-react-2\" post-id=\"2930\" class=\"be-face-icons un-reacted\" href=\"javascript:void(0)\">\n                        <img decoding=\"async\" src=\"https:\/\/radar190.com.br\/wp-content\/plugins\/booster-extension\/\/assets\/icon\/sad.svg\" alt=\"Sad\">\n                    <\/a>\n                    <div class=\"twp-reaction-title\">\n                        Sad                    <\/div>\n                    <div class=\"twp-count-percent\">\n                                                    <span style=\"display: none;\" class=\"twp-react-count\">0<\/span>\n                                                                        <span class=\"twp-react-percent\"><span>0<\/span> %<\/span>\n                                            <\/div>\n                <\/div>\n\n                <div class=\"twp-reacts-wrap\">\n                    <a react-data=\"be-react-3\" post-id=\"2930\" class=\"be-face-icons un-reacted\" href=\"javascript:void(0)\">\n                        <img decoding=\"async\" src=\"https:\/\/radar190.com.br\/wp-content\/plugins\/booster-extension\/\/assets\/icon\/excited.svg\" alt=\"Excited\">\n                    <\/a>\n                    <div class=\"twp-reaction-title\">\n                        Excited                    <\/div>\n                    <div class=\"twp-count-percent\">\n                                                    <span style=\"display: none;\" class=\"twp-react-count\">0<\/span>\n                                                                        <span class=\"twp-react-percent\"><span>0<\/span> %<\/span>\n                                            <\/div>\n                <\/div>\n\n                <div class=\"twp-reacts-wrap\">\n                    <a react-data=\"be-react-6\" post-id=\"2930\" class=\"be-face-icons un-reacted\" href=\"javascript:void(0)\">\n                        <img decoding=\"async\" src=\"https:\/\/radar190.com.br\/wp-content\/plugins\/booster-extension\/\/assets\/icon\/sleepy.svg\" alt=\"Sleepy\">\n                    <\/a>\n                    <div class=\"twp-reaction-title\">\n                        Sleepy                    <\/div>\n                    <div class=\"twp-count-percent\">\n                                                    <span style=\"display: none;\" class=\"twp-react-count\">0<\/span>\n                        \n                                                <span class=\"twp-react-percent\"><span>0<\/span> %<\/span>\n                                            <\/div>\n                <\/div>\n\n                <div class=\"twp-reacts-wrap\">\n                    <a react-data=\"be-react-4\" post-id=\"2930\" class=\"be-face-icons un-reacted\" href=\"javascript:void(0)\">\n                        <img decoding=\"async\" src=\"https:\/\/radar190.com.br\/wp-content\/plugins\/booster-extension\/\/assets\/icon\/angry.svg\" alt=\"Angry\">\n                    <\/a>\n                    <div class=\"twp-reaction-title\">Angry<\/div>\n                    <div class=\"twp-count-percent\">\n                                                    <span style=\"display: none;\" class=\"twp-react-count\">0<\/span>\n                                                                        <span class=\"twp-react-percent\"><span>0<\/span> %<\/span>\n                        \n                    <\/div>\n                <\/div>\n\n                <div class=\"twp-reacts-wrap\">\n                    <a react-data=\"be-react-5\" post-id=\"2930\" class=\"be-face-icons un-reacted\" href=\"javascript:void(0)\">\n                        <img decoding=\"async\" src=\"https:\/\/radar190.com.br\/wp-content\/plugins\/booster-extension\/\/assets\/icon\/surprise.svg\" alt=\"Surprise\">\n                    <\/a>\n                    <div class=\"twp-reaction-title\">Surprise<\/div>\n                    <div class=\"twp-count-percent\">\n                                                    <span style=\"display: none;\" class=\"twp-react-count\">0<\/span>\n                                                                        <span class=\"twp-react-percent\"><span>0<\/span> %<\/span>\n                                            <\/div>\n                <\/div>\n\n            <\/div>\n        <\/div>\n\n    ","protected":false},"excerpt":{"rendered":"<p>Atrav\u00e9s da secretaria de a\u00e7\u00e3o social, liderada pela competente secret\u00e1ria Claudiana Alves, v\u00e1rias fam\u00edlias foram contempladas com esse programa que oferece um aux\u00edlio por pessoa com defici\u00eancia. Considerada a \u2018\u2018Su\u00ed\u00e7a Sertaneja\u2019\u2019 a cidade de Monte vai celebrar 62 anos de emancipa\u00e7\u00e3o pol\u00edtica. Pensando nisso, a Gest\u00e3o Municipal preparou uma programa\u00e7\u00e3o [&hellip;]<\/p>\n","protected":false},"author":1,"featured_media":2936,"comment_status":"open","ping_status":"open","sticky":false,"template":"","format":"standard","meta":{"_mi_skip_tracking":false,"_ti_tpc_template_sync":false,"_ti_tpc_template_id":"","_joinchat":[],"footnotes":""},"categories":[5,14,13,1,9,18,12,8],"tags":[],"class_list":["post-2930","post","type-post","status-publish","format-standard","has-post-thumbnail","hentry","category-brasil","category-cidades","category-cultural","category-uncategorized","category-esporte","category-mundo-brasil","category-paraiba","category-policial"],"_links":{"self":[{"href":"https:\/\/radar190.com.br\/index.php\/wp-json\/wp\/v2\/posts\/2930","targetHints":{"allow":["GET"]}}],"collection":[{"href":"https:\/\/radar190.com.br\/index.php\/wp-json\/wp\/v2\/posts"}],"about":[{"href":"https:\/\/radar190.com.br\/index.php\/wp-json\/wp\/v2\/types\/post"}],"author":[{"embeddable":true,"href":"https:\/\/radar190.com.br\/index.php\/wp-json\/wp\/v2\/users\/1"}],"replies":[{"embeddable":true,"href":"https:\/\/radar190.com.br\/index.php\/wp-json\/wp\/v2\/comments?post=2930"}],"version-history":[{"count":2,"href":"https:\/\/radar190.com.br\/index.php\/wp-json\/wp\/v2\/posts\/2930\/revisions"}],"predecessor-version":[{"id":2935,"href":"https:\/\/radar190.com.br\/index.php\/wp-json\/wp\/v2\/posts\/2930\/revisions\/2935"}],"wp:featuredmedia":[{"embeddable":true,"href":"https:\/\/radar190.com.br\/index.php\/wp-json\/wp\/v2\/media\/2936"}],"wp:attachment":[{"href":"https:\/\/radar190.com.br\/index.php\/wp-json\/wp\/v2\/media?parent=2930"}],"wp:term":[{"taxonomy":"category","embeddable":true,"href":"https:\/\/radar190.com.br\/index.php\/wp-json\/wp\/v2\/categories?post=2930"},{"taxonomy":"post_tag","embeddable":true,"href":"https:\/\/radar190.com.br\/index.php\/wp-json\/wp\/v2\/tags?post=2930"}],"curies":[{"name":"wp","href":"https:\/\/api.w.org\/{rel}","templated":true}]}}