{"id":2911,"date":"2023-11-24T10:13:12","date_gmt":"2023-11-24T13:13:12","guid":{"rendered":"https:\/\/radar190.com.br\/?p=2911"},"modified":"2023-11-24T10:14:33","modified_gmt":"2023-11-24T13:14:33","slug":"prefeito-marcos-eron-anuncia-programacao-de-aniversario-dos-62-anos-de-emancipacao-politica-de-monte-horebe-veja-programacao","status":"publish","type":"post","link":"https:\/\/radar190.com.br\/index.php\/2023\/11\/24\/prefeito-marcos-eron-anuncia-programacao-de-aniversario-dos-62-anos-de-emancipacao-politica-de-monte-horebe-veja-programacao\/","title":{"rendered":"Prefeito Marcos Eron anuncia programa\u00e7\u00e3o de anivers\u00e1rio dos 62 anos de emancipa\u00e7\u00e3o pol\u00edtica de Monte Horebe; VEJA PROGRAMA\u00c7\u00c3O"},"content":{"rendered":"<div class='booster-block booster-read-block'>\n                <div class=\"twp-read-time\">\n                \t<i class=\"booster-icon twp-clock\"><\/i> <span>Read Time:<\/span>49 Second                <\/div>\n\n            <\/div>\n<h2 class=\"wp-block-heading\">O gestor j\u00e1 adiantou que no dia 02 de dezembro est\u00e3o confirmadas as presen\u00e7as dos senadores Venezianas e Efraim Filho, al\u00e9m dos deputados Hugo Motta e Dr. Taciano Diniz e lideran\u00e7as pol\u00edticas regionais.<\/h2>\n\n\n\n<figure class=\"wp-block-image size-full\"><img loading=\"lazy\" decoding=\"async\" width=\"407\" height=\"347\" src=\"https:\/\/radar190.com.br\/wp-content\/uploads\/2023\/11\/403714204_242829608813012_6406478258215565286_n.jpg\" alt=\"\" class=\"wp-image-2915\" srcset=\"https:\/\/radar190.com.br\/wp-content\/uploads\/2023\/11\/403714204_242829608813012_6406478258215565286_n.jpg 407w, https:\/\/radar190.com.br\/wp-content\/uploads\/2023\/11\/403714204_242829608813012_6406478258215565286_n-300x256.jpg 300w\" sizes=\"auto, (max-width: 407px) 100vw, 407px\" \/><\/figure>\n\n\n\n<p>O prefeito de Monte Horebe, Marcos Eron, divulgou na \u00faltima segunda-feira (20), a grade de programa\u00e7\u00e3o das festividades de anivers\u00e1rio dos 62 anos de emancipa\u00e7\u00e3o pol\u00edtica-administrativa do munic\u00edpio, que ser\u00e1 comemorada no dia (02) de dezembro.<\/p>\n\n\n\n<p>O calend\u00e1rio tem in\u00edcio no pr\u00f3ximo s\u00e1bado dia (25) com uma coletiva de imprensa e solenidade de entrega dos cart\u00f5es do programa de renda \u2018\u2018Bolsa Progresso\u2019\u2019 para fam\u00edlias de pessoas com defici\u00eancia ou transtornos do espectro autista \u2013 Projeto \u2018\u2018Fam\u00edlias Pela Inclus\u00e3o\u2019\u2019. Ainda ser\u00e1 realizada a entrega de kits de materiais pedag\u00f3gicos acess\u00edveis para a educa\u00e7\u00e3o inclusiva.<\/p>\n\n\n\n<p>O gestor j\u00e1 adiantou que no dia 02 de dezembro est\u00e3o confirmadas as presen\u00e7as dos senadores Veneziano e Efraim Filho, al\u00e9m dos deputados Hugo Motta e Dr. Taciano Diniz e lideran\u00e7as pol\u00edticas regionais.<\/p>\n\n\n\n<p><strong>CONFIRA PROGRAMA\u00c7\u00c3O COMPLETA<\/strong><\/p>\n\n\n\n<figure class=\"wp-block-image size-large\"><img loading=\"lazy\" decoding=\"async\" width=\"1024\" height=\"724\" src=\"https:\/\/radar190.com.br\/wp-content\/uploads\/2023\/11\/image-5-1024x724.png\" alt=\"\" class=\"wp-image-2912\" srcset=\"https:\/\/radar190.com.br\/wp-content\/uploads\/2023\/11\/image-5-1024x724.png 1024w, https:\/\/radar190.com.br\/wp-content\/uploads\/2023\/11\/image-5-300x212.png 300w, https:\/\/radar190.com.br\/wp-content\/uploads\/2023\/11\/image-5-768x543.png 768w, https:\/\/radar190.com.br\/wp-content\/uploads\/2023\/11\/image-5-1536x1086.png 1536w, https:\/\/radar190.com.br\/wp-content\/uploads\/2023\/11\/image-5.png 1600w\" sizes=\"auto, (max-width: 1024px) 100vw, 1024px\" \/><\/figure>\n        <div class=\"booster-block booster-reactions-block\">\n            <div class=\"twp-reactions-icons\">\n                \n                <div class=\"twp-reacts-wrap\">\n                    <a react-data=\"be-react-1\" post-id=\"2911\" class=\"be-face-icons un-reacted\" href=\"javascript:void(0)\">\n                        <img decoding=\"async\" src=\"https:\/\/radar190.com.br\/wp-content\/plugins\/booster-extension\/\/assets\/icon\/happy.svg\" alt=\"Happy\">\n                    <\/a>\n                    <div class=\"twp-reaction-title\">\n                        Happy                    <\/div>\n                    <div class=\"twp-count-percent\">\n                                                    <span style=\"display: none;\" class=\"twp-react-count\">0<\/span>\n                        \n                                                <span class=\"twp-react-percent\"><span>0<\/span> %<\/span>\n                                            <\/div>\n                <\/div>\n\n                <div class=\"twp-reacts-wrap\">\n                    <a react-data=\"be-react-2\" post-id=\"2911\" class=\"be-face-icons un-reacted\" href=\"javascript:void(0)\">\n                        <img decoding=\"async\" src=\"https:\/\/radar190.com.br\/wp-content\/plugins\/booster-extension\/\/assets\/icon\/sad.svg\" alt=\"Sad\">\n                    <\/a>\n                    <div class=\"twp-reaction-title\">\n                        Sad                    <\/div>\n                    <div class=\"twp-count-percent\">\n                                                    <span style=\"display: none;\" class=\"twp-react-count\">0<\/span>\n                                                                        <span class=\"twp-react-percent\"><span>0<\/span> %<\/span>\n                                            <\/div>\n                <\/div>\n\n                <div class=\"twp-reacts-wrap\">\n                    <a react-data=\"be-react-3\" post-id=\"2911\" class=\"be-face-icons un-reacted\" href=\"javascript:void(0)\">\n                        <img decoding=\"async\" src=\"https:\/\/radar190.com.br\/wp-content\/plugins\/booster-extension\/\/assets\/icon\/excited.svg\" alt=\"Excited\">\n                    <\/a>\n                    <div class=\"twp-reaction-title\">\n                        Excited                    <\/div>\n                    <div class=\"twp-count-percent\">\n                                                    <span style=\"display: none;\" class=\"twp-react-count\">0<\/span>\n                                                                        <span class=\"twp-react-percent\"><span>0<\/span> %<\/span>\n                                            <\/div>\n                <\/div>\n\n                <div class=\"twp-reacts-wrap\">\n                    <a react-data=\"be-react-6\" post-id=\"2911\" class=\"be-face-icons un-reacted\" href=\"javascript:void(0)\">\n                        <img decoding=\"async\" src=\"https:\/\/radar190.com.br\/wp-content\/plugins\/booster-extension\/\/assets\/icon\/sleepy.svg\" alt=\"Sleepy\">\n                    <\/a>\n                    <div class=\"twp-reaction-title\">\n                        Sleepy                    <\/div>\n                    <div class=\"twp-count-percent\">\n                                                    <span style=\"display: none;\" class=\"twp-react-count\">0<\/span>\n                        \n                                                <span class=\"twp-react-percent\"><span>0<\/span> %<\/span>\n                                            <\/div>\n                <\/div>\n\n                <div class=\"twp-reacts-wrap\">\n                    <a react-data=\"be-react-4\" post-id=\"2911\" class=\"be-face-icons un-reacted\" href=\"javascript:void(0)\">\n                        <img decoding=\"async\" src=\"https:\/\/radar190.com.br\/wp-content\/plugins\/booster-extension\/\/assets\/icon\/angry.svg\" alt=\"Angry\">\n                    <\/a>\n                    <div class=\"twp-reaction-title\">Angry<\/div>\n                    <div class=\"twp-count-percent\">\n                                                    <span style=\"display: none;\" class=\"twp-react-count\">0<\/span>\n                                                                        <span class=\"twp-react-percent\"><span>0<\/span> %<\/span>\n                        \n                    <\/div>\n                <\/div>\n\n                <div class=\"twp-reacts-wrap\">\n                    <a react-data=\"be-react-5\" post-id=\"2911\" class=\"be-face-icons un-reacted\" href=\"javascript:void(0)\">\n                        <img decoding=\"async\" src=\"https:\/\/radar190.com.br\/wp-content\/plugins\/booster-extension\/\/assets\/icon\/surprise.svg\" alt=\"Surprise\">\n                    <\/a>\n                    <div class=\"twp-reaction-title\">Surprise<\/div>\n                    <div class=\"twp-count-percent\">\n                                                    <span style=\"display: none;\" class=\"twp-react-count\">0<\/span>\n                                                                        <span class=\"twp-react-percent\"><span>0<\/span> %<\/span>\n                                            <\/div>\n                <\/div>\n\n            <\/div>\n        <\/div>\n\n    ","protected":false},"excerpt":{"rendered":"<p>O gestor j\u00e1 adiantou que no dia 02 de dezembro est\u00e3o confirmadas as presen\u00e7as dos senadores Venezianas e Efraim Filho, al\u00e9m dos deputados Hugo Motta e Dr. Taciano Diniz e lideran\u00e7as pol\u00edticas regionais. O prefeito de Monte Horebe, Marcos Eron, divulgou na \u00faltima segunda-feira (20), a grade de programa\u00e7\u00e3o das [&hellip;]<\/p>\n","protected":false},"author":1,"featured_media":2917,"comment_status":"open","ping_status":"open","sticky":false,"template":"","format":"standard","meta":{"_mi_skip_tracking":false,"_ti_tpc_template_sync":false,"_ti_tpc_template_id":"","_joinchat":[],"footnotes":""},"categories":[5,14,13,1,9,18,12,8],"tags":[],"class_list":["post-2911","post","type-post","status-publish","format-standard","has-post-thumbnail","hentry","category-brasil","category-cidades","category-cultural","category-uncategorized","category-esporte","category-mundo-brasil","category-paraiba","category-policial"],"_links":{"self":[{"href":"https:\/\/radar190.com.br\/index.php\/wp-json\/wp\/v2\/posts\/2911","targetHints":{"allow":["GET"]}}],"collection":[{"href":"https:\/\/radar190.com.br\/index.php\/wp-json\/wp\/v2\/posts"}],"about":[{"href":"https:\/\/radar190.com.br\/index.php\/wp-json\/wp\/v2\/types\/post"}],"author":[{"embeddable":true,"href":"https:\/\/radar190.com.br\/index.php\/wp-json\/wp\/v2\/users\/1"}],"replies":[{"embeddable":true,"href":"https:\/\/radar190.com.br\/index.php\/wp-json\/wp\/v2\/comments?post=2911"}],"version-history":[{"count":2,"href":"https:\/\/radar190.com.br\/index.php\/wp-json\/wp\/v2\/posts\/2911\/revisions"}],"predecessor-version":[{"id":2916,"href":"https:\/\/radar190.com.br\/index.php\/wp-json\/wp\/v2\/posts\/2911\/revisions\/2916"}],"wp:featuredmedia":[{"embeddable":true,"href":"https:\/\/radar190.com.br\/index.php\/wp-json\/wp\/v2\/media\/2917"}],"wp:attachment":[{"href":"https:\/\/radar190.com.br\/index.php\/wp-json\/wp\/v2\/media?parent=2911"}],"wp:term":[{"taxonomy":"category","embeddable":true,"href":"https:\/\/radar190.com.br\/index.php\/wp-json\/wp\/v2\/categories?post=2911"},{"taxonomy":"post_tag","embeddable":true,"href":"https:\/\/radar190.com.br\/index.php\/wp-json\/wp\/v2\/tags?post=2911"}],"curies":[{"name":"wp","href":"https:\/\/api.w.org\/{rel}","templated":true}]}}