{"id":2823,"date":"2023-10-27T08:14:31","date_gmt":"2023-10-27T11:14:31","guid":{"rendered":"https:\/\/radar190.com.br\/?p=2823"},"modified":"2023-10-27T08:28:51","modified_gmt":"2023-10-27T11:28:51","slug":"prefeitura-de-monte-horebe-realizou-manutencao-nos-cemiterios-da-cedo-e-do-municipio-monte-da-saudade-joao-batista-nossa-senhora-das-lagrimas-e-cemiterio-indigena-do-sitio-braga","status":"publish","type":"post","link":"https:\/\/radar190.com.br\/index.php\/2023\/10\/27\/prefeitura-de-monte-horebe-realizou-manutencao-nos-cemiterios-da-cedo-e-do-municipio-monte-da-saudade-joao-batista-nossa-senhora-das-lagrimas-e-cemiterio-indigena-do-sitio-braga\/","title":{"rendered":"Prefeitura de Monte Horebe realizou manuten\u00e7\u00e3o nos cemit\u00e9rios da cedo e do Munic\u00edpio: Monte da saudade, Jo\u00e3o Batista, Nossa Senhora das Lagrimas e Cemit\u00e9rio ind\u00edgena do Sitio Braga.\u00a0"},"content":{"rendered":"<div class='booster-block booster-read-block'>\n                <div class=\"twp-read-time\">\n                \t<i class=\"booster-icon twp-clock\"><\/i> <span>Read Time:<\/span>42 Second                <\/div>\n\n            <\/div>\n<h2 class=\"wp-block-heading\">&nbsp;\u201c\u201c Para o feriado de Finados \u201c\u201d<\/h2>\n\n\n\n<p>Para o feriado do Dia de Finados, 2 de novembro, a&nbsp;Prefeitura de Monte Horebe realizou uma prepara\u00e7\u00e3o tr\u00eas cemit\u00e9rios administrados pela Secretaria Municipal de Servi\u00e7os P\u00fablicos):&nbsp;.&nbsp; os cemit\u00e9rios recebem capina\u00e7\u00e3o, servi\u00e7os de pinturas ,ro\u00e7agem, retirada de lixos e entulhos das alamedas e no entorno das sepulturas, al\u00e9m&nbsp;de&nbsp;manuten\u00e7\u00e3o da ilumina\u00e7\u00e3o p\u00fablica.<\/p>\n\n\n\n<p>A prefeitura de Monte Horebe declarou que \u201cneste ano a opera\u00e7\u00e3o \u00e9 bem mais intensa, com v\u00e1rios dias de trabalho refor\u00e7ado para deixar os espa\u00e7os preparados para a grande visita\u00e7\u00e3o do feriado, sempre resguardando para que as pessoas tenham um local calmo e possam prestar suas homenagens\u201d.<\/p>\n\n\n\n<p>\u201cCemit\u00e9rios que receberam as A\u00e7\u00f5es\u201d<\/p>\n\n\n\n<p>Cemit\u00e9rio: Monte da Saudade-Monte Horebe<\/p>\n\n\n\n<p>Cemit\u00e9rio: Jo\u00e3o Batista- Monte Horebe<\/p>\n\n\n\n<p>Cemit\u00e9rio; Nossa senhora das lagrimas-Santa F\u00e9.<\/p>\n\n\n\n<p>Cemit\u00e9rio: Comunidade do Sitio Braga.<\/p>\n\n\n\n<figure class=\"wp-block-image size-full\"><img loading=\"lazy\" decoding=\"async\" width=\"440\" height=\"328\" src=\"https:\/\/radar190.com.br\/wp-content\/uploads\/2023\/10\/SANTA-FE.png\" alt=\"\" class=\"wp-image-2828\" srcset=\"https:\/\/radar190.com.br\/wp-content\/uploads\/2023\/10\/SANTA-FE.png 440w, https:\/\/radar190.com.br\/wp-content\/uploads\/2023\/10\/SANTA-FE-300x224.png 300w\" sizes=\"auto, (max-width: 440px) 100vw, 440px\" \/><\/figure>\n\n\n\n<figure class=\"wp-block-image size-full\"><img loading=\"lazy\" decoding=\"async\" width=\"640\" height=\"480\" src=\"https:\/\/radar190.com.br\/wp-content\/uploads\/2023\/10\/5a6354e9-d9e1-4cc0-a449-cb548ce9c17b.jpg\" alt=\"\" class=\"wp-image-2827\" srcset=\"https:\/\/radar190.com.br\/wp-content\/uploads\/2023\/10\/5a6354e9-d9e1-4cc0-a449-cb548ce9c17b.jpg 640w, https:\/\/radar190.com.br\/wp-content\/uploads\/2023\/10\/5a6354e9-d9e1-4cc0-a449-cb548ce9c17b-300x225.jpg 300w\" sizes=\"auto, (max-width: 640px) 100vw, 640px\" \/><\/figure>\n\n\n\n<figure class=\"wp-block-image size-full\"><img loading=\"lazy\" decoding=\"async\" width=\"640\" height=\"480\" src=\"https:\/\/radar190.com.br\/wp-content\/uploads\/2023\/10\/9d36c413-e2bc-4ded-ad04-ee3a33688195.jpg\" alt=\"\" class=\"wp-image-2826\" srcset=\"https:\/\/radar190.com.br\/wp-content\/uploads\/2023\/10\/9d36c413-e2bc-4ded-ad04-ee3a33688195.jpg 640w, https:\/\/radar190.com.br\/wp-content\/uploads\/2023\/10\/9d36c413-e2bc-4ded-ad04-ee3a33688195-300x225.jpg 300w\" sizes=\"auto, (max-width: 640px) 100vw, 640px\" \/><\/figure>\n        <div class=\"booster-block booster-reactions-block\">\n            <div class=\"twp-reactions-icons\">\n                \n                <div class=\"twp-reacts-wrap\">\n                    <a react-data=\"be-react-1\" post-id=\"2823\" class=\"be-face-icons un-reacted\" href=\"javascript:void(0)\">\n                        <img decoding=\"async\" src=\"https:\/\/radar190.com.br\/wp-content\/plugins\/booster-extension\/\/assets\/icon\/happy.svg\" alt=\"Happy\">\n                    <\/a>\n                    <div class=\"twp-reaction-title\">\n                        Happy                    <\/div>\n                    <div class=\"twp-count-percent\">\n                                                    <span style=\"display: none;\" class=\"twp-react-count\">0<\/span>\n                        \n                                                <span class=\"twp-react-percent\"><span>0<\/span> %<\/span>\n                                            <\/div>\n                <\/div>\n\n                <div class=\"twp-reacts-wrap\">\n                    <a react-data=\"be-react-2\" post-id=\"2823\" class=\"be-face-icons un-reacted\" href=\"javascript:void(0)\">\n                        <img decoding=\"async\" src=\"https:\/\/radar190.com.br\/wp-content\/plugins\/booster-extension\/\/assets\/icon\/sad.svg\" alt=\"Sad\">\n                    <\/a>\n                    <div class=\"twp-reaction-title\">\n                        Sad                    <\/div>\n                    <div class=\"twp-count-percent\">\n                                                    <span style=\"display: none;\" class=\"twp-react-count\">0<\/span>\n                                                                        <span class=\"twp-react-percent\"><span>0<\/span> %<\/span>\n                                            <\/div>\n                <\/div>\n\n                <div class=\"twp-reacts-wrap\">\n                    <a react-data=\"be-react-3\" post-id=\"2823\" class=\"be-face-icons un-reacted\" href=\"javascript:void(0)\">\n                        <img decoding=\"async\" src=\"https:\/\/radar190.com.br\/wp-content\/plugins\/booster-extension\/\/assets\/icon\/excited.svg\" alt=\"Excited\">\n                    <\/a>\n                    <div class=\"twp-reaction-title\">\n                        Excited                    <\/div>\n                    <div class=\"twp-count-percent\">\n                                                    <span style=\"display: none;\" class=\"twp-react-count\">0<\/span>\n                                                                        <span class=\"twp-react-percent\"><span>0<\/span> %<\/span>\n                                            <\/div>\n                <\/div>\n\n                <div class=\"twp-reacts-wrap\">\n                    <a react-data=\"be-react-6\" post-id=\"2823\" class=\"be-face-icons un-reacted\" href=\"javascript:void(0)\">\n                        <img decoding=\"async\" src=\"https:\/\/radar190.com.br\/wp-content\/plugins\/booster-extension\/\/assets\/icon\/sleepy.svg\" alt=\"Sleepy\">\n                    <\/a>\n                    <div class=\"twp-reaction-title\">\n                        Sleepy                    <\/div>\n                    <div class=\"twp-count-percent\">\n                                                    <span style=\"display: none;\" class=\"twp-react-count\">0<\/span>\n                        \n                                                <span class=\"twp-react-percent\"><span>0<\/span> %<\/span>\n                                            <\/div>\n                <\/div>\n\n                <div class=\"twp-reacts-wrap\">\n                    <a react-data=\"be-react-4\" post-id=\"2823\" class=\"be-face-icons un-reacted\" href=\"javascript:void(0)\">\n                        <img decoding=\"async\" src=\"https:\/\/radar190.com.br\/wp-content\/plugins\/booster-extension\/\/assets\/icon\/angry.svg\" alt=\"Angry\">\n                    <\/a>\n                    <div class=\"twp-reaction-title\">Angry<\/div>\n                    <div class=\"twp-count-percent\">\n                                                    <span style=\"display: none;\" class=\"twp-react-count\">0<\/span>\n                                                                        <span class=\"twp-react-percent\"><span>0<\/span> %<\/span>\n                        \n                    <\/div>\n                <\/div>\n\n                <div class=\"twp-reacts-wrap\">\n                    <a react-data=\"be-react-5\" post-id=\"2823\" class=\"be-face-icons un-reacted\" href=\"javascript:void(0)\">\n                        <img decoding=\"async\" src=\"https:\/\/radar190.com.br\/wp-content\/plugins\/booster-extension\/\/assets\/icon\/surprise.svg\" alt=\"Surprise\">\n                    <\/a>\n                    <div class=\"twp-reaction-title\">Surprise<\/div>\n                    <div class=\"twp-count-percent\">\n                                                    <span style=\"display: none;\" class=\"twp-react-count\">0<\/span>\n                                                                        <span class=\"twp-react-percent\"><span>0<\/span> %<\/span>\n                                            <\/div>\n                <\/div>\n\n            <\/div>\n        <\/div>\n\n    ","protected":false},"excerpt":{"rendered":"<p>&nbsp;\u201c\u201c Para o feriado de Finados \u201c\u201d Para o feriado do Dia de Finados, 2 de novembro, a&nbsp;Prefeitura de Monte Horebe realizou uma prepara\u00e7\u00e3o tr\u00eas cemit\u00e9rios administrados pela Secretaria Municipal de Servi\u00e7os P\u00fablicos):&nbsp;.&nbsp; os cemit\u00e9rios recebem capina\u00e7\u00e3o, servi\u00e7os de pinturas ,ro\u00e7agem, retirada de lixos e entulhos das alamedas e no [&hellip;]<\/p>\n","protected":false},"author":1,"featured_media":2830,"comment_status":"open","ping_status":"open","sticky":false,"template":"","format":"standard","meta":{"_mi_skip_tracking":false,"_ti_tpc_template_sync":false,"_ti_tpc_template_id":"","_joinchat":[],"footnotes":""},"categories":[5,14,13,1,9,18,12,8],"tags":[],"class_list":["post-2823","post","type-post","status-publish","format-standard","has-post-thumbnail","hentry","category-brasil","category-cidades","category-cultural","category-uncategorized","category-esporte","category-mundo-brasil","category-paraiba","category-policial"],"_links":{"self":[{"href":"https:\/\/radar190.com.br\/index.php\/wp-json\/wp\/v2\/posts\/2823","targetHints":{"allow":["GET"]}}],"collection":[{"href":"https:\/\/radar190.com.br\/index.php\/wp-json\/wp\/v2\/posts"}],"about":[{"href":"https:\/\/radar190.com.br\/index.php\/wp-json\/wp\/v2\/types\/post"}],"author":[{"embeddable":true,"href":"https:\/\/radar190.com.br\/index.php\/wp-json\/wp\/v2\/users\/1"}],"replies":[{"embeddable":true,"href":"https:\/\/radar190.com.br\/index.php\/wp-json\/wp\/v2\/comments?post=2823"}],"version-history":[{"count":3,"href":"https:\/\/radar190.com.br\/index.php\/wp-json\/wp\/v2\/posts\/2823\/revisions"}],"predecessor-version":[{"id":2831,"href":"https:\/\/radar190.com.br\/index.php\/wp-json\/wp\/v2\/posts\/2823\/revisions\/2831"}],"wp:featuredmedia":[{"embeddable":true,"href":"https:\/\/radar190.com.br\/index.php\/wp-json\/wp\/v2\/media\/2830"}],"wp:attachment":[{"href":"https:\/\/radar190.com.br\/index.php\/wp-json\/wp\/v2\/media?parent=2823"}],"wp:term":[{"taxonomy":"category","embeddable":true,"href":"https:\/\/radar190.com.br\/index.php\/wp-json\/wp\/v2\/categories?post=2823"},{"taxonomy":"post_tag","embeddable":true,"href":"https:\/\/radar190.com.br\/index.php\/wp-json\/wp\/v2\/tags?post=2823"}],"curies":[{"name":"wp","href":"https:\/\/api.w.org\/{rel}","templated":true}]}}