{"id":2798,"date":"2023-10-23T08:37:32","date_gmt":"2023-10-23T11:37:32","guid":{"rendered":"https:\/\/radar190.com.br\/?p=2798"},"modified":"2023-10-23T08:43:14","modified_gmt":"2023-10-23T11:43:14","slug":"video-e-fotos-multidao-emocionada-se-despede-do-coordenador-de-limpeza-vagner-em-monte-horebe","status":"publish","type":"post","link":"https:\/\/radar190.com.br\/index.php\/2023\/10\/23\/video-e-fotos-multidao-emocionada-se-despede-do-coordenador-de-limpeza-vagner-em-monte-horebe\/","title":{"rendered":"&#8220;&#8221;V\u00eddeo e Fotos &#8220;&#8221;  Multid\u00e3o emocionada se despede do Coordenador de Limpeza Vagner em Monte Horebe"},"content":{"rendered":"<div class='booster-block booster-read-block'>\n                <div class=\"twp-read-time\">\n                \t<i class=\"booster-icon twp-clock\"><\/i> <span>Read Time:<\/span>40 Second                <\/div>\n\n            <\/div>\n<p>Um clima de sobre muita como\u00e7\u00e3o e tristeza no vel\u00f3rio e sepultamento do coordenador de Limpeza de Monte Horebe neste domingo (21). O corpo de Vagner Tavares foi velado na sua Resid\u00eancia no centro de Monte Horebe, e seu sepultamento ocorreu \u00e0s 16h00min,&nbsp; no cemit\u00e9rio Monte da Saudade em Monte Horebe.<\/p>\n\n\n\n<figure class=\"wp-block-image size-full\"><img loading=\"lazy\" decoding=\"async\" width=\"624\" height=\"419\" src=\"https:\/\/radar190.com.br\/wp-content\/uploads\/2023\/10\/b7da9319-6f46-49e1-a2d0-c155ec75b326.jpg\" alt=\"\" class=\"wp-image-2805\" srcset=\"https:\/\/radar190.com.br\/wp-content\/uploads\/2023\/10\/b7da9319-6f46-49e1-a2d0-c155ec75b326.jpg 624w, https:\/\/radar190.com.br\/wp-content\/uploads\/2023\/10\/b7da9319-6f46-49e1-a2d0-c155ec75b326-300x201.jpg 300w\" sizes=\"auto, (max-width: 624px) 100vw, 624px\" \/><\/figure>\n\n\n\n<p>Durante todo o vel\u00f3rio, a visita de comerciantes, colegas de trabalhos, secret\u00e1rios e Vereadores. Vagne prestava servi\u00e7os na forma de coordenador de Limpeza do Munic\u00edpio.<\/p>\n\n\n\n<p>Todos lamentavam e se despediam de Vagne, que com seu jeito descontra\u00eddo e diferente alegrava a todos, e acabou se transformando em uma figura folcl\u00f3rica da hist\u00f3ria de Monte Horebe.<\/p>\n\n\n\n<p>No cemit\u00e9rio foi prestada v\u00e1ria Homenagem relembrando sua Trajet\u00f3ria de alegria e gratid\u00e3o.<\/p>\n\n\n\n<figure class=\"wp-block-image size-full\"><img loading=\"lazy\" decoding=\"async\" width=\"624\" height=\"449\" src=\"https:\/\/radar190.com.br\/wp-content\/uploads\/2023\/10\/da3913a1-f5f9-4ac7-ada9-b697e1d1f354.jpg\" alt=\"\" class=\"wp-image-2800\" srcset=\"https:\/\/radar190.com.br\/wp-content\/uploads\/2023\/10\/da3913a1-f5f9-4ac7-ada9-b697e1d1f354.jpg 624w, https:\/\/radar190.com.br\/wp-content\/uploads\/2023\/10\/da3913a1-f5f9-4ac7-ada9-b697e1d1f354-300x216.jpg 300w\" sizes=\"auto, (max-width: 624px) 100vw, 624px\" \/><\/figure>\n\n\n\n<p>RADAR 190 AGENTE SE VER POR AQUI.<\/p>\n\n\n\n<p><\/p>\n\n\n\n<figure class=\"wp-block-embed is-type-video is-provider-youtube wp-block-embed-youtube wp-embed-aspect-4-3 wp-has-aspect-ratio\"><div class=\"wp-block-embed__wrapper\">\n<iframe loading=\"lazy\" title=\"Multid\u00f5es se despede do amigo VAGNE em Monte Horebe\" width=\"640\" height=\"480\" src=\"https:\/\/www.youtube.com\/embed\/JXggc5DqSeA?feature=oembed\" frameborder=\"0\" allow=\"accelerometer; autoplay; clipboard-write; encrypted-media; gyroscope; picture-in-picture; web-share\" referrerpolicy=\"strict-origin-when-cross-origin\" allowfullscreen><\/iframe>\n<\/div><\/figure>\n        <div class=\"booster-block booster-reactions-block\">\n            <div class=\"twp-reactions-icons\">\n                \n                <div class=\"twp-reacts-wrap\">\n                    <a react-data=\"be-react-1\" post-id=\"2798\" class=\"be-face-icons un-reacted\" href=\"javascript:void(0)\">\n                        <img decoding=\"async\" src=\"https:\/\/radar190.com.br\/wp-content\/plugins\/booster-extension\/\/assets\/icon\/happy.svg\" alt=\"Happy\">\n                    <\/a>\n                    <div class=\"twp-reaction-title\">\n                        Happy                    <\/div>\n                    <div class=\"twp-count-percent\">\n                                                    <span style=\"display: none;\" class=\"twp-react-count\">0<\/span>\n                        \n                                                <span class=\"twp-react-percent\"><span>0<\/span> %<\/span>\n                                            <\/div>\n                <\/div>\n\n                <div class=\"twp-reacts-wrap\">\n                    <a react-data=\"be-react-2\" post-id=\"2798\" class=\"be-face-icons un-reacted\" href=\"javascript:void(0)\">\n                        <img decoding=\"async\" src=\"https:\/\/radar190.com.br\/wp-content\/plugins\/booster-extension\/\/assets\/icon\/sad.svg\" alt=\"Sad\">\n                    <\/a>\n                    <div class=\"twp-reaction-title\">\n                        Sad                    <\/div>\n                    <div class=\"twp-count-percent\">\n                                                    <span style=\"display: none;\" class=\"twp-react-count\">0<\/span>\n                                                                        <span class=\"twp-react-percent\"><span>0<\/span> %<\/span>\n                                            <\/div>\n                <\/div>\n\n                <div class=\"twp-reacts-wrap\">\n                    <a react-data=\"be-react-3\" post-id=\"2798\" class=\"be-face-icons un-reacted\" href=\"javascript:void(0)\">\n                        <img decoding=\"async\" src=\"https:\/\/radar190.com.br\/wp-content\/plugins\/booster-extension\/\/assets\/icon\/excited.svg\" alt=\"Excited\">\n                    <\/a>\n                    <div class=\"twp-reaction-title\">\n                        Excited                    <\/div>\n                    <div class=\"twp-count-percent\">\n                                                    <span style=\"display: none;\" class=\"twp-react-count\">0<\/span>\n                                                                        <span class=\"twp-react-percent\"><span>0<\/span> %<\/span>\n                                            <\/div>\n                <\/div>\n\n                <div class=\"twp-reacts-wrap\">\n                    <a react-data=\"be-react-6\" post-id=\"2798\" class=\"be-face-icons un-reacted\" href=\"javascript:void(0)\">\n                        <img decoding=\"async\" src=\"https:\/\/radar190.com.br\/wp-content\/plugins\/booster-extension\/\/assets\/icon\/sleepy.svg\" alt=\"Sleepy\">\n                    <\/a>\n                    <div class=\"twp-reaction-title\">\n                        Sleepy                    <\/div>\n                    <div class=\"twp-count-percent\">\n                                                    <span style=\"display: none;\" class=\"twp-react-count\">0<\/span>\n                        \n                                                <span class=\"twp-react-percent\"><span>0<\/span> %<\/span>\n                                            <\/div>\n                <\/div>\n\n                <div class=\"twp-reacts-wrap\">\n                    <a react-data=\"be-react-4\" post-id=\"2798\" class=\"be-face-icons un-reacted\" href=\"javascript:void(0)\">\n                        <img decoding=\"async\" src=\"https:\/\/radar190.com.br\/wp-content\/plugins\/booster-extension\/\/assets\/icon\/angry.svg\" alt=\"Angry\">\n                    <\/a>\n                    <div class=\"twp-reaction-title\">Angry<\/div>\n                    <div class=\"twp-count-percent\">\n                                                    <span style=\"display: none;\" class=\"twp-react-count\">0<\/span>\n                                                                        <span class=\"twp-react-percent\"><span>0<\/span> %<\/span>\n                        \n                    <\/div>\n                <\/div>\n\n                <div class=\"twp-reacts-wrap\">\n                    <a react-data=\"be-react-5\" post-id=\"2798\" class=\"be-face-icons un-reacted\" href=\"javascript:void(0)\">\n                        <img decoding=\"async\" src=\"https:\/\/radar190.com.br\/wp-content\/plugins\/booster-extension\/\/assets\/icon\/surprise.svg\" alt=\"Surprise\">\n                    <\/a>\n                    <div class=\"twp-reaction-title\">Surprise<\/div>\n                    <div class=\"twp-count-percent\">\n                                                    <span style=\"display: none;\" class=\"twp-react-count\">0<\/span>\n                                                                        <span class=\"twp-react-percent\"><span>0<\/span> %<\/span>\n                                            <\/div>\n                <\/div>\n\n            <\/div>\n        <\/div>\n\n    ","protected":false},"excerpt":{"rendered":"<p>Um clima de sobre muita como\u00e7\u00e3o e tristeza no vel\u00f3rio e sepultamento do coordenador de Limpeza de Monte Horebe neste domingo (21). O corpo de Vagner Tavares foi velado na sua Resid\u00eancia no centro de Monte Horebe, e seu sepultamento ocorreu \u00e0s 16h00min,&nbsp; no cemit\u00e9rio Monte da Saudade em Monte [&hellip;]<\/p>\n","protected":false},"author":1,"featured_media":2807,"comment_status":"open","ping_status":"open","sticky":false,"template":"","format":"standard","meta":{"_mi_skip_tracking":false,"_ti_tpc_template_sync":false,"_ti_tpc_template_id":"","_joinchat":[],"footnotes":""},"categories":[5,14,13,1,9,18,12,8],"tags":[],"class_list":["post-2798","post","type-post","status-publish","format-standard","has-post-thumbnail","hentry","category-brasil","category-cidades","category-cultural","category-uncategorized","category-esporte","category-mundo-brasil","category-paraiba","category-policial"],"_links":{"self":[{"href":"https:\/\/radar190.com.br\/index.php\/wp-json\/wp\/v2\/posts\/2798","targetHints":{"allow":["GET"]}}],"collection":[{"href":"https:\/\/radar190.com.br\/index.php\/wp-json\/wp\/v2\/posts"}],"about":[{"href":"https:\/\/radar190.com.br\/index.php\/wp-json\/wp\/v2\/types\/post"}],"author":[{"embeddable":true,"href":"https:\/\/radar190.com.br\/index.php\/wp-json\/wp\/v2\/users\/1"}],"replies":[{"embeddable":true,"href":"https:\/\/radar190.com.br\/index.php\/wp-json\/wp\/v2\/comments?post=2798"}],"version-history":[{"count":4,"href":"https:\/\/radar190.com.br\/index.php\/wp-json\/wp\/v2\/posts\/2798\/revisions"}],"predecessor-version":[{"id":2808,"href":"https:\/\/radar190.com.br\/index.php\/wp-json\/wp\/v2\/posts\/2798\/revisions\/2808"}],"wp:featuredmedia":[{"embeddable":true,"href":"https:\/\/radar190.com.br\/index.php\/wp-json\/wp\/v2\/media\/2807"}],"wp:attachment":[{"href":"https:\/\/radar190.com.br\/index.php\/wp-json\/wp\/v2\/media?parent=2798"}],"wp:term":[{"taxonomy":"category","embeddable":true,"href":"https:\/\/radar190.com.br\/index.php\/wp-json\/wp\/v2\/categories?post=2798"},{"taxonomy":"post_tag","embeddable":true,"href":"https:\/\/radar190.com.br\/index.php\/wp-json\/wp\/v2\/tags?post=2798"}],"curies":[{"name":"wp","href":"https:\/\/api.w.org\/{rel}","templated":true}]}}