{"id":2769,"date":"2023-10-16T12:44:09","date_gmt":"2023-10-16T15:44:09","guid":{"rendered":"https:\/\/radar190.com.br\/?p=2769"},"modified":"2023-10-16T12:55:31","modified_gmt":"2023-10-16T15:55:31","slug":"coordenadora-de-vigilancia-em-saude-lanca-pre-candidatura-a-vereadora-para-disputar-uma-vaga-na-camara-municipal-em-bonito-de-santa-fe","status":"publish","type":"post","link":"https:\/\/radar190.com.br\/index.php\/2023\/10\/16\/coordenadora-de-vigilancia-em-saude-lanca-pre-candidatura-a-vereadora-para-disputar-uma-vaga-na-camara-municipal-em-bonito-de-santa-fe\/","title":{"rendered":"Coordenadora de Vigil\u00e2ncia em Sa\u00fade Lan\u00e7a Pr\u00e9-candidatura a Vereadora Para Disputar Uma Vaga na C\u00e2mara Municipal Em Bonito de Santa F\u00e9"},"content":{"rendered":"<div class='booster-block booster-read-block'>\n                <div class=\"twp-read-time\">\n                \t<i class=\"booster-icon twp-clock\"><\/i> <span>Read Time:<\/span>1 Minute, 37 Second                <\/div>\n\n            <\/div>\n<p>A Comunidade da Vila Adalto Lu\u00eds de Oliveira, (Campo Alegre), se reuniu no dia 15\/10\/2023, com o objetivo em decidir, lan\u00e7ar o nome de Marli Ribeiro, como pr\u00e9-candidata, a concorrer a uma vaga do cargo de Vereadora, no Pleito de 2024.<\/p>\n\n\n\n<figure class=\"wp-block-image size-full\"><img loading=\"lazy\" decoding=\"async\" width=\"405\" height=\"431\" src=\"https:\/\/radar190.com.br\/wp-content\/uploads\/2023\/10\/45d67c48-192c-4c4a-be4e-00dbc28cb863.jpg\" alt=\"\" class=\"wp-image-2770\" srcset=\"https:\/\/radar190.com.br\/wp-content\/uploads\/2023\/10\/45d67c48-192c-4c4a-be4e-00dbc28cb863.jpg 405w, https:\/\/radar190.com.br\/wp-content\/uploads\/2023\/10\/45d67c48-192c-4c4a-be4e-00dbc28cb863-282x300.jpg 282w\" sizes=\"auto, (max-width: 405px) 100vw, 405px\" \/><\/figure>\n\n\n\n<p>Diante da necessidade de representante pol\u00edtico, no cen\u00e1rio do poder Legislativo, em prol dos interesses da regi\u00e3o.<\/p>\n\n\n\n<p>Nesse sentido, a comunidade decidiu em comum acordo, lan\u00e7ar Marli Ribeiro.<\/p>\n\n\n\n<p>Marli, \u00e9 uma filha da regi\u00e3o, conhece bem as necessidades e anseios da realidade vivida por muitas pessoas, tem servi\u00e7o prestado e \u00e9 um excelente perfil, com ideias e ideais democr\u00e1ticos; evidenciando v\u00e1rias qualidades e preenchendo importantes requisitos para representar a regi\u00e3o da Vila Adalto Lu\u00eds de Oliveira (Campo Alegre), E tamb\u00e9m todo Bonito de Santa F\u00e9.<\/p>\n\n\n\n<p>Sua hist\u00f3ria de coragem e supera\u00e7\u00e3o, \u00e9 not\u00e1vel; a mesma vem de uma fam\u00edlia humilde, com 14 irm\u00e3os, teve que sair de casa muito nova, para trabalhar, como cuidadora de idoso. Agarrou a oportunidade de estudar na capital Jo\u00e3o pessoa, conseguiu concluir o ensino superior, desempenhando a profiss\u00e3o de Enfermagem.<\/p>\n\n\n\n<p>Posteriormente, retornou \u00e0 sua cidade natal, lugar onde passou sua inf\u00e2ncia; e um sonho&nbsp; cresceu no seu cora\u00e7\u00e3o: O de ajudar seu povo, principalmente as pessoas mais necessitadas.<\/p>\n\n\n\n<p>Neste domingo, foi iniciado uma desafiadora&nbsp; jornada: A sua pr\u00e9-candidatura, foi o primeiro passo!<\/p>\n\n\n\n<p>Marli tem o apoio da comunidade e de outras lideran\u00e7as da regi\u00e3o, a citar alguns: O presidente da associa\u00e7\u00e3o da Vila, na pessoa de Jose Nilson Sousa Ramalho, o ex-vereador, e um dos l\u00edderes Comunit\u00e1rios, Jota Sousa e outras lideran\u00e7as daquela localidade.<\/p>\n\n\n\n<p>Marli, desde j\u00e1, agradece a Deus, por permitir o primeiro passo de outros que vir\u00e3o, em prol desse sonho, e tamb\u00e9m, o apoio de todos!<\/p>\n\n\n\n<p>A mesma declara que sua campanha ser\u00e1 feita com humildade e honestidade; atrav\u00e9s de di\u00e1logo, expondo suas ideias e projetos, respeitando sempre, a decis\u00e3o de todos, de forma democr\u00e1tica.<\/p>\n\n\n\n<p>REDA\u00c7\u00c3O: RADAR 190<\/p>\n\n\n\n<figure class=\"wp-block-image size-full\"><img loading=\"lazy\" decoding=\"async\" width=\"484\" height=\"412\" src=\"https:\/\/radar190.com.br\/wp-content\/uploads\/2023\/10\/c2058209-b22f-46ac-a566-d8e5575dc406.jpg\" alt=\"\" class=\"wp-image-2774\" srcset=\"https:\/\/radar190.com.br\/wp-content\/uploads\/2023\/10\/c2058209-b22f-46ac-a566-d8e5575dc406.jpg 484w, https:\/\/radar190.com.br\/wp-content\/uploads\/2023\/10\/c2058209-b22f-46ac-a566-d8e5575dc406-300x255.jpg 300w\" sizes=\"auto, (max-width: 484px) 100vw, 484px\" \/><\/figure>\n\n\n\n<figure class=\"wp-block-image size-full\"><img loading=\"lazy\" decoding=\"async\" width=\"492\" height=\"369\" src=\"https:\/\/radar190.com.br\/wp-content\/uploads\/2023\/10\/1104805e-58b0-497c-8f8b-a7a907820663.jpg\" alt=\"\" class=\"wp-image-2773\" srcset=\"https:\/\/radar190.com.br\/wp-content\/uploads\/2023\/10\/1104805e-58b0-497c-8f8b-a7a907820663.jpg 492w, https:\/\/radar190.com.br\/wp-content\/uploads\/2023\/10\/1104805e-58b0-497c-8f8b-a7a907820663-300x225.jpg 300w\" sizes=\"auto, (max-width: 492px) 100vw, 492px\" \/><\/figure>\n\n\n\n<figure class=\"wp-block-image size-full\"><img loading=\"lazy\" decoding=\"async\" width=\"470\" height=\"439\" src=\"https:\/\/radar190.com.br\/wp-content\/uploads\/2023\/10\/01e664fb-5b1e-4d56-8f22-1686ca6bd168.jpg\" alt=\"\" class=\"wp-image-2771\" srcset=\"https:\/\/radar190.com.br\/wp-content\/uploads\/2023\/10\/01e664fb-5b1e-4d56-8f22-1686ca6bd168.jpg 470w, https:\/\/radar190.com.br\/wp-content\/uploads\/2023\/10\/01e664fb-5b1e-4d56-8f22-1686ca6bd168-300x280.jpg 300w\" sizes=\"auto, (max-width: 470px) 100vw, 470px\" \/><\/figure>\n\n\n\n<figure class=\"wp-block-image size-full\"><img loading=\"lazy\" decoding=\"async\" width=\"717\" height=\"453\" src=\"https:\/\/radar190.com.br\/wp-content\/uploads\/2023\/10\/37bb6a59-9e51-41e7-9fdc-7ccb8549d4c8.jpg\" alt=\"\" class=\"wp-image-2772\" srcset=\"https:\/\/radar190.com.br\/wp-content\/uploads\/2023\/10\/37bb6a59-9e51-41e7-9fdc-7ccb8549d4c8.jpg 717w, https:\/\/radar190.com.br\/wp-content\/uploads\/2023\/10\/37bb6a59-9e51-41e7-9fdc-7ccb8549d4c8-300x190.jpg 300w\" sizes=\"auto, (max-width: 717px) 100vw, 717px\" \/><\/figure>\n        <div class=\"booster-block booster-reactions-block\">\n            <div class=\"twp-reactions-icons\">\n                \n                <div class=\"twp-reacts-wrap\">\n                    <a react-data=\"be-react-1\" post-id=\"2769\" class=\"be-face-icons un-reacted\" href=\"javascript:void(0)\">\n                        <img decoding=\"async\" src=\"https:\/\/radar190.com.br\/wp-content\/plugins\/booster-extension\/\/assets\/icon\/happy.svg\" alt=\"Happy\">\n                    <\/a>\n                    <div class=\"twp-reaction-title\">\n                        Happy                    <\/div>\n                    <div class=\"twp-count-percent\">\n                                                    <span style=\"display: none;\" class=\"twp-react-count\">0<\/span>\n                        \n                                                <span class=\"twp-react-percent\"><span>0<\/span> %<\/span>\n                                            <\/div>\n                <\/div>\n\n                <div class=\"twp-reacts-wrap\">\n                    <a react-data=\"be-react-2\" post-id=\"2769\" class=\"be-face-icons un-reacted\" href=\"javascript:void(0)\">\n                        <img decoding=\"async\" src=\"https:\/\/radar190.com.br\/wp-content\/plugins\/booster-extension\/\/assets\/icon\/sad.svg\" alt=\"Sad\">\n                    <\/a>\n                    <div class=\"twp-reaction-title\">\n                        Sad                    <\/div>\n                    <div class=\"twp-count-percent\">\n                                                    <span style=\"display: none;\" class=\"twp-react-count\">0<\/span>\n                                                                        <span class=\"twp-react-percent\"><span>0<\/span> %<\/span>\n                                            <\/div>\n                <\/div>\n\n                <div class=\"twp-reacts-wrap\">\n                    <a react-data=\"be-react-3\" post-id=\"2769\" class=\"be-face-icons un-reacted\" href=\"javascript:void(0)\">\n                        <img decoding=\"async\" src=\"https:\/\/radar190.com.br\/wp-content\/plugins\/booster-extension\/\/assets\/icon\/excited.svg\" alt=\"Excited\">\n                    <\/a>\n                    <div class=\"twp-reaction-title\">\n                        Excited                    <\/div>\n                    <div class=\"twp-count-percent\">\n                                                    <span style=\"display: none;\" class=\"twp-react-count\">0<\/span>\n                                                                        <span class=\"twp-react-percent\"><span>0<\/span> %<\/span>\n                                            <\/div>\n                <\/div>\n\n                <div class=\"twp-reacts-wrap\">\n                    <a react-data=\"be-react-6\" post-id=\"2769\" class=\"be-face-icons un-reacted\" href=\"javascript:void(0)\">\n                        <img decoding=\"async\" src=\"https:\/\/radar190.com.br\/wp-content\/plugins\/booster-extension\/\/assets\/icon\/sleepy.svg\" alt=\"Sleepy\">\n                    <\/a>\n                    <div class=\"twp-reaction-title\">\n                        Sleepy                    <\/div>\n                    <div class=\"twp-count-percent\">\n                                                    <span style=\"display: none;\" class=\"twp-react-count\">0<\/span>\n                        \n                                                <span class=\"twp-react-percent\"><span>0<\/span> %<\/span>\n                                            <\/div>\n                <\/div>\n\n                <div class=\"twp-reacts-wrap\">\n                    <a react-data=\"be-react-4\" post-id=\"2769\" class=\"be-face-icons un-reacted\" href=\"javascript:void(0)\">\n                        <img decoding=\"async\" src=\"https:\/\/radar190.com.br\/wp-content\/plugins\/booster-extension\/\/assets\/icon\/angry.svg\" alt=\"Angry\">\n                    <\/a>\n                    <div class=\"twp-reaction-title\">Angry<\/div>\n                    <div class=\"twp-count-percent\">\n                                                    <span style=\"display: none;\" class=\"twp-react-count\">0<\/span>\n                                                                        <span class=\"twp-react-percent\"><span>0<\/span> %<\/span>\n                        \n                    <\/div>\n                <\/div>\n\n                <div class=\"twp-reacts-wrap\">\n                    <a react-data=\"be-react-5\" post-id=\"2769\" class=\"be-face-icons un-reacted\" href=\"javascript:void(0)\">\n                        <img decoding=\"async\" src=\"https:\/\/radar190.com.br\/wp-content\/plugins\/booster-extension\/\/assets\/icon\/surprise.svg\" alt=\"Surprise\">\n                    <\/a>\n                    <div class=\"twp-reaction-title\">Surprise<\/div>\n                    <div class=\"twp-count-percent\">\n                                                    <span style=\"display: none;\" class=\"twp-react-count\">0<\/span>\n                                                                        <span class=\"twp-react-percent\"><span>0<\/span> %<\/span>\n                                            <\/div>\n                <\/div>\n\n            <\/div>\n        <\/div>\n\n    ","protected":false},"excerpt":{"rendered":"<p>A Comunidade da Vila Adalto Lu\u00eds de Oliveira, (Campo Alegre), se reuniu no dia 15\/10\/2023, com o objetivo em decidir, lan\u00e7ar o nome de Marli Ribeiro, como pr\u00e9-candidata, a concorrer a uma vaga do cargo de Vereadora, no Pleito de 2024. Diante da necessidade de representante pol\u00edtico, no cen\u00e1rio do [&hellip;]<\/p>\n","protected":false},"author":1,"featured_media":2776,"comment_status":"open","ping_status":"open","sticky":false,"template":"","format":"standard","meta":{"_mi_skip_tracking":false,"_ti_tpc_template_sync":false,"_ti_tpc_template_id":"","_joinchat":[],"footnotes":""},"categories":[5,14,13,1,116,9,18,12,8],"tags":[],"class_list":["post-2769","post","type-post","status-publish","format-standard","has-post-thumbnail","hentry","category-brasil","category-cidades","category-cultural","category-uncategorized","category-editor-picks","category-esporte","category-mundo-brasil","category-paraiba","category-policial"],"_links":{"self":[{"href":"https:\/\/radar190.com.br\/index.php\/wp-json\/wp\/v2\/posts\/2769","targetHints":{"allow":["GET"]}}],"collection":[{"href":"https:\/\/radar190.com.br\/index.php\/wp-json\/wp\/v2\/posts"}],"about":[{"href":"https:\/\/radar190.com.br\/index.php\/wp-json\/wp\/v2\/types\/post"}],"author":[{"embeddable":true,"href":"https:\/\/radar190.com.br\/index.php\/wp-json\/wp\/v2\/users\/1"}],"replies":[{"embeddable":true,"href":"https:\/\/radar190.com.br\/index.php\/wp-json\/wp\/v2\/comments?post=2769"}],"version-history":[{"count":1,"href":"https:\/\/radar190.com.br\/index.php\/wp-json\/wp\/v2\/posts\/2769\/revisions"}],"predecessor-version":[{"id":2775,"href":"https:\/\/radar190.com.br\/index.php\/wp-json\/wp\/v2\/posts\/2769\/revisions\/2775"}],"wp:featuredmedia":[{"embeddable":true,"href":"https:\/\/radar190.com.br\/index.php\/wp-json\/wp\/v2\/media\/2776"}],"wp:attachment":[{"href":"https:\/\/radar190.com.br\/index.php\/wp-json\/wp\/v2\/media?parent=2769"}],"wp:term":[{"taxonomy":"category","embeddable":true,"href":"https:\/\/radar190.com.br\/index.php\/wp-json\/wp\/v2\/categories?post=2769"},{"taxonomy":"post_tag","embeddable":true,"href":"https:\/\/radar190.com.br\/index.php\/wp-json\/wp\/v2\/tags?post=2769"}],"curies":[{"name":"wp","href":"https:\/\/api.w.org\/{rel}","templated":true}]}}