{"id":2757,"date":"2023-10-13T10:12:52","date_gmt":"2023-10-13T13:12:52","guid":{"rendered":"https:\/\/radar190.com.br\/?p=2757"},"modified":"2023-10-13T10:13:30","modified_gmt":"2023-10-13T13:13:30","slug":"radialista-junior-de-dude-completa-24-anos-de-profissao-com-muito-talento-e-dedicacao-ao-publico","status":"publish","type":"post","link":"https:\/\/radar190.com.br\/index.php\/2023\/10\/13\/radialista-junior-de-dude-completa-24-anos-de-profissao-com-muito-talento-e-dedicacao-ao-publico\/","title":{"rendered":"Radialista Junior de Dud\u00e9 completa 24 anos de profiss\u00e3o com muito talento e dedica\u00e7\u00e3o ao Publico"},"content":{"rendered":"<div class='booster-block booster-read-block'>\n                <div class=\"twp-read-time\">\n                \t<i class=\"booster-icon twp-clock\"><\/i> <span>Read Time:<\/span>2 Minute, 53 Second                <\/div>\n\n            <\/div>\n<p>O apresentador Junior de Dud\u00e9, da cidade de Bonito de Santa F\u00e9, no Sert\u00e3o da Para\u00edba, completou nesta ter\u00e7a-feira (10\/10\/2023), 24 anos de profiss\u00e3o.<\/p>\n\n\n\n<p>Junior viveu sua inf\u00e2ncia at\u00e9 sua adolesc\u00eancia na sua Terra Natal.<\/p>\n\n\n\n<p>Biografia de Junior de Dud\u00e9<\/p>\n\n\n\n<p>Nascia aos 16 de julho de 1977, na cidade de Bonito de Santa F\u00e9, Sert\u00e3o da Para\u00edba, filho de Jose Gomes da Silva (DUD\u00c9) e Maria Auxiliadora.<\/p>\n\n\n\n<p>O menino Junior, Ele teve uma inf\u00e2ncia humilde, e morava com a m\u00e3e e o pai por isso come\u00e7ou a trabalhar muito cedo. Foi Vendedor de Picol\u00e9 e cheiro verdes nas portas, vendeu tamb\u00e9m P\u00e3o da Padaria de Joca, para ajudar no or\u00e7amento dom\u00e9stico de casa. Mas como sempre gostou muito de narra\u00e7\u00e3o de Radio, acreditava <a><\/a>que atrav\u00e9s do seu trabalho e dedica\u00e7\u00e3o teria uma oportunidade para mudar sua vida.<\/p>\n\n\n\n<p>Aos 15 anos saiu de casa para o Munic\u00edpio de Brejo Santo C\u00e9, Foi Mora na casa do Tio Francinaldo Gomes, No Sitio Lagoa Cercada, onde Come\u00e7ou a Estudar no Col\u00e9gio Balbina Viana, lar Conheceu Amigos Jornalistas tais Como Juliano Lucena E Patr\u00edcio Oliveiras e v\u00e1rios Amigos da Radio Sul-Cearense. Trabalhou na Publica\u00e7\u00e3o de Juliano Lucena, Empresa de Publicidades, foi ai onde conseguiu uma vaga como Sonoplastia de V\u00e1rios Programas na SUL CEREANSE AM 820.<\/p>\n\n\n\n<p>Foi Presidente de Uma Associa\u00e7\u00e3o do Meio Ambiente onde Trabalhou como Professor Educador do Meio Ambiente em mais de 30 Escolas do Municio de Brejo santo-C\u00e9.<\/p>\n\n\n\n<p>Aos 22 anos conheceu uma Aluna por Nome de Maria Leonia de apenas 13 anos de Idade, onde se apaixonou e ficaram juntos por 6 anos , Le\u00f5nia Engravidou ai nasceu o Primeiro Filho por nome de Victor Junior.<\/p>\n\n\n\n<p>Trabalhou nas R\u00e1dios Sul Cearense e Radio 100 Locais de Operador de \u00c1udio na<\/p>\n\n\n\n<p>FM e AM de 1998 a 2004.<\/p>\n\n\n\n<p>Sempre foi apaixonado pela Comunica\u00e7\u00e3o, pelas tradi\u00e7\u00f5es narra\u00e7\u00f5es atrav\u00e9s da r\u00e1dio, teve contato direto com os trabalhadores rurais, que eram seus maiores ouvintes naquele hor\u00e1rio. Logo, teve uma oportunidade em um novo programa, na r\u00e1dio BONITO FM, juntamente com dois grandes radialistas.<\/p>\n\n\n\n<p>O programa foi um sucesso e abriu as portas para o in\u00edcio de sua trajet\u00f3ria como locutor E apresentador. Conheceu um Primo empres\u00e1rio do ramo de Site e TV de Noticias, Di\u00e1rio do sert\u00e3o, Petson Santos, que o ajudou a concretizar um projeto que revolucionaria sua vida: Junior Criou um Site por Nome Radar 190 ate Hoje Levamos Noticias do Dia A dia Pra Todo O Brasil, em 2008. Foi contratado na Radio S\u00e3o Jos\u00e9 FM na cidade de S\u00e3o Jose de Caiana Como Assessor de Comunica\u00e7\u00e3o de Judivan Lopes, ate o ano de 2010.<\/p>\n\n\n\n<p>Era um trabalho in\u00e9dito, com narra\u00e7\u00f5es de versos e m\u00fasicas sertanejas.<\/p>\n\n\n\n<p>J\u00e1 com o nome art\u00edstico de JUNIOR DE DUD\u00c9 E VELHO IZIDORO. Esse resultado lhe rendeu grandes sucessos.<\/p>\n\n\n\n<p>O epis\u00f3dio alavancou sua carreira, projetando Junior de Dud\u00e9 para todo pa\u00eds.<\/p>\n\n\n\n<p>A partir desse momento passou a fazer hist\u00f3ria dentro do SEU Pr\u00f3prio Programa de r\u00e1dios.<\/p>\n\n\n\n<p>Iniciou narrando pequenas festas do Padroeiro de S\u00e3o Jose de Caiana, onde fez sua primeira apresenta\u00e7\u00e3o como locutor profissional de quer M\u00e9rcia.<\/p>\n\n\n\n<p>Junior de Dud\u00e9 aos poucos foi conquistando espa\u00e7o com muito estilo e carisma.<\/p>\n\n\n\n<p>Nos anos seguintes de 2022 Lan\u00e7ou a radio e TV RADAR 190 AO VIVO, ONDE Ate Hoje \u00e9 Sucesso na Audi\u00eancia.<\/p>\n\n\n\n<p>A atualmente Junior de Dud\u00e9 Comanda o Programa A voz do Munic\u00edpio da Prefeitura de Monte Horerbe, Ao lado de Alonso Dias e Fernando Palitot;<\/p>\n\n\n\n<figure class=\"wp-block-image size-full\"><img loading=\"lazy\" decoding=\"async\" width=\"554\" height=\"596\" src=\"https:\/\/radar190.com.br\/wp-content\/uploads\/2023\/10\/281275139_1036381400648157_4654228073428259120_n.jpg\" alt=\"\" class=\"wp-image-2758\" srcset=\"https:\/\/radar190.com.br\/wp-content\/uploads\/2023\/10\/281275139_1036381400648157_4654228073428259120_n.jpg 554w, https:\/\/radar190.com.br\/wp-content\/uploads\/2023\/10\/281275139_1036381400648157_4654228073428259120_n-279x300.jpg 279w\" sizes=\"auto, (max-width: 554px) 100vw, 554px\" \/><\/figure>\n        <div class=\"booster-block booster-reactions-block\">\n            <div class=\"twp-reactions-icons\">\n                \n                <div class=\"twp-reacts-wrap\">\n                    <a react-data=\"be-react-1\" post-id=\"2757\" class=\"be-face-icons un-reacted\" href=\"javascript:void(0)\">\n                        <img decoding=\"async\" src=\"https:\/\/radar190.com.br\/wp-content\/plugins\/booster-extension\/\/assets\/icon\/happy.svg\" alt=\"Happy\">\n                    <\/a>\n                    <div class=\"twp-reaction-title\">\n                        Happy                    <\/div>\n                    <div class=\"twp-count-percent\">\n                                                    <span style=\"display: none;\" class=\"twp-react-count\">0<\/span>\n                        \n                                                <span class=\"twp-react-percent\"><span>0<\/span> %<\/span>\n                                            <\/div>\n                <\/div>\n\n                <div class=\"twp-reacts-wrap\">\n                    <a react-data=\"be-react-2\" post-id=\"2757\" class=\"be-face-icons un-reacted\" href=\"javascript:void(0)\">\n                        <img decoding=\"async\" src=\"https:\/\/radar190.com.br\/wp-content\/plugins\/booster-extension\/\/assets\/icon\/sad.svg\" alt=\"Sad\">\n                    <\/a>\n                    <div class=\"twp-reaction-title\">\n                        Sad                    <\/div>\n                    <div class=\"twp-count-percent\">\n                                                    <span style=\"display: none;\" class=\"twp-react-count\">0<\/span>\n                                                                        <span class=\"twp-react-percent\"><span>0<\/span> %<\/span>\n                                            <\/div>\n                <\/div>\n\n                <div class=\"twp-reacts-wrap\">\n                    <a react-data=\"be-react-3\" post-id=\"2757\" class=\"be-face-icons un-reacted\" href=\"javascript:void(0)\">\n                        <img decoding=\"async\" src=\"https:\/\/radar190.com.br\/wp-content\/plugins\/booster-extension\/\/assets\/icon\/excited.svg\" alt=\"Excited\">\n                    <\/a>\n                    <div class=\"twp-reaction-title\">\n                        Excited                    <\/div>\n                    <div class=\"twp-count-percent\">\n                                                    <span style=\"display: none;\" class=\"twp-react-count\">0<\/span>\n                                                                        <span class=\"twp-react-percent\"><span>0<\/span> %<\/span>\n                                            <\/div>\n                <\/div>\n\n                <div class=\"twp-reacts-wrap\">\n                    <a react-data=\"be-react-6\" post-id=\"2757\" class=\"be-face-icons un-reacted\" href=\"javascript:void(0)\">\n                        <img decoding=\"async\" src=\"https:\/\/radar190.com.br\/wp-content\/plugins\/booster-extension\/\/assets\/icon\/sleepy.svg\" alt=\"Sleepy\">\n                    <\/a>\n                    <div class=\"twp-reaction-title\">\n                        Sleepy                    <\/div>\n                    <div class=\"twp-count-percent\">\n                                                    <span style=\"display: none;\" class=\"twp-react-count\">0<\/span>\n                        \n                                                <span class=\"twp-react-percent\"><span>0<\/span> %<\/span>\n                                            <\/div>\n                <\/div>\n\n                <div class=\"twp-reacts-wrap\">\n                    <a react-data=\"be-react-4\" post-id=\"2757\" class=\"be-face-icons un-reacted\" href=\"javascript:void(0)\">\n                        <img decoding=\"async\" src=\"https:\/\/radar190.com.br\/wp-content\/plugins\/booster-extension\/\/assets\/icon\/angry.svg\" alt=\"Angry\">\n                    <\/a>\n                    <div class=\"twp-reaction-title\">Angry<\/div>\n                    <div class=\"twp-count-percent\">\n                                                    <span style=\"display: none;\" class=\"twp-react-count\">0<\/span>\n                                                                        <span class=\"twp-react-percent\"><span>0<\/span> %<\/span>\n                        \n                    <\/div>\n                <\/div>\n\n                <div class=\"twp-reacts-wrap\">\n                    <a react-data=\"be-react-5\" post-id=\"2757\" class=\"be-face-icons un-reacted\" href=\"javascript:void(0)\">\n                        <img decoding=\"async\" src=\"https:\/\/radar190.com.br\/wp-content\/plugins\/booster-extension\/\/assets\/icon\/surprise.svg\" alt=\"Surprise\">\n                    <\/a>\n                    <div class=\"twp-reaction-title\">Surprise<\/div>\n                    <div class=\"twp-count-percent\">\n                                                    <span style=\"display: none;\" class=\"twp-react-count\">0<\/span>\n                                                                        <span class=\"twp-react-percent\"><span>0<\/span> %<\/span>\n                                            <\/div>\n                <\/div>\n\n            <\/div>\n        <\/div>\n\n    ","protected":false},"excerpt":{"rendered":"<p>O apresentador Junior de Dud\u00e9, da cidade de Bonito de Santa F\u00e9, no Sert\u00e3o da Para\u00edba, completou nesta ter\u00e7a-feira (10\/10\/2023), 24 anos de profiss\u00e3o. Junior viveu sua inf\u00e2ncia at\u00e9 sua adolesc\u00eancia na sua Terra Natal. Biografia de Junior de Dud\u00e9 Nascia aos 16 de julho de 1977, na cidade de [&hellip;]<\/p>\n","protected":false},"author":1,"featured_media":2760,"comment_status":"open","ping_status":"open","sticky":false,"template":"","format":"standard","meta":{"_mi_skip_tracking":false,"_ti_tpc_template_sync":false,"_ti_tpc_template_id":"","_joinchat":[],"footnotes":""},"categories":[5,14,13,1,116,9,18,12,8],"tags":[],"class_list":["post-2757","post","type-post","status-publish","format-standard","has-post-thumbnail","hentry","category-brasil","category-cidades","category-cultural","category-uncategorized","category-editor-picks","category-esporte","category-mundo-brasil","category-paraiba","category-policial"],"_links":{"self":[{"href":"https:\/\/radar190.com.br\/index.php\/wp-json\/wp\/v2\/posts\/2757","targetHints":{"allow":["GET"]}}],"collection":[{"href":"https:\/\/radar190.com.br\/index.php\/wp-json\/wp\/v2\/posts"}],"about":[{"href":"https:\/\/radar190.com.br\/index.php\/wp-json\/wp\/v2\/types\/post"}],"author":[{"embeddable":true,"href":"https:\/\/radar190.com.br\/index.php\/wp-json\/wp\/v2\/users\/1"}],"replies":[{"embeddable":true,"href":"https:\/\/radar190.com.br\/index.php\/wp-json\/wp\/v2\/comments?post=2757"}],"version-history":[{"count":1,"href":"https:\/\/radar190.com.br\/index.php\/wp-json\/wp\/v2\/posts\/2757\/revisions"}],"predecessor-version":[{"id":2759,"href":"https:\/\/radar190.com.br\/index.php\/wp-json\/wp\/v2\/posts\/2757\/revisions\/2759"}],"wp:featuredmedia":[{"embeddable":true,"href":"https:\/\/radar190.com.br\/index.php\/wp-json\/wp\/v2\/media\/2760"}],"wp:attachment":[{"href":"https:\/\/radar190.com.br\/index.php\/wp-json\/wp\/v2\/media?parent=2757"}],"wp:term":[{"taxonomy":"category","embeddable":true,"href":"https:\/\/radar190.com.br\/index.php\/wp-json\/wp\/v2\/categories?post=2757"},{"taxonomy":"post_tag","embeddable":true,"href":"https:\/\/radar190.com.br\/index.php\/wp-json\/wp\/v2\/tags?post=2757"}],"curies":[{"name":"wp","href":"https:\/\/api.w.org\/{rel}","templated":true}]}}