{"id":2738,"date":"2023-10-13T07:31:48","date_gmt":"2023-10-13T10:31:48","guid":{"rendered":"https:\/\/radar190.com.br\/?p=2738"},"modified":"2023-10-13T07:32:48","modified_gmt":"2023-10-13T10:32:48","slug":"acusado-de-roubo-em-cachoeira-dos-indios-tem-pena-de-10-anos-de-reclusao-mantida-pela-camara-criminal","status":"publish","type":"post","link":"https:\/\/radar190.com.br\/index.php\/2023\/10\/13\/acusado-de-roubo-em-cachoeira-dos-indios-tem-pena-de-10-anos-de-reclusao-mantida-pela-camara-criminal\/","title":{"rendered":"Acusado de roubo em Cachoeira dos \u00cdndios tem pena de 10 anos de reclus\u00e3o mantida pela C\u00e2mara Criminal"},"content":{"rendered":"<div class='booster-block booster-read-block'>\n                <div class=\"twp-read-time\">\n                \t<i class=\"booster-icon twp-clock\"><\/i> <span>Read Time:<\/span>1 Minute, 59 Second                <\/div>\n\n            <\/div>\n<p>A C\u00e2mara Criminal do Tribunal de Justi\u00e7a da Para\u00edba manteve a senten\u00e7a proferida pelo Ju\u00edzo da 2\u00aa Vara Mista da Comarca de Cajazeiras, que determinou a condena\u00e7\u00e3o de A. D. O a uma pena de 10 anos, tr\u00eas meses e sete dias de reclus\u00e3o, em regime fechado, pelo crime de roubo triplamente circunstanciado, como incurso no artigo 157, \u00a7 2\u00ba, incisos I, II e IV do C\u00f3digo Penal. Ele \u00e9 acusado de participar, em concurso de pessoas, de um roubo a um caminh\u00e3o, al\u00e9m de outros pertences das v\u00edtimas. A Apela\u00e7\u00e3o Criminal n\u00ba 0002328-84.2012.8.15.0131 teve a relatoria do desembargador Jo\u00e1s de Brito Pereira Filho.<\/p>\n\n\n\n<p>Segundo os autos, no dia 14 de julho de 2012, na entrada do munic\u00edpio de Cachoeira dos \u00cdndios, as v\u00edtimas que se encontravam em um caminh\u00e3o de entregas de mercadorias, foram surpreendidas por uma brusca manobra de um carro branco, o qual estava parado no acostamento. Ao impedirem a passagem do caminh\u00e3o, os assaltantes desceram armados do ve\u00edculo anunciando o assalto, renderam as v\u00edtimas e subtra\u00edram-lhes, al\u00e9m do pr\u00f3prio ve\u00edculo de transporte, alguns objetos pessoais, como a quantia de R$ 1.250,00, aparelhos celulares, dois cart\u00f5es de cr\u00e9dito, entre outros.<\/p>\n\n\n\n<p>De acordo com a descri\u00e7\u00e3o da den\u00fancia, o r\u00e9u foi o respons\u00e1vel por conduzir o autom\u00f3vel na empreitada criminosa. A instru\u00e7\u00e3o processual revelou que ele fora ex-funcion\u00e1rio do dono do caminh\u00e3o, motivo por que conhecia os pormenores do transporte realizado pelos colegas (rotas, hor\u00e1rios, pontos de descarga etc).<\/p>\n\n\n\n<p>Em suas raz\u00f5es recursais, a defesa sustentou a coa\u00e7\u00e3o moral irresist\u00edvel e negou a incid\u00eancia das circunst\u00e2ncias majorantes do il\u00edcito.<\/p>\n\n\n\n<p>No exame do caso, o relator do processo, negou provimento ao apelo, afirmando que a pretens\u00e3o recursal, consubstanciada nas duas quest\u00f5es abordadas acima, n\u00e3o tem f\u00f4lego para prosperar. \u201cNo caso dos autos, todavia, n\u00e3o h\u00e1 qualquer indicativo da veracidade da afirma\u00e7\u00e3o do recorrente. Noutros termos: embora a defesa alegue que o acusado foi coagido a praticar o delito, n\u00e3o h\u00e1 o menor sinal \u2013 sequer en passant \u2013 do fato. Logo, n\u00e3o se pode considerar, como pretende o recorrente, a incid\u00eancia do benef\u00edcio penal do artigo 22 do Estatuto Punitivo. N\u00e3o vinga, pois, a adu\u00e7\u00e3o. Noutro ponto, a prova do emprego de arma de fogo \u00e9 farta e exuberante, n\u00e3o havendo qualquer d\u00favida a respeito\u201d, frisou o desembargador Jo\u00e1s de Brito.<\/p>\n\n\n\n<p>Da decis\u00e3o cabe recurso.<\/p>\n\n\n\n<p>Por Jessica Farias<\/p>\n\n\n\n<figure class=\"wp-block-image size-full\"><img loading=\"lazy\" decoding=\"async\" width=\"640\" height=\"470\" src=\"https:\/\/radar190.com.br\/wp-content\/uploads\/2023\/10\/image-13.png\" alt=\"\" class=\"wp-image-2739\" srcset=\"https:\/\/radar190.com.br\/wp-content\/uploads\/2023\/10\/image-13.png 640w, https:\/\/radar190.com.br\/wp-content\/uploads\/2023\/10\/image-13-300x220.png 300w\" sizes=\"auto, (max-width: 640px) 100vw, 640px\" \/><\/figure>\n        <div class=\"booster-block booster-reactions-block\">\n            <div class=\"twp-reactions-icons\">\n                \n                <div class=\"twp-reacts-wrap\">\n                    <a react-data=\"be-react-1\" post-id=\"2738\" class=\"be-face-icons un-reacted\" href=\"javascript:void(0)\">\n                        <img decoding=\"async\" src=\"https:\/\/radar190.com.br\/wp-content\/plugins\/booster-extension\/\/assets\/icon\/happy.svg\" alt=\"Happy\">\n                    <\/a>\n                    <div class=\"twp-reaction-title\">\n                        Happy                    <\/div>\n                    <div class=\"twp-count-percent\">\n                                                    <span style=\"display: none;\" class=\"twp-react-count\">0<\/span>\n                        \n                                                <span class=\"twp-react-percent\"><span>0<\/span> %<\/span>\n                                            <\/div>\n                <\/div>\n\n                <div class=\"twp-reacts-wrap\">\n                    <a react-data=\"be-react-2\" post-id=\"2738\" class=\"be-face-icons un-reacted\" href=\"javascript:void(0)\">\n                        <img decoding=\"async\" src=\"https:\/\/radar190.com.br\/wp-content\/plugins\/booster-extension\/\/assets\/icon\/sad.svg\" alt=\"Sad\">\n                    <\/a>\n                    <div class=\"twp-reaction-title\">\n                        Sad                    <\/div>\n                    <div class=\"twp-count-percent\">\n                                                    <span style=\"display: none;\" class=\"twp-react-count\">0<\/span>\n                                                                        <span class=\"twp-react-percent\"><span>0<\/span> %<\/span>\n                                            <\/div>\n                <\/div>\n\n                <div class=\"twp-reacts-wrap\">\n                    <a react-data=\"be-react-3\" post-id=\"2738\" class=\"be-face-icons un-reacted\" href=\"javascript:void(0)\">\n                        <img decoding=\"async\" src=\"https:\/\/radar190.com.br\/wp-content\/plugins\/booster-extension\/\/assets\/icon\/excited.svg\" alt=\"Excited\">\n                    <\/a>\n                    <div class=\"twp-reaction-title\">\n                        Excited                    <\/div>\n                    <div class=\"twp-count-percent\">\n                                                    <span style=\"display: none;\" class=\"twp-react-count\">0<\/span>\n                                                                        <span class=\"twp-react-percent\"><span>0<\/span> %<\/span>\n                                            <\/div>\n                <\/div>\n\n                <div class=\"twp-reacts-wrap\">\n                    <a react-data=\"be-react-6\" post-id=\"2738\" class=\"be-face-icons un-reacted\" href=\"javascript:void(0)\">\n                        <img decoding=\"async\" src=\"https:\/\/radar190.com.br\/wp-content\/plugins\/booster-extension\/\/assets\/icon\/sleepy.svg\" alt=\"Sleepy\">\n                    <\/a>\n                    <div class=\"twp-reaction-title\">\n                        Sleepy                    <\/div>\n                    <div class=\"twp-count-percent\">\n                                                    <span style=\"display: none;\" class=\"twp-react-count\">0<\/span>\n                        \n                                                <span class=\"twp-react-percent\"><span>0<\/span> %<\/span>\n                                            <\/div>\n                <\/div>\n\n                <div class=\"twp-reacts-wrap\">\n                    <a react-data=\"be-react-4\" post-id=\"2738\" class=\"be-face-icons un-reacted\" href=\"javascript:void(0)\">\n                        <img decoding=\"async\" src=\"https:\/\/radar190.com.br\/wp-content\/plugins\/booster-extension\/\/assets\/icon\/angry.svg\" alt=\"Angry\">\n                    <\/a>\n                    <div class=\"twp-reaction-title\">Angry<\/div>\n                    <div class=\"twp-count-percent\">\n                                                    <span style=\"display: none;\" class=\"twp-react-count\">0<\/span>\n                                                                        <span class=\"twp-react-percent\"><span>0<\/span> %<\/span>\n                        \n                    <\/div>\n                <\/div>\n\n                <div class=\"twp-reacts-wrap\">\n                    <a react-data=\"be-react-5\" post-id=\"2738\" class=\"be-face-icons un-reacted\" href=\"javascript:void(0)\">\n                        <img decoding=\"async\" src=\"https:\/\/radar190.com.br\/wp-content\/plugins\/booster-extension\/\/assets\/icon\/surprise.svg\" alt=\"Surprise\">\n                    <\/a>\n                    <div class=\"twp-reaction-title\">Surprise<\/div>\n                    <div class=\"twp-count-percent\">\n                                                    <span style=\"display: none;\" class=\"twp-react-count\">0<\/span>\n                                                                        <span class=\"twp-react-percent\"><span>0<\/span> %<\/span>\n                                            <\/div>\n                <\/div>\n\n            <\/div>\n        <\/div>\n\n    ","protected":false},"excerpt":{"rendered":"<p>A C\u00e2mara Criminal do Tribunal de Justi\u00e7a da Para\u00edba manteve a senten\u00e7a proferida pelo Ju\u00edzo da 2\u00aa Vara Mista da Comarca de Cajazeiras, que determinou a condena\u00e7\u00e3o de A. D. O a uma pena de 10 anos, tr\u00eas meses e sete dias de reclus\u00e3o, em regime fechado, pelo crime de [&hellip;]<\/p>\n","protected":false},"author":1,"featured_media":2742,"comment_status":"open","ping_status":"open","sticky":false,"template":"","format":"standard","meta":{"_mi_skip_tracking":false,"_ti_tpc_template_sync":false,"_ti_tpc_template_id":"","_joinchat":[],"footnotes":""},"categories":[5,14,13,1,116,9,18,12,8],"tags":[],"class_list":["post-2738","post","type-post","status-publish","format-standard","has-post-thumbnail","hentry","category-brasil","category-cidades","category-cultural","category-uncategorized","category-editor-picks","category-esporte","category-mundo-brasil","category-paraiba","category-policial"],"_links":{"self":[{"href":"https:\/\/radar190.com.br\/index.php\/wp-json\/wp\/v2\/posts\/2738","targetHints":{"allow":["GET"]}}],"collection":[{"href":"https:\/\/radar190.com.br\/index.php\/wp-json\/wp\/v2\/posts"}],"about":[{"href":"https:\/\/radar190.com.br\/index.php\/wp-json\/wp\/v2\/types\/post"}],"author":[{"embeddable":true,"href":"https:\/\/radar190.com.br\/index.php\/wp-json\/wp\/v2\/users\/1"}],"replies":[{"embeddable":true,"href":"https:\/\/radar190.com.br\/index.php\/wp-json\/wp\/v2\/comments?post=2738"}],"version-history":[{"count":1,"href":"https:\/\/radar190.com.br\/index.php\/wp-json\/wp\/v2\/posts\/2738\/revisions"}],"predecessor-version":[{"id":2740,"href":"https:\/\/radar190.com.br\/index.php\/wp-json\/wp\/v2\/posts\/2738\/revisions\/2740"}],"wp:featuredmedia":[{"embeddable":true,"href":"https:\/\/radar190.com.br\/index.php\/wp-json\/wp\/v2\/media\/2742"}],"wp:attachment":[{"href":"https:\/\/radar190.com.br\/index.php\/wp-json\/wp\/v2\/media?parent=2738"}],"wp:term":[{"taxonomy":"category","embeddable":true,"href":"https:\/\/radar190.com.br\/index.php\/wp-json\/wp\/v2\/categories?post=2738"},{"taxonomy":"post_tag","embeddable":true,"href":"https:\/\/radar190.com.br\/index.php\/wp-json\/wp\/v2\/tags?post=2738"}],"curies":[{"name":"wp","href":"https:\/\/api.w.org\/{rel}","templated":true}]}}