{"id":2700,"date":"2023-10-05T09:32:09","date_gmt":"2023-10-05T12:32:09","guid":{"rendered":"https:\/\/radar190.com.br\/?p=2700"},"modified":"2023-10-05T09:32:30","modified_gmt":"2023-10-05T12:32:30","slug":"monte-horebe-encanta-a-capital-com-os-seus-musicos-mirins-sua-poesia-teatro-e-danca","status":"publish","type":"post","link":"https:\/\/radar190.com.br\/index.php\/2023\/10\/05\/monte-horebe-encanta-a-capital-com-os-seus-musicos-mirins-sua-poesia-teatro-e-danca\/","title":{"rendered":"Monte Horebe encanta a capital com os seus m\u00fasicos mirins, sua poesia, teatro e dan\u00e7a"},"content":{"rendered":"<div class='booster-block booster-read-block'>\n                <div class=\"twp-read-time\">\n                \t<i class=\"booster-icon twp-clock\"><\/i> <span>Read Time:<\/span>2 Minute, 55 Second                <\/div>\n\n            <\/div>\n<p>A cultura e os artistas de Monte Horebe protagonizaram uma noite de m\u00fasica, teatro e cultura popular no Audit\u00f3rio Celso Furtado, localizado no Centro Cultural Ariano Suassuna do Tribunal de Contas do Estado da Para\u00edba (TCE-PB), na capital paraibana. O evento Noite de Monte Horebe aconteceu na \u00faltima sexta-feira, 29 de setembro e foi a segunda edi\u00e7\u00e3o do Programa \u201cRa\u00edzes Paraibanas:<\/p>\n\n\n\n<p>TCE preservando a cultura dos Munic\u00edpios\u201d. Na oportunidade o p\u00fablico (presencial e das redes sociais atrav\u00e9s de uma transmiss\u00e3o ao vivo da TV Nova Monte Horebe) p\u00f4de assistir as apresenta\u00e7\u00f5es que se dividiram em 5 momentos distintos e demostraram o potencial art\u00edstico de Monte Horebe, a Cidade Educadora.<br>No primeiro momento, a Orquestra de Violinos Acordes do Monte, composta por alunos e alunas do Servi\u00e7o de Conviv\u00eancia e Fortalecimento de V\u00ednculos \u2013 SCFV, apresentou um repert\u00f3rio diverso que incluiu composi\u00e7\u00f5es cl\u00e1ssicas e do cancioneiro nordestino. A apresenta\u00e7\u00e3o das crian\u00e7as e adolescentes emocionou e surpreendeu \u00e0s pessoas presentes com sua gra\u00e7a e dom\u00ednio t\u00e9cnico dos instrumentos, apesar da pouca idade da maioria no palco.<br>No segundo momento aconteceu a apresenta\u00e7\u00e3o da Banda Marcial Princesa Serrana, seguida pelo dueto do Maestro Edilson Ferreira, no viol\u00e3o, com o aluno da rede municipal horebense e do SCFV, Pedro Emanuel, tocando uma lira. O dueto interpretou a m\u00fasica \u201cAnuncia\u00e7\u00e3o\u201d de Alceu Valen\u00e7a. No quarto momento aconteceu a apresenta\u00e7\u00e3o do livro, \u201cReflex\u00f5es: pol\u00edticas para o desenvolvimento solid\u00e1rio\u201d, pelo seu autor, economista e professor aposentado da UFPB, Jos\u00e9 de Oliveira Costa.<br>A partir da\u00ed teve in\u00edcio a parte de dan\u00e7a e teatro do espet\u00e1culo horebense. Os componentes da quadrilha junina Vozes do Sert\u00e3o, em parceria com o projeto Movimento e Arte levaram ao palco coreografias, simbolos e signos da cultura sertaneja sobre um belo repert\u00f3rio musical. A noite foi encerrada pela poesia de Levi Bezerra, repentista de Monte Horebe.<br>O Presidente do TCE PB, conselheiro Nominando Diniz, disse ter ficado encantado com as apresenta\u00e7\u00f5es. \u201cDesde a primeira vez e sempre que tiver oportunidade de assistir a essas crian\u00e7as tocando vou me emocionar. Hoje fizeram mais uma brilhante apresenta\u00e7\u00e3o, pois juntam a gra\u00e7a juvenil com a beleza da m\u00fasica. \u00c9 uma coisa realmente muito bela de se ver e ouvir. Agrade\u00e7o muito \u00e0 gest\u00e3o e ao povo desta cidade. A Noite de Monte Horebe foi realmente um grande espet\u00e1culo, pois tivemos mais m\u00fasicas, teatro, poesia, literatura e dan\u00e7a, tudo abrilhantando e ratificando a import\u00e2ncia do Programa Ra\u00edzes Paraibanas, cujo objetivo \u00e9 exatamente repercutir e promover os valores art\u00edsticos e a cultura da nossa Para\u00edba\u201d, afirmou Nominando.<br>Para o prefeito Marcos Eron, a noite \u201cfoi muito bela e emocionante. Agradecemos ao TCE pela oportunidade de mostrar o trabalho de Monte Horebe atrav\u00e9s da Secretaria de A\u00e7\u00e3o Social e do SCFV e tamb\u00e9m um pouco do talento nas express\u00f5es art\u00edsticas do teatro, dan\u00e7a e poesia. Essa noite fica na nossa hist\u00f3ria e, principalmente, na mem\u00f3ria afetiva das nossas crian\u00e7as e adolescentes\u201d afirmou o prefeito.<br>A Orquestra de Violinos Acordes do Monte ainda fez uma apresenta\u00e7\u00e3o r\u00e1pida no Shopping Mangabeira, o na tarde do s\u00e1bado, antes do retorno para Monte Horebe. O resultado tamb\u00e9m foi a manifesta\u00e7\u00e3o de surpresa e admira\u00e7\u00e3o por parte das pessoas que passeavam pelo Shopping. A apresenta\u00e7\u00e3o improvisada teve um carinhoso acolhimento da equipe do Mangabeira Shoping e, como resultado, o in\u00edcio de um di\u00e1logo entre a administra\u00e7\u00e3o dos Shoppings Mangabeira e Mana\u00edra com a gest\u00e3o de Monte Horebe para que o grupo possa participar das apresenta\u00e7\u00f5es de Natal nos dois maiores centros comerciais da capital paraibana.<\/p>\n\n\n\n<figure class=\"wp-block-image size-full\"><img loading=\"lazy\" decoding=\"async\" width=\"553\" height=\"346\" src=\"https:\/\/radar190.com.br\/wp-content\/uploads\/2023\/10\/Sem-titulohhhh.png\" alt=\"\" class=\"wp-image-2703\" srcset=\"https:\/\/radar190.com.br\/wp-content\/uploads\/2023\/10\/Sem-titulohhhh.png 553w, https:\/\/radar190.com.br\/wp-content\/uploads\/2023\/10\/Sem-titulohhhh-300x188.png 300w\" sizes=\"auto, (max-width: 553px) 100vw, 553px\" \/><\/figure>\n\n\n\n<figure class=\"wp-block-image size-full\"><img loading=\"lazy\" decoding=\"async\" width=\"1024\" height=\"678\" src=\"https:\/\/radar190.com.br\/wp-content\/uploads\/2023\/10\/image-7.png\" alt=\"\" class=\"wp-image-2702\" srcset=\"https:\/\/radar190.com.br\/wp-content\/uploads\/2023\/10\/image-7.png 1024w, https:\/\/radar190.com.br\/wp-content\/uploads\/2023\/10\/image-7-300x199.png 300w, https:\/\/radar190.com.br\/wp-content\/uploads\/2023\/10\/image-7-768x509.png 768w\" sizes=\"auto, (max-width: 1024px) 100vw, 1024px\" \/><\/figure>\n        <div class=\"booster-block booster-reactions-block\">\n            <div class=\"twp-reactions-icons\">\n                \n                <div class=\"twp-reacts-wrap\">\n                    <a react-data=\"be-react-1\" post-id=\"2700\" class=\"be-face-icons un-reacted\" href=\"javascript:void(0)\">\n                        <img decoding=\"async\" src=\"https:\/\/radar190.com.br\/wp-content\/plugins\/booster-extension\/\/assets\/icon\/happy.svg\" alt=\"Happy\">\n                    <\/a>\n                    <div class=\"twp-reaction-title\">\n                        Happy                    <\/div>\n                    <div class=\"twp-count-percent\">\n                                                    <span style=\"display: none;\" class=\"twp-react-count\">0<\/span>\n                        \n                                                <span class=\"twp-react-percent\"><span>0<\/span> %<\/span>\n                                            <\/div>\n                <\/div>\n\n                <div class=\"twp-reacts-wrap\">\n                    <a react-data=\"be-react-2\" post-id=\"2700\" class=\"be-face-icons un-reacted\" href=\"javascript:void(0)\">\n                        <img decoding=\"async\" src=\"https:\/\/radar190.com.br\/wp-content\/plugins\/booster-extension\/\/assets\/icon\/sad.svg\" alt=\"Sad\">\n                    <\/a>\n                    <div class=\"twp-reaction-title\">\n                        Sad                    <\/div>\n                    <div class=\"twp-count-percent\">\n                                                    <span style=\"display: none;\" class=\"twp-react-count\">0<\/span>\n                                                                        <span class=\"twp-react-percent\"><span>0<\/span> %<\/span>\n                                            <\/div>\n                <\/div>\n\n                <div class=\"twp-reacts-wrap\">\n                    <a react-data=\"be-react-3\" post-id=\"2700\" class=\"be-face-icons un-reacted\" href=\"javascript:void(0)\">\n                        <img decoding=\"async\" src=\"https:\/\/radar190.com.br\/wp-content\/plugins\/booster-extension\/\/assets\/icon\/excited.svg\" alt=\"Excited\">\n                    <\/a>\n                    <div class=\"twp-reaction-title\">\n                        Excited                    <\/div>\n                    <div class=\"twp-count-percent\">\n                                                    <span style=\"display: none;\" class=\"twp-react-count\">0<\/span>\n                                                                        <span class=\"twp-react-percent\"><span>0<\/span> %<\/span>\n                                            <\/div>\n                <\/div>\n\n                <div class=\"twp-reacts-wrap\">\n                    <a react-data=\"be-react-6\" post-id=\"2700\" class=\"be-face-icons un-reacted\" href=\"javascript:void(0)\">\n                        <img decoding=\"async\" src=\"https:\/\/radar190.com.br\/wp-content\/plugins\/booster-extension\/\/assets\/icon\/sleepy.svg\" alt=\"Sleepy\">\n                    <\/a>\n                    <div class=\"twp-reaction-title\">\n                        Sleepy                    <\/div>\n                    <div class=\"twp-count-percent\">\n                                                    <span style=\"display: none;\" class=\"twp-react-count\">0<\/span>\n                        \n                                                <span class=\"twp-react-percent\"><span>0<\/span> %<\/span>\n                                            <\/div>\n                <\/div>\n\n                <div class=\"twp-reacts-wrap\">\n                    <a react-data=\"be-react-4\" post-id=\"2700\" class=\"be-face-icons un-reacted\" href=\"javascript:void(0)\">\n                        <img decoding=\"async\" src=\"https:\/\/radar190.com.br\/wp-content\/plugins\/booster-extension\/\/assets\/icon\/angry.svg\" alt=\"Angry\">\n                    <\/a>\n                    <div class=\"twp-reaction-title\">Angry<\/div>\n                    <div class=\"twp-count-percent\">\n                                                    <span style=\"display: none;\" class=\"twp-react-count\">0<\/span>\n                                                                        <span class=\"twp-react-percent\"><span>0<\/span> %<\/span>\n                        \n                    <\/div>\n                <\/div>\n\n                <div class=\"twp-reacts-wrap\">\n                    <a react-data=\"be-react-5\" post-id=\"2700\" class=\"be-face-icons un-reacted\" href=\"javascript:void(0)\">\n                        <img decoding=\"async\" src=\"https:\/\/radar190.com.br\/wp-content\/plugins\/booster-extension\/\/assets\/icon\/surprise.svg\" alt=\"Surprise\">\n                    <\/a>\n                    <div class=\"twp-reaction-title\">Surprise<\/div>\n                    <div class=\"twp-count-percent\">\n                                                    <span style=\"display: none;\" class=\"twp-react-count\">0<\/span>\n                                                                        <span class=\"twp-react-percent\"><span>0<\/span> %<\/span>\n                                            <\/div>\n                <\/div>\n\n            <\/div>\n        <\/div>\n\n    ","protected":false},"excerpt":{"rendered":"<p>A cultura e os artistas de Monte Horebe protagonizaram uma noite de m\u00fasica, teatro e cultura popular no Audit\u00f3rio Celso Furtado, localizado no Centro Cultural Ariano Suassuna do Tribunal de Contas do Estado da Para\u00edba (TCE-PB), na capital paraibana. O evento Noite de Monte Horebe aconteceu na \u00faltima sexta-feira, 29 [&hellip;]<\/p>\n","protected":false},"author":1,"featured_media":2705,"comment_status":"open","ping_status":"open","sticky":false,"template":"","format":"standard","meta":{"_mi_skip_tracking":false,"_ti_tpc_template_sync":false,"_ti_tpc_template_id":"","_joinchat":[],"footnotes":""},"categories":[5,14,13,1,116,9,18,12,8],"tags":[],"class_list":["post-2700","post","type-post","status-publish","format-standard","has-post-thumbnail","hentry","category-brasil","category-cidades","category-cultural","category-uncategorized","category-editor-picks","category-esporte","category-mundo-brasil","category-paraiba","category-policial"],"_links":{"self":[{"href":"https:\/\/radar190.com.br\/index.php\/wp-json\/wp\/v2\/posts\/2700","targetHints":{"allow":["GET"]}}],"collection":[{"href":"https:\/\/radar190.com.br\/index.php\/wp-json\/wp\/v2\/posts"}],"about":[{"href":"https:\/\/radar190.com.br\/index.php\/wp-json\/wp\/v2\/types\/post"}],"author":[{"embeddable":true,"href":"https:\/\/radar190.com.br\/index.php\/wp-json\/wp\/v2\/users\/1"}],"replies":[{"embeddable":true,"href":"https:\/\/radar190.com.br\/index.php\/wp-json\/wp\/v2\/comments?post=2700"}],"version-history":[{"count":1,"href":"https:\/\/radar190.com.br\/index.php\/wp-json\/wp\/v2\/posts\/2700\/revisions"}],"predecessor-version":[{"id":2704,"href":"https:\/\/radar190.com.br\/index.php\/wp-json\/wp\/v2\/posts\/2700\/revisions\/2704"}],"wp:featuredmedia":[{"embeddable":true,"href":"https:\/\/radar190.com.br\/index.php\/wp-json\/wp\/v2\/media\/2705"}],"wp:attachment":[{"href":"https:\/\/radar190.com.br\/index.php\/wp-json\/wp\/v2\/media?parent=2700"}],"wp:term":[{"taxonomy":"category","embeddable":true,"href":"https:\/\/radar190.com.br\/index.php\/wp-json\/wp\/v2\/categories?post=2700"},{"taxonomy":"post_tag","embeddable":true,"href":"https:\/\/radar190.com.br\/index.php\/wp-json\/wp\/v2\/tags?post=2700"}],"curies":[{"name":"wp","href":"https:\/\/api.w.org\/{rel}","templated":true}]}}