{"id":2695,"date":"2023-10-05T09:21:04","date_gmt":"2023-10-05T12:21:04","guid":{"rendered":"https:\/\/radar190.com.br\/?p=2695"},"modified":"2023-10-05T09:24:25","modified_gmt":"2023-10-05T12:24:25","slug":"advogado-patoense-e-flagrado-agredindo-mulher-em-elevador-de-condominio-em-joao-pessoa-presidente-da-oab-pb-fala-sobre-o-caso-veja-video","status":"publish","type":"post","link":"https:\/\/radar190.com.br\/index.php\/2023\/10\/05\/advogado-patoense-e-flagrado-agredindo-mulher-em-elevador-de-condominio-em-joao-pessoa-presidente-da-oab-pb-fala-sobre-o-caso-veja-video\/","title":{"rendered":"Advogado patoense \u00e9 flagrado agredindo mulher em elevador de condom\u00ednio, em Jo\u00e3o Pessoa; presidente da OAB-PB fala sobre o caso. Veja v\u00eddeo"},"content":{"rendered":"<div class='booster-block booster-read-block'>\n                <div class=\"twp-read-time\">\n                \t<i class=\"booster-icon twp-clock\"><\/i> <span>Read Time:<\/span>2 Minute, 18 Second                <\/div>\n\n            <\/div>\n<p>Um v\u00eddeo chocante de uma agress\u00e3o a uma mulher dentro de um elevador de condom\u00ednio no bairro do Bessa, em Jo\u00e3o Pessoa, est\u00e1 circulando nas redes sociais, causando indigna\u00e7\u00e3o e preocupa\u00e7\u00e3o. Nas imagens, \u00e9 poss\u00edvel ver o suspeito arrastando a v\u00edtima pelos cabelos para fora do elevador. O suposto agressor foi identificado como o advogado patoense Jos\u00e9 C\u00e9sar Cavalcanti Neto, de acordo com informa\u00e7\u00f5es do Para\u00edba Feminina.<\/p>\n\n\n\n<p>A cena de viol\u00eancia no elevador alarmou a comunidade local e gerou uma onda de rep\u00fadio nas redes sociais. As imagens mostram o momento em que a mulher \u00e9 agredida pelo suspeito, que a puxa com viol\u00eancia pelos cabelos, enquanto ela aparentemente tenta resistir \u00e0 agress\u00e3o.<\/p>\n\n\n\n<p>O caso teria ocorrido na \u00faltima quinta-feira (28), e de acordo com a delegada Cl\u00e1udia Germana, da Delegacia Especializada de Atendimento \u00e0 Mulher (Deam) Norte, o pr\u00f3prio condom\u00ednio denunciou a agress\u00e3o e apresentou as imagens nesta ter\u00e7a-feira (3).<\/p>\n\n\n\n<p>Nesta quarta-feira (4), o s\u00edndico do condom\u00ednio foi ouvido e prestou depoimento na Delegacia. At\u00e9 o momento, a v\u00edtima n\u00e3o denunciou o crime e tamb\u00e9m n\u00e3o foi identificada.<\/p>\n\n\n\n<p>Este n\u00e3o \u00e9 o primeiro epis\u00f3dio controverso envolvendo o advogado Jos\u00e9 C\u00e9sar Cavalcanti Neto. Em 2019, ele esteve ligado a um caso em que a empres\u00e1ria Adriana Machado Bezerra, de 43 anos, caiu do 9\u00ba andar de um edif\u00edcio. O corpo da v\u00edtima foi encontrado na parte da frente do pr\u00e9dio.<\/p>\n\n\n\n<p>Adriana era muito conhecida em Patos, onde sempre residiu, mas estava morando em Jo\u00e3o Pessoa, onde vivia com o advogado Jos\u00e9 C\u00e9sar Cavalcanti Neto.<\/p>\n\n\n\n<p>Advogado j\u00e1 estava com inscri\u00e7\u00e3o na OAB suspensa<\/p>\n\n\n\n<p>O presidente da Ordem dos Advogados do Brasil \u2013 Seccional Para\u00edba (OAB-PB), Harrison Targino, se manifestou sobre o caso e destacou que a institui\u00e7\u00e3o est\u00e1 tomando medidas imediatas. Ele afirmou: \u201cAcionados pela Rede Sororidade da OAB-PB sobre os fatos, determinamos imediatamente a abertura de procedimento no Tribunal de \u00c9tica e Disciplina\u201d.<\/p>\n\n\n\n<p>Al\u00e9m disso, Targino revelou que Jos\u00e9 C\u00e9sar Cavalcanti Neto j\u00e1 teve sua inscri\u00e7\u00e3o na OAB suspensa devido a condutas consideradas incompat\u00edveis com o desempenho \u00e9tico na profiss\u00e3o.<\/p>\n\n\n\n<p>O novo processo aberto pela OAB pode resultar, eventualmente, na exclus\u00e3o do advogado Jos\u00e9 C\u00e9sar Cavalcanti Neto dos quadros da Advocacia e da OAB, ap\u00f3s o devido processo legal.<\/p>\n\n\n\n<p>Confira o pronunciamento abaixo:<\/p>\n\n\n\n<p>Acionados pela Rede Sororidade da OAB-PB sobre os fatos, determinamos imediatamente a<\/p>\n\n\n\n<p>abertura de procedimento no Tribunal de \u00c9tica e Disciplina.<\/p>\n\n\n\n<p>O citado j\u00e1 est\u00e1 com a OAB suspensa em face de condutas consideradas incompat\u00edveis com o desempenho \u00e9tico na profiss\u00e3o.<\/p>\n\n\n\n<p>Este novo processo pode redundar, eventualmente, em at\u00e9 exclus\u00e3o dos quadros da Advocacia e da OAB, ap\u00f3s o devido processo legal.<\/p>\n\n\n\n<p>Por Patosonline.com<\/p>\n\n\n\n<p>Com informa\u00e7\u00f5es de Pol\u00eamica Para\u00edba<\/p>\n\n\n\n<figure class=\"wp-block-embed is-type-video is-provider-youtube wp-block-embed-youtube wp-embed-aspect-16-9 wp-has-aspect-ratio\"><div class=\"wp-block-embed__wrapper\">\n<iframe loading=\"lazy\" title=\"Advogado patoense \u00e9 flagrado agred1ndo mulher em elevador de condom\u00ednio, em Jo\u00e3o Pessoa\" width=\"640\" height=\"360\" src=\"https:\/\/www.youtube.com\/embed\/4okg0JelnJY?start=4&#038;feature=oembed\" frameborder=\"0\" allow=\"accelerometer; autoplay; clipboard-write; encrypted-media; gyroscope; picture-in-picture; web-share\" referrerpolicy=\"strict-origin-when-cross-origin\" allowfullscreen><\/iframe>\n<\/div><\/figure>\n\n\n\n<figure class=\"wp-block-image size-full\"><img loading=\"lazy\" decoding=\"async\" width=\"640\" height=\"360\" src=\"https:\/\/radar190.com.br\/wp-content\/uploads\/2023\/10\/image-5.png\" alt=\"\" class=\"wp-image-2696\" srcset=\"https:\/\/radar190.com.br\/wp-content\/uploads\/2023\/10\/image-5.png 640w, https:\/\/radar190.com.br\/wp-content\/uploads\/2023\/10\/image-5-300x169.png 300w\" sizes=\"auto, (max-width: 640px) 100vw, 640px\" \/><\/figure>\n        <div class=\"booster-block booster-reactions-block\">\n            <div class=\"twp-reactions-icons\">\n                \n                <div class=\"twp-reacts-wrap\">\n                    <a react-data=\"be-react-1\" post-id=\"2695\" class=\"be-face-icons un-reacted\" href=\"javascript:void(0)\">\n                        <img decoding=\"async\" src=\"https:\/\/radar190.com.br\/wp-content\/plugins\/booster-extension\/\/assets\/icon\/happy.svg\" alt=\"Happy\">\n                    <\/a>\n                    <div class=\"twp-reaction-title\">\n                        Happy                    <\/div>\n                    <div class=\"twp-count-percent\">\n                                                    <span style=\"display: none;\" class=\"twp-react-count\">0<\/span>\n                        \n                                                <span class=\"twp-react-percent\"><span>0<\/span> %<\/span>\n                                            <\/div>\n                <\/div>\n\n                <div class=\"twp-reacts-wrap\">\n                    <a react-data=\"be-react-2\" post-id=\"2695\" class=\"be-face-icons un-reacted\" href=\"javascript:void(0)\">\n                        <img decoding=\"async\" src=\"https:\/\/radar190.com.br\/wp-content\/plugins\/booster-extension\/\/assets\/icon\/sad.svg\" alt=\"Sad\">\n                    <\/a>\n                    <div class=\"twp-reaction-title\">\n                        Sad                    <\/div>\n                    <div class=\"twp-count-percent\">\n                                                    <span style=\"display: none;\" class=\"twp-react-count\">0<\/span>\n                                                                        <span class=\"twp-react-percent\"><span>0<\/span> %<\/span>\n                                            <\/div>\n                <\/div>\n\n                <div class=\"twp-reacts-wrap\">\n                    <a react-data=\"be-react-3\" post-id=\"2695\" class=\"be-face-icons un-reacted\" href=\"javascript:void(0)\">\n                        <img decoding=\"async\" src=\"https:\/\/radar190.com.br\/wp-content\/plugins\/booster-extension\/\/assets\/icon\/excited.svg\" alt=\"Excited\">\n                    <\/a>\n                    <div class=\"twp-reaction-title\">\n                        Excited                    <\/div>\n                    <div class=\"twp-count-percent\">\n                                                    <span style=\"display: none;\" class=\"twp-react-count\">0<\/span>\n                                                                        <span class=\"twp-react-percent\"><span>0<\/span> %<\/span>\n                                            <\/div>\n                <\/div>\n\n                <div class=\"twp-reacts-wrap\">\n                    <a react-data=\"be-react-6\" post-id=\"2695\" class=\"be-face-icons un-reacted\" href=\"javascript:void(0)\">\n                        <img decoding=\"async\" src=\"https:\/\/radar190.com.br\/wp-content\/plugins\/booster-extension\/\/assets\/icon\/sleepy.svg\" alt=\"Sleepy\">\n                    <\/a>\n                    <div class=\"twp-reaction-title\">\n                        Sleepy                    <\/div>\n                    <div class=\"twp-count-percent\">\n                                                    <span style=\"display: none;\" class=\"twp-react-count\">0<\/span>\n                        \n                                                <span class=\"twp-react-percent\"><span>0<\/span> %<\/span>\n                                            <\/div>\n                <\/div>\n\n                <div class=\"twp-reacts-wrap\">\n                    <a react-data=\"be-react-4\" post-id=\"2695\" class=\"be-face-icons un-reacted\" href=\"javascript:void(0)\">\n                        <img decoding=\"async\" src=\"https:\/\/radar190.com.br\/wp-content\/plugins\/booster-extension\/\/assets\/icon\/angry.svg\" alt=\"Angry\">\n                    <\/a>\n                    <div class=\"twp-reaction-title\">Angry<\/div>\n                    <div class=\"twp-count-percent\">\n                                                    <span style=\"display: none;\" class=\"twp-react-count\">0<\/span>\n                                                                        <span class=\"twp-react-percent\"><span>0<\/span> %<\/span>\n                        \n                    <\/div>\n                <\/div>\n\n                <div class=\"twp-reacts-wrap\">\n                    <a react-data=\"be-react-5\" post-id=\"2695\" class=\"be-face-icons un-reacted\" href=\"javascript:void(0)\">\n                        <img decoding=\"async\" src=\"https:\/\/radar190.com.br\/wp-content\/plugins\/booster-extension\/\/assets\/icon\/surprise.svg\" alt=\"Surprise\">\n                    <\/a>\n                    <div class=\"twp-reaction-title\">Surprise<\/div>\n                    <div class=\"twp-count-percent\">\n                                                    <span style=\"display: none;\" class=\"twp-react-count\">0<\/span>\n                                                                        <span class=\"twp-react-percent\"><span>0<\/span> %<\/span>\n                                            <\/div>\n                <\/div>\n\n            <\/div>\n        <\/div>\n\n    ","protected":false},"excerpt":{"rendered":"<p>Um v\u00eddeo chocante de uma agress\u00e3o a uma mulher dentro de um elevador de condom\u00ednio no bairro do Bessa, em Jo\u00e3o Pessoa, est\u00e1 circulando nas redes sociais, causando indigna\u00e7\u00e3o e preocupa\u00e7\u00e3o. Nas imagens, \u00e9 poss\u00edvel ver o suspeito arrastando a v\u00edtima pelos cabelos para fora do elevador. O suposto agressor [&hellip;]<\/p>\n","protected":false},"author":1,"featured_media":2699,"comment_status":"open","ping_status":"open","sticky":false,"template":"","format":"standard","meta":{"_mi_skip_tracking":false,"_ti_tpc_template_sync":false,"_ti_tpc_template_id":"","_joinchat":[],"footnotes":""},"categories":[5,14,13,1,116,9,18,12,8],"tags":[],"class_list":["post-2695","post","type-post","status-publish","format-standard","has-post-thumbnail","hentry","category-brasil","category-cidades","category-cultural","category-uncategorized","category-editor-picks","category-esporte","category-mundo-brasil","category-paraiba","category-policial"],"_links":{"self":[{"href":"https:\/\/radar190.com.br\/index.php\/wp-json\/wp\/v2\/posts\/2695","targetHints":{"allow":["GET"]}}],"collection":[{"href":"https:\/\/radar190.com.br\/index.php\/wp-json\/wp\/v2\/posts"}],"about":[{"href":"https:\/\/radar190.com.br\/index.php\/wp-json\/wp\/v2\/types\/post"}],"author":[{"embeddable":true,"href":"https:\/\/radar190.com.br\/index.php\/wp-json\/wp\/v2\/users\/1"}],"replies":[{"embeddable":true,"href":"https:\/\/radar190.com.br\/index.php\/wp-json\/wp\/v2\/comments?post=2695"}],"version-history":[{"count":2,"href":"https:\/\/radar190.com.br\/index.php\/wp-json\/wp\/v2\/posts\/2695\/revisions"}],"predecessor-version":[{"id":2698,"href":"https:\/\/radar190.com.br\/index.php\/wp-json\/wp\/v2\/posts\/2695\/revisions\/2698"}],"wp:featuredmedia":[{"embeddable":true,"href":"https:\/\/radar190.com.br\/index.php\/wp-json\/wp\/v2\/media\/2699"}],"wp:attachment":[{"href":"https:\/\/radar190.com.br\/index.php\/wp-json\/wp\/v2\/media?parent=2695"}],"wp:term":[{"taxonomy":"category","embeddable":true,"href":"https:\/\/radar190.com.br\/index.php\/wp-json\/wp\/v2\/categories?post=2695"},{"taxonomy":"post_tag","embeddable":true,"href":"https:\/\/radar190.com.br\/index.php\/wp-json\/wp\/v2\/tags?post=2695"}],"curies":[{"name":"wp","href":"https:\/\/api.w.org\/{rel}","templated":true}]}}