{"id":2625,"date":"2023-09-22T09:34:29","date_gmt":"2023-09-22T12:34:29","guid":{"rendered":"https:\/\/radar190.com.br\/?p=2625"},"modified":"2023-09-22T09:36:23","modified_gmt":"2023-09-22T12:36:23","slug":"prefeitos-em-panico-parcela-do-fpm-do-dia-20-tem-reducao-de-quase-50-na-verba-que-devera-repassada-para-as-camaras-municipais","status":"publish","type":"post","link":"https:\/\/radar190.com.br\/index.php\/2023\/09\/22\/prefeitos-em-panico-parcela-do-fpm-do-dia-20-tem-reducao-de-quase-50-na-verba-que-devera-repassada-para-as-camaras-municipais\/","title":{"rendered":"Prefeitos em p\u00e2nico: Parcela do FPM do dia 20 tem redu\u00e7\u00e3o de quase 50% na verba que dever\u00e1 repassada para as C\u00e2maras Municipais\u00a0"},"content":{"rendered":"<div class='booster-block booster-read-block'>\n                <div class=\"twp-read-time\">\n                \t<i class=\"booster-icon twp-clock\"><\/i> <span>Read Time:<\/span>1 Minute, 41 Second                <\/div>\n\n            <\/div>\n<p>Munic\u00edpios da Regi\u00e3o de Patos enfrentam queda significativa no repasse do FPM para C\u00e2maras Municipais<\/p>\n\n\n\n<p>Nesta quarta-feira, 20 de setembro, munic\u00edpios de todo o Brasil receberam o segundo dec\u00eandio de setembro do Fundo de Participa\u00e7\u00e3o dos Munic\u00edpios (FPM). Esse repasse, feito a cada 10 dias pelo governo federal, \u00e9 fundamental para o custeio das despesas b\u00e1sicas das prefeituras, incluindo o pagamento de sal\u00e1rios e d\u00edvidas com fornecedores, al\u00e9m de viabilizar os repasses para as C\u00e2maras Municipais.<\/p>\n\n\n\n<p>No entanto, representantes de diversas gest\u00f5es municipais na regi\u00e3o de Patos, Para\u00edba, expressaram suas preocupa\u00e7\u00f5es com a magnitude da queda nos repasses do FPM destinados \u00e0s C\u00e2maras Municipais. Um gestor, que preferiu manter o anonimato, destacou que o montante destinado ao legislativo local n\u00e3o cobre as despesas totais, colocando as finan\u00e7as municipais em um estado de apreens\u00e3o.<\/p>\n\n\n\n<p>A situa\u00e7\u00e3o \u00e9 particularmente alarmante em seu munic\u00edpio, onde o repasse mensal para a C\u00e2mara Municipal ultrapassa R$100.000,00 (cem mil reais). Contudo, o repasse do governo federal nesta parcela, que totalizou R$ 67.422,22 (sessenta e sete mil, quatrocentos e vinte e dois reais e vinte e dois centavos), representa quase 50% a menos do que o valor recebido no mesmo per\u00edodo do ano anterior, em 2022.<\/p>\n\n\n\n<p>Diante desse cen\u00e1rio, os setores financeiros das prefeituras da regi\u00e3o de Patos est\u00e3o buscando solu\u00e7\u00f5es para enfrentar essa significativa diminui\u00e7\u00e3o nos repasses destinados \u00e0s C\u00e2maras Municipais. A queda abrupta nos recursos desafia as administra\u00e7\u00f5es municipais a encontrarem alternativas para garantir o funcionamento adequado dos poderes legislativos locais, ao mesmo tempo em que mant\u00eam o equil\u00edbrio nas contas p\u00fablicas.<\/p>\n\n\n\n<p>Essa redu\u00e7\u00e3o nos repasses do FPM para as C\u00e2maras Municipais ressalta a necessidade de uma gest\u00e3o financeira eficaz e estrat\u00e9gias para garantir que as necessidades essenciais da popula\u00e7\u00e3o e das institui\u00e7\u00f5es governamentais sejam atendidas, apesar dos desafios econ\u00f4micos. A regi\u00e3o de Patos, assim como muitas outras partes do pa\u00eds, enfrenta a complexa tarefa de administrar seus recursos de maneira eficiente para cumprir suas obriga\u00e7\u00f5es com os cidad\u00e3os e as institui\u00e7\u00f5es p\u00fablicas.<\/p>\n\n\n\n<p>Patosonline.com<\/p>\n\n\n\n<figure class=\"wp-block-image size-medium\"><img loading=\"lazy\" decoding=\"async\" width=\"300\" height=\"172\" src=\"https:\/\/radar190.com.br\/wp-content\/uploads\/2023\/09\/image-19-300x172.png\" alt=\"\" class=\"wp-image-2626\" srcset=\"https:\/\/radar190.com.br\/wp-content\/uploads\/2023\/09\/image-19-300x172.png 300w, https:\/\/radar190.com.br\/wp-content\/uploads\/2023\/09\/image-19-768x439.png 768w, https:\/\/radar190.com.br\/wp-content\/uploads\/2023\/09\/image-19.png 900w\" sizes=\"auto, (max-width: 300px) 100vw, 300px\" \/><\/figure>\n        <div class=\"booster-block booster-reactions-block\">\n            <div class=\"twp-reactions-icons\">\n                \n                <div class=\"twp-reacts-wrap\">\n                    <a react-data=\"be-react-1\" post-id=\"2625\" class=\"be-face-icons un-reacted\" href=\"javascript:void(0)\">\n                        <img decoding=\"async\" src=\"https:\/\/radar190.com.br\/wp-content\/plugins\/booster-extension\/\/assets\/icon\/happy.svg\" alt=\"Happy\">\n                    <\/a>\n                    <div class=\"twp-reaction-title\">\n                        Happy                    <\/div>\n                    <div class=\"twp-count-percent\">\n                                                    <span style=\"display: none;\" class=\"twp-react-count\">0<\/span>\n                        \n                                                <span class=\"twp-react-percent\"><span>0<\/span> %<\/span>\n                                            <\/div>\n                <\/div>\n\n                <div class=\"twp-reacts-wrap\">\n                    <a react-data=\"be-react-2\" post-id=\"2625\" class=\"be-face-icons un-reacted\" href=\"javascript:void(0)\">\n                        <img decoding=\"async\" src=\"https:\/\/radar190.com.br\/wp-content\/plugins\/booster-extension\/\/assets\/icon\/sad.svg\" alt=\"Sad\">\n                    <\/a>\n                    <div class=\"twp-reaction-title\">\n                        Sad                    <\/div>\n                    <div class=\"twp-count-percent\">\n                                                    <span style=\"display: none;\" class=\"twp-react-count\">0<\/span>\n                                                                        <span class=\"twp-react-percent\"><span>0<\/span> %<\/span>\n                                            <\/div>\n                <\/div>\n\n                <div class=\"twp-reacts-wrap\">\n                    <a react-data=\"be-react-3\" post-id=\"2625\" class=\"be-face-icons un-reacted\" href=\"javascript:void(0)\">\n                        <img decoding=\"async\" src=\"https:\/\/radar190.com.br\/wp-content\/plugins\/booster-extension\/\/assets\/icon\/excited.svg\" alt=\"Excited\">\n                    <\/a>\n                    <div class=\"twp-reaction-title\">\n                        Excited                    <\/div>\n                    <div class=\"twp-count-percent\">\n                                                    <span style=\"display: none;\" class=\"twp-react-count\">0<\/span>\n                                                                        <span class=\"twp-react-percent\"><span>0<\/span> %<\/span>\n                                            <\/div>\n                <\/div>\n\n                <div class=\"twp-reacts-wrap\">\n                    <a react-data=\"be-react-6\" post-id=\"2625\" class=\"be-face-icons un-reacted\" href=\"javascript:void(0)\">\n                        <img decoding=\"async\" src=\"https:\/\/radar190.com.br\/wp-content\/plugins\/booster-extension\/\/assets\/icon\/sleepy.svg\" alt=\"Sleepy\">\n                    <\/a>\n                    <div class=\"twp-reaction-title\">\n                        Sleepy                    <\/div>\n                    <div class=\"twp-count-percent\">\n                                                    <span style=\"display: none;\" class=\"twp-react-count\">0<\/span>\n                        \n                                                <span class=\"twp-react-percent\"><span>0<\/span> %<\/span>\n                                            <\/div>\n                <\/div>\n\n                <div class=\"twp-reacts-wrap\">\n                    <a react-data=\"be-react-4\" post-id=\"2625\" class=\"be-face-icons un-reacted\" href=\"javascript:void(0)\">\n                        <img decoding=\"async\" src=\"https:\/\/radar190.com.br\/wp-content\/plugins\/booster-extension\/\/assets\/icon\/angry.svg\" alt=\"Angry\">\n                    <\/a>\n                    <div class=\"twp-reaction-title\">Angry<\/div>\n                    <div class=\"twp-count-percent\">\n                                                    <span style=\"display: none;\" class=\"twp-react-count\">0<\/span>\n                                                                        <span class=\"twp-react-percent\"><span>0<\/span> %<\/span>\n                        \n                    <\/div>\n                <\/div>\n\n                <div class=\"twp-reacts-wrap\">\n                    <a react-data=\"be-react-5\" post-id=\"2625\" class=\"be-face-icons un-reacted\" href=\"javascript:void(0)\">\n                        <img decoding=\"async\" src=\"https:\/\/radar190.com.br\/wp-content\/plugins\/booster-extension\/\/assets\/icon\/surprise.svg\" alt=\"Surprise\">\n                    <\/a>\n                    <div class=\"twp-reaction-title\">Surprise<\/div>\n                    <div class=\"twp-count-percent\">\n                                                    <span style=\"display: none;\" class=\"twp-react-count\">0<\/span>\n                                                                        <span class=\"twp-react-percent\"><span>0<\/span> %<\/span>\n                                            <\/div>\n                <\/div>\n\n            <\/div>\n        <\/div>\n\n    ","protected":false},"excerpt":{"rendered":"<p>Munic\u00edpios da Regi\u00e3o de Patos enfrentam queda significativa no repasse do FPM para C\u00e2maras Municipais Nesta quarta-feira, 20 de setembro, munic\u00edpios de todo o Brasil receberam o segundo dec\u00eandio de setembro do Fundo de Participa\u00e7\u00e3o dos Munic\u00edpios (FPM). Esse repasse, feito a cada 10 dias pelo governo federal, \u00e9 fundamental [&hellip;]<\/p>\n","protected":false},"author":1,"featured_media":2628,"comment_status":"open","ping_status":"open","sticky":false,"template":"","format":"standard","meta":{"_mi_skip_tracking":false,"_ti_tpc_template_sync":false,"_ti_tpc_template_id":"","_joinchat":[],"footnotes":""},"categories":[5,14,13,1,116,9,18,12,8],"tags":[],"class_list":["post-2625","post","type-post","status-publish","format-standard","has-post-thumbnail","hentry","category-brasil","category-cidades","category-cultural","category-uncategorized","category-editor-picks","category-esporte","category-mundo-brasil","category-paraiba","category-policial"],"_links":{"self":[{"href":"https:\/\/radar190.com.br\/index.php\/wp-json\/wp\/v2\/posts\/2625","targetHints":{"allow":["GET"]}}],"collection":[{"href":"https:\/\/radar190.com.br\/index.php\/wp-json\/wp\/v2\/posts"}],"about":[{"href":"https:\/\/radar190.com.br\/index.php\/wp-json\/wp\/v2\/types\/post"}],"author":[{"embeddable":true,"href":"https:\/\/radar190.com.br\/index.php\/wp-json\/wp\/v2\/users\/1"}],"replies":[{"embeddable":true,"href":"https:\/\/radar190.com.br\/index.php\/wp-json\/wp\/v2\/comments?post=2625"}],"version-history":[{"count":1,"href":"https:\/\/radar190.com.br\/index.php\/wp-json\/wp\/v2\/posts\/2625\/revisions"}],"predecessor-version":[{"id":2627,"href":"https:\/\/radar190.com.br\/index.php\/wp-json\/wp\/v2\/posts\/2625\/revisions\/2627"}],"wp:featuredmedia":[{"embeddable":true,"href":"https:\/\/radar190.com.br\/index.php\/wp-json\/wp\/v2\/media\/2628"}],"wp:attachment":[{"href":"https:\/\/radar190.com.br\/index.php\/wp-json\/wp\/v2\/media?parent=2625"}],"wp:term":[{"taxonomy":"category","embeddable":true,"href":"https:\/\/radar190.com.br\/index.php\/wp-json\/wp\/v2\/categories?post=2625"},{"taxonomy":"post_tag","embeddable":true,"href":"https:\/\/radar190.com.br\/index.php\/wp-json\/wp\/v2\/tags?post=2625"}],"curies":[{"name":"wp","href":"https:\/\/api.w.org\/{rel}","templated":true}]}}