{"id":2610,"date":"2023-09-20T08:35:11","date_gmt":"2023-09-20T11:35:11","guid":{"rendered":"https:\/\/radar190.com.br\/?p=2610"},"modified":"2023-09-20T08:45:46","modified_gmt":"2023-09-20T11:45:46","slug":"confira-os-videos-reconhecimento-e-convite-o-tribunal-de-contas-do-estado-da-paraiba-convida-criancas-do-servico-de-convivencia-da-cidade-de-monte-horebe-para-fazerem-apresentacao-cultural","status":"publish","type":"post","link":"https:\/\/radar190.com.br\/index.php\/2023\/09\/20\/confira-os-videos-reconhecimento-e-convite-o-tribunal-de-contas-do-estado-da-paraiba-convida-criancas-do-servico-de-convivencia-da-cidade-de-monte-horebe-para-fazerem-apresentacao-cultural\/","title":{"rendered":"Confira os v\u00eddeos. Reconhecimento e Convite. O Tribunal de Contas do Estado da Para\u00edba, CONVIDA Crian\u00e7as do Servi\u00e7o de Conviv\u00eancia da cidade de Monte Horebe, para fazerem apresenta\u00e7\u00e3o cultural"},"content":{"rendered":"<div class='booster-block booster-read-block'>\n                <div class=\"twp-read-time\">\n                \t<i class=\"booster-icon twp-clock\"><\/i> <span>Read Time:<\/span>46 Second                <\/div>\n\n            <\/div>\n<p>O Presidente do Tribunal de Contas do Estado da Para\u00edba, Conselheiro Nominado Diniz, ao visitar a pequena cidade de Monte Horebe, localizada no alto sert\u00e3o paraibano, ficou encantado com as a\u00e7\u00f5es administrativas daquele munic\u00edpio, ao ser recepcionado por Crian\u00e7as do Servi\u00e7o de Conviv\u00eancia, da Secretaria de A\u00e7\u00e3o Social, tocando Violino.<\/p>\n\n\n\n<p>Ap\u00f3s sentir-se bastante lisonjeado com o que presenciou, de imediato,&nbsp;Nominado Diniz, as convidou para fazer uma apresenta\u00e7\u00e3o cultural, no Audit\u00f3rio Celso Furtado, do Tribunal de Contas do Estado da Para\u00edba, no dia 29\/09\/2023, atrav\u00e9s do Projeto Ra\u00edzes Paraibanas.<\/p>\n\n\n\n<p>O prefeito&nbsp;<strong>Marcos Eron<\/strong>, sempre se orgulha de ter em seu munic\u00edpio um projeto t\u00e3o lindo e deslumbrante quanto este, das Crian\u00e7as do Servi\u00e7o de Conviv\u00eancia, da Secretaria de A\u00e7\u00e3o Social, por esse motivo, ele vem investindo alto na educa\u00e7\u00e3o dos horebenses.<\/p>\n\n\n\n<figure class=\"wp-block-embed is-type-video is-provider-youtube wp-block-embed-youtube wp-embed-aspect-16-9 wp-has-aspect-ratio\"><div class=\"wp-block-embed__wrapper\">\n<iframe loading=\"lazy\" title=\"Crian\u00e7as do Servi\u00e7o de Conviv\u00eancia, da Secretaria de A\u00e7\u00e3o Social de Monte Horebe-PB\" width=\"640\" height=\"360\" src=\"https:\/\/www.youtube.com\/embed\/R53QYo_7C6A?feature=oembed\" frameborder=\"0\" allow=\"accelerometer; autoplay; clipboard-write; encrypted-media; gyroscope; picture-in-picture; web-share\" referrerpolicy=\"strict-origin-when-cross-origin\" allowfullscreen><\/iframe>\n<\/div><\/figure>\n\n\n\n<figure class=\"wp-block-embed is-type-video is-provider-youtube wp-block-embed-youtube wp-embed-aspect-16-9 wp-has-aspect-ratio\"><div class=\"wp-block-embed__wrapper\">\n<iframe loading=\"lazy\" title=\"Crian\u00e7as do Servi\u00e7o de Conviv\u00eancia, da Secretaria de A\u00e7\u00e3o Social de Monte Horebe-PB\" width=\"640\" height=\"360\" src=\"https:\/\/www.youtube.com\/embed\/0gH7jhH0Xmo?start=2&#038;feature=oembed\" frameborder=\"0\" allow=\"accelerometer; autoplay; clipboard-write; encrypted-media; gyroscope; picture-in-picture; web-share\" referrerpolicy=\"strict-origin-when-cross-origin\" allowfullscreen><\/iframe>\n<\/div><\/figure>\n\n\n\n<figure class=\"wp-block-image size-full\"><img loading=\"lazy\" decoding=\"async\" width=\"1000\" height=\"562\" src=\"https:\/\/radar190.com.br\/wp-content\/uploads\/2023\/09\/image-17.png\" alt=\"\" class=\"wp-image-2611\" srcset=\"https:\/\/radar190.com.br\/wp-content\/uploads\/2023\/09\/image-17.png 1000w, https:\/\/radar190.com.br\/wp-content\/uploads\/2023\/09\/image-17-300x169.png 300w, https:\/\/radar190.com.br\/wp-content\/uploads\/2023\/09\/image-17-768x432.png 768w\" sizes=\"auto, (max-width: 1000px) 100vw, 1000px\" \/><\/figure>\n        <div class=\"booster-block booster-reactions-block\">\n            <div class=\"twp-reactions-icons\">\n                \n                <div class=\"twp-reacts-wrap\">\n                    <a react-data=\"be-react-1\" post-id=\"2610\" class=\"be-face-icons un-reacted\" href=\"javascript:void(0)\">\n                        <img decoding=\"async\" src=\"https:\/\/radar190.com.br\/wp-content\/plugins\/booster-extension\/\/assets\/icon\/happy.svg\" alt=\"Happy\">\n                    <\/a>\n                    <div class=\"twp-reaction-title\">\n                        Happy                    <\/div>\n                    <div class=\"twp-count-percent\">\n                                                    <span style=\"display: none;\" class=\"twp-react-count\">0<\/span>\n                        \n                                                <span class=\"twp-react-percent\"><span>0<\/span> %<\/span>\n                                            <\/div>\n                <\/div>\n\n                <div class=\"twp-reacts-wrap\">\n                    <a react-data=\"be-react-2\" post-id=\"2610\" class=\"be-face-icons un-reacted\" href=\"javascript:void(0)\">\n                        <img decoding=\"async\" src=\"https:\/\/radar190.com.br\/wp-content\/plugins\/booster-extension\/\/assets\/icon\/sad.svg\" alt=\"Sad\">\n                    <\/a>\n                    <div class=\"twp-reaction-title\">\n                        Sad                    <\/div>\n                    <div class=\"twp-count-percent\">\n                                                    <span style=\"display: none;\" class=\"twp-react-count\">0<\/span>\n                                                                        <span class=\"twp-react-percent\"><span>0<\/span> %<\/span>\n                                            <\/div>\n                <\/div>\n\n                <div class=\"twp-reacts-wrap\">\n                    <a react-data=\"be-react-3\" post-id=\"2610\" class=\"be-face-icons un-reacted\" href=\"javascript:void(0)\">\n                        <img decoding=\"async\" src=\"https:\/\/radar190.com.br\/wp-content\/plugins\/booster-extension\/\/assets\/icon\/excited.svg\" alt=\"Excited\">\n                    <\/a>\n                    <div class=\"twp-reaction-title\">\n                        Excited                    <\/div>\n                    <div class=\"twp-count-percent\">\n                                                    <span style=\"display: none;\" class=\"twp-react-count\">0<\/span>\n                                                                        <span class=\"twp-react-percent\"><span>0<\/span> %<\/span>\n                                            <\/div>\n                <\/div>\n\n                <div class=\"twp-reacts-wrap\">\n                    <a react-data=\"be-react-6\" post-id=\"2610\" class=\"be-face-icons un-reacted\" href=\"javascript:void(0)\">\n                        <img decoding=\"async\" src=\"https:\/\/radar190.com.br\/wp-content\/plugins\/booster-extension\/\/assets\/icon\/sleepy.svg\" alt=\"Sleepy\">\n                    <\/a>\n                    <div class=\"twp-reaction-title\">\n                        Sleepy                    <\/div>\n                    <div class=\"twp-count-percent\">\n                                                    <span style=\"display: none;\" class=\"twp-react-count\">0<\/span>\n                        \n                                                <span class=\"twp-react-percent\"><span>0<\/span> %<\/span>\n                                            <\/div>\n                <\/div>\n\n                <div class=\"twp-reacts-wrap\">\n                    <a react-data=\"be-react-4\" post-id=\"2610\" class=\"be-face-icons un-reacted\" href=\"javascript:void(0)\">\n                        <img decoding=\"async\" src=\"https:\/\/radar190.com.br\/wp-content\/plugins\/booster-extension\/\/assets\/icon\/angry.svg\" alt=\"Angry\">\n                    <\/a>\n                    <div class=\"twp-reaction-title\">Angry<\/div>\n                    <div class=\"twp-count-percent\">\n                                                    <span style=\"display: none;\" class=\"twp-react-count\">0<\/span>\n                                                                        <span class=\"twp-react-percent\"><span>0<\/span> %<\/span>\n                        \n                    <\/div>\n                <\/div>\n\n                <div class=\"twp-reacts-wrap\">\n                    <a react-data=\"be-react-5\" post-id=\"2610\" class=\"be-face-icons un-reacted\" href=\"javascript:void(0)\">\n                        <img decoding=\"async\" src=\"https:\/\/radar190.com.br\/wp-content\/plugins\/booster-extension\/\/assets\/icon\/surprise.svg\" alt=\"Surprise\">\n                    <\/a>\n                    <div class=\"twp-reaction-title\">Surprise<\/div>\n                    <div class=\"twp-count-percent\">\n                                                    <span style=\"display: none;\" class=\"twp-react-count\">0<\/span>\n                                                                        <span class=\"twp-react-percent\"><span>0<\/span> %<\/span>\n                                            <\/div>\n                <\/div>\n\n            <\/div>\n        <\/div>\n\n    ","protected":false},"excerpt":{"rendered":"<p>O Presidente do Tribunal de Contas do Estado da Para\u00edba, Conselheiro Nominado Diniz, ao visitar a pequena cidade de Monte Horebe, localizada no alto sert\u00e3o paraibano, ficou encantado com as a\u00e7\u00f5es administrativas daquele munic\u00edpio, ao ser recepcionado por Crian\u00e7as do Servi\u00e7o de Conviv\u00eancia, da Secretaria de A\u00e7\u00e3o Social, tocando Violino. [&hellip;]<\/p>\n","protected":false},"author":1,"featured_media":2616,"comment_status":"open","ping_status":"open","sticky":false,"template":"","format":"standard","meta":{"_mi_skip_tracking":false,"_ti_tpc_template_sync":false,"_ti_tpc_template_id":"","_joinchat":[],"footnotes":""},"categories":[5,14,13,1,116,9,18,12,8],"tags":[],"class_list":["post-2610","post","type-post","status-publish","format-standard","has-post-thumbnail","hentry","category-brasil","category-cidades","category-cultural","category-uncategorized","category-editor-picks","category-esporte","category-mundo-brasil","category-paraiba","category-policial"],"_links":{"self":[{"href":"https:\/\/radar190.com.br\/index.php\/wp-json\/wp\/v2\/posts\/2610","targetHints":{"allow":["GET"]}}],"collection":[{"href":"https:\/\/radar190.com.br\/index.php\/wp-json\/wp\/v2\/posts"}],"about":[{"href":"https:\/\/radar190.com.br\/index.php\/wp-json\/wp\/v2\/types\/post"}],"author":[{"embeddable":true,"href":"https:\/\/radar190.com.br\/index.php\/wp-json\/wp\/v2\/users\/1"}],"replies":[{"embeddable":true,"href":"https:\/\/radar190.com.br\/index.php\/wp-json\/wp\/v2\/comments?post=2610"}],"version-history":[{"count":3,"href":"https:\/\/radar190.com.br\/index.php\/wp-json\/wp\/v2\/posts\/2610\/revisions"}],"predecessor-version":[{"id":2615,"href":"https:\/\/radar190.com.br\/index.php\/wp-json\/wp\/v2\/posts\/2610\/revisions\/2615"}],"wp:featuredmedia":[{"embeddable":true,"href":"https:\/\/radar190.com.br\/index.php\/wp-json\/wp\/v2\/media\/2616"}],"wp:attachment":[{"href":"https:\/\/radar190.com.br\/index.php\/wp-json\/wp\/v2\/media?parent=2610"}],"wp:term":[{"taxonomy":"category","embeddable":true,"href":"https:\/\/radar190.com.br\/index.php\/wp-json\/wp\/v2\/categories?post=2610"},{"taxonomy":"post_tag","embeddable":true,"href":"https:\/\/radar190.com.br\/index.php\/wp-json\/wp\/v2\/tags?post=2610"}],"curies":[{"name":"wp","href":"https:\/\/api.w.org\/{rel}","templated":true}]}}