{"id":2539,"date":"2023-09-08T07:36:25","date_gmt":"2023-09-08T10:36:25","guid":{"rendered":"https:\/\/radar190.com.br\/?p=2539"},"modified":"2023-09-08T07:37:32","modified_gmt":"2023-09-08T10:37:32","slug":"corpo-encontrado-em-distrito-de-campina-grande-e-da-adolescente-de-14-anos-que-estava-desaparecida-victoria-aragao-estava-desaparecida-desde-o-dia-26-de-agosto","status":"publish","type":"post","link":"https:\/\/radar190.com.br\/index.php\/2023\/09\/08\/corpo-encontrado-em-distrito-de-campina-grande-e-da-adolescente-de-14-anos-que-estava-desaparecida-victoria-aragao-estava-desaparecida-desde-o-dia-26-de-agosto\/","title":{"rendered":"Corpo encontrado em distrito de Campina Grande \u00e9 da adolescente de 14 anos que estava desaparecida Vict\u00f3ria Arag\u00e3o estava desaparecida desde o dia 26 de agosto"},"content":{"rendered":"<div class='booster-block booster-read-block'>\n                <div class=\"twp-read-time\">\n                \t<i class=\"booster-icon twp-clock\"><\/i> <span>Read Time:<\/span>1 Minute, 46 Second                <\/div>\n\n            <\/div>\n<p>A Pol\u00edcia Civil confirmou que o corpo localizado no distrito de Galante, em Campina Grande, \u00e9 da adolescente Vict\u00f3ria Arag\u00e3o, de 14 anos, que estava desaparecida desde o dia 26 de agosto. O corpo foi localizado no dia 29, mas o resultado da per\u00edcia conclusiva s\u00f3 saiu nesta ter\u00e7a-feira (05).<\/p>\n\n\n\n<p>Vict\u00f3ria desapareceu por volta das 19h de um s\u00e1bado, ap\u00f3s sair de casa dizendo que iria encontrar as amigas na pra\u00e7a do distrito. A m\u00e3e dela, Vanessa Arag\u00e3o, revelou que a filha havia mandado uma mensagem para o av\u00f4, \u00e0s 21h daquela noite, dizendo que odiava Galante e todas as pessoas e que ia embora para Campina Grande. A adolescente sofria de depress\u00e3o e ansiedade, mas fazia tratamento e tomava rem\u00e9dios regularmente, segundo a m\u00e3e.<\/p>\n\n\n\n<p>A av\u00f3 de Vict\u00f3ria, S\u00f4nia Dias, contou ao portal G1PB que a adolescente tinha duas amigas pr\u00f3ximas, que frequentavam a casa h\u00e1 muito tempo, mas que no \u00faltimo m\u00eas, pessoas desconhecidas passaram a se aproximar da neta.<\/p>\n\n\n\n<p>\u201cEssas pessoas foram capazes de fazer isso com minha menina, que eu criei desde que nasceu. A m\u00e3e sempre deu assist\u00eancia, mas 24 horas por dia era comigo. Eu tinha minha menina, explicava que n\u00e3o podia entrar em carro e ir com pessoas desconhecidas, mas essas pessoas se aproximaram de Vict\u00f3ria para se aproveitar da bondade dela. Ela foi atra\u00edda por uma pessoa muito conhecida\u201d, disse a idosa.<\/p>\n\n\n\n<p>J\u00e1 o av\u00f4, Geneton Arag\u00e3o, revela que ultimamente a neta estava mais calada e por diversas vezes ele a ouviu discutindo com outras pessoas e chorando no telefone.<\/p>\n\n\n\n<p>\u201cForam onze dias de muita tristeza, n\u00e3o sei como passamos aguentando o sufoco dentro de casa. A menina n\u00e3o tinha rela\u00e7\u00e3o com essas pessoas, era amiga de col\u00e9gio. De repente acontece uma situa\u00e7\u00e3o dessas e a gente n\u00e3o sabe qual foi o problema, porque ela muito mal sa\u00eda de casa. Passava a noite todinha no celular se comunicando com alguma pessoa, a gente ia para o quarto e s\u00f3 ouvia ela discutindo, mas n\u00e3o tinha ideia de quem era. E ela chorava e dizia que estava conversando com uma amiga\u201d, disse o av\u00f4.<\/p>\n\n\n\n<p>G1 PB<\/p>\n\n\n\n<figure class=\"wp-block-image size-full\"><img loading=\"lazy\" decoding=\"async\" width=\"640\" height=\"412\" src=\"https:\/\/radar190.com.br\/wp-content\/uploads\/2023\/09\/image-4.png\" alt=\"\" class=\"wp-image-2540\" srcset=\"https:\/\/radar190.com.br\/wp-content\/uploads\/2023\/09\/image-4.png 640w, https:\/\/radar190.com.br\/wp-content\/uploads\/2023\/09\/image-4-300x193.png 300w\" sizes=\"auto, (max-width: 640px) 100vw, 640px\" \/><\/figure>\n        <div class=\"booster-block booster-reactions-block\">\n            <div class=\"twp-reactions-icons\">\n                \n                <div class=\"twp-reacts-wrap\">\n                    <a react-data=\"be-react-1\" post-id=\"2539\" class=\"be-face-icons un-reacted\" href=\"javascript:void(0)\">\n                        <img decoding=\"async\" src=\"https:\/\/radar190.com.br\/wp-content\/plugins\/booster-extension\/\/assets\/icon\/happy.svg\" alt=\"Happy\">\n                    <\/a>\n                    <div class=\"twp-reaction-title\">\n                        Happy                    <\/div>\n                    <div class=\"twp-count-percent\">\n                                                    <span style=\"display: none;\" class=\"twp-react-count\">0<\/span>\n                        \n                                                <span class=\"twp-react-percent\"><span>0<\/span> %<\/span>\n                                            <\/div>\n                <\/div>\n\n                <div class=\"twp-reacts-wrap\">\n                    <a react-data=\"be-react-2\" post-id=\"2539\" class=\"be-face-icons un-reacted\" href=\"javascript:void(0)\">\n                        <img decoding=\"async\" src=\"https:\/\/radar190.com.br\/wp-content\/plugins\/booster-extension\/\/assets\/icon\/sad.svg\" alt=\"Sad\">\n                    <\/a>\n                    <div class=\"twp-reaction-title\">\n                        Sad                    <\/div>\n                    <div class=\"twp-count-percent\">\n                                                    <span style=\"display: none;\" class=\"twp-react-count\">0<\/span>\n                                                                        <span class=\"twp-react-percent\"><span>0<\/span> %<\/span>\n                                            <\/div>\n                <\/div>\n\n                <div class=\"twp-reacts-wrap\">\n                    <a react-data=\"be-react-3\" post-id=\"2539\" class=\"be-face-icons un-reacted\" href=\"javascript:void(0)\">\n                        <img decoding=\"async\" src=\"https:\/\/radar190.com.br\/wp-content\/plugins\/booster-extension\/\/assets\/icon\/excited.svg\" alt=\"Excited\">\n                    <\/a>\n                    <div class=\"twp-reaction-title\">\n                        Excited                    <\/div>\n                    <div class=\"twp-count-percent\">\n                                                    <span style=\"display: none;\" class=\"twp-react-count\">0<\/span>\n                                                                        <span class=\"twp-react-percent\"><span>0<\/span> %<\/span>\n                                            <\/div>\n                <\/div>\n\n                <div class=\"twp-reacts-wrap\">\n                    <a react-data=\"be-react-6\" post-id=\"2539\" class=\"be-face-icons un-reacted\" href=\"javascript:void(0)\">\n                        <img decoding=\"async\" src=\"https:\/\/radar190.com.br\/wp-content\/plugins\/booster-extension\/\/assets\/icon\/sleepy.svg\" alt=\"Sleepy\">\n                    <\/a>\n                    <div class=\"twp-reaction-title\">\n                        Sleepy                    <\/div>\n                    <div class=\"twp-count-percent\">\n                                                    <span style=\"display: none;\" class=\"twp-react-count\">0<\/span>\n                        \n                                                <span class=\"twp-react-percent\"><span>0<\/span> %<\/span>\n                                            <\/div>\n                <\/div>\n\n                <div class=\"twp-reacts-wrap\">\n                    <a react-data=\"be-react-4\" post-id=\"2539\" class=\"be-face-icons un-reacted\" href=\"javascript:void(0)\">\n                        <img decoding=\"async\" src=\"https:\/\/radar190.com.br\/wp-content\/plugins\/booster-extension\/\/assets\/icon\/angry.svg\" alt=\"Angry\">\n                    <\/a>\n                    <div class=\"twp-reaction-title\">Angry<\/div>\n                    <div class=\"twp-count-percent\">\n                                                    <span style=\"display: none;\" class=\"twp-react-count\">0<\/span>\n                                                                        <span class=\"twp-react-percent\"><span>0<\/span> %<\/span>\n                        \n                    <\/div>\n                <\/div>\n\n                <div class=\"twp-reacts-wrap\">\n                    <a react-data=\"be-react-5\" post-id=\"2539\" class=\"be-face-icons un-reacted\" href=\"javascript:void(0)\">\n                        <img decoding=\"async\" src=\"https:\/\/radar190.com.br\/wp-content\/plugins\/booster-extension\/\/assets\/icon\/surprise.svg\" alt=\"Surprise\">\n                    <\/a>\n                    <div class=\"twp-reaction-title\">Surprise<\/div>\n                    <div class=\"twp-count-percent\">\n                                                    <span style=\"display: none;\" class=\"twp-react-count\">0<\/span>\n                                                                        <span class=\"twp-react-percent\"><span>0<\/span> %<\/span>\n                                            <\/div>\n                <\/div>\n\n            <\/div>\n        <\/div>\n\n    ","protected":false},"excerpt":{"rendered":"<p>A Pol\u00edcia Civil confirmou que o corpo localizado no distrito de Galante, em Campina Grande, \u00e9 da adolescente Vict\u00f3ria Arag\u00e3o, de 14 anos, que estava desaparecida desde o dia 26 de agosto. O corpo foi localizado no dia 29, mas o resultado da per\u00edcia conclusiva s\u00f3 saiu nesta ter\u00e7a-feira (05). [&hellip;]<\/p>\n","protected":false},"author":1,"featured_media":2542,"comment_status":"open","ping_status":"open","sticky":false,"template":"","format":"standard","meta":{"_mi_skip_tracking":false,"_ti_tpc_template_sync":false,"_ti_tpc_template_id":"","_joinchat":[],"footnotes":""},"categories":[5,14,13,1,9,18,12,8],"tags":[],"class_list":["post-2539","post","type-post","status-publish","format-standard","has-post-thumbnail","hentry","category-brasil","category-cidades","category-cultural","category-uncategorized","category-esporte","category-mundo-brasil","category-paraiba","category-policial"],"_links":{"self":[{"href":"https:\/\/radar190.com.br\/index.php\/wp-json\/wp\/v2\/posts\/2539","targetHints":{"allow":["GET"]}}],"collection":[{"href":"https:\/\/radar190.com.br\/index.php\/wp-json\/wp\/v2\/posts"}],"about":[{"href":"https:\/\/radar190.com.br\/index.php\/wp-json\/wp\/v2\/types\/post"}],"author":[{"embeddable":true,"href":"https:\/\/radar190.com.br\/index.php\/wp-json\/wp\/v2\/users\/1"}],"replies":[{"embeddable":true,"href":"https:\/\/radar190.com.br\/index.php\/wp-json\/wp\/v2\/comments?post=2539"}],"version-history":[{"count":1,"href":"https:\/\/radar190.com.br\/index.php\/wp-json\/wp\/v2\/posts\/2539\/revisions"}],"predecessor-version":[{"id":2541,"href":"https:\/\/radar190.com.br\/index.php\/wp-json\/wp\/v2\/posts\/2539\/revisions\/2541"}],"wp:featuredmedia":[{"embeddable":true,"href":"https:\/\/radar190.com.br\/index.php\/wp-json\/wp\/v2\/media\/2542"}],"wp:attachment":[{"href":"https:\/\/radar190.com.br\/index.php\/wp-json\/wp\/v2\/media?parent=2539"}],"wp:term":[{"taxonomy":"category","embeddable":true,"href":"https:\/\/radar190.com.br\/index.php\/wp-json\/wp\/v2\/categories?post=2539"},{"taxonomy":"post_tag","embeddable":true,"href":"https:\/\/radar190.com.br\/index.php\/wp-json\/wp\/v2\/tags?post=2539"}],"curies":[{"name":"wp","href":"https:\/\/api.w.org\/{rel}","templated":true}]}}