{"id":2497,"date":"2023-08-25T08:30:58","date_gmt":"2023-08-25T11:30:58","guid":{"rendered":"https:\/\/radar190.com.br\/?p=2497"},"modified":"2023-08-25T08:31:28","modified_gmt":"2023-08-25T11:31:28","slug":"bebe-encontrado-morto-em-lixeira-na-pb-nasceu-com-vida-diz-pericia","status":"publish","type":"post","link":"https:\/\/radar190.com.br\/index.php\/2023\/08\/25\/bebe-encontrado-morto-em-lixeira-na-pb-nasceu-com-vida-diz-pericia\/","title":{"rendered":"Beb\u00ea encontrado morto em lixeira na PB nasceu com vida, diz per\u00edcia"},"content":{"rendered":"<div class='booster-block booster-read-block'>\n                <div class=\"twp-read-time\">\n                \t<i class=\"booster-icon twp-clock\"><\/i> <span>Read Time:<\/span>2 Minute, 0 Second                <\/div>\n\n            <\/div>\n<p>O beb\u00ea encontrado morto dentro de uma caixa de sapato, em uma lixeira, no bairro de Intermares, em Cabedelo, em mar\u00e7o, nasceu com vida e respirou ap\u00f3s o parto, conforme informa\u00e7\u00f5es da diretora do Numol, do Instituto de Pol\u00edcia Cient\u00edfica de Jo\u00e3o Pessoa, Cristiane Helena, em contato com a TV Cabo Branco. Na ter\u00e7a-feira (22), o abandono do beb\u00ea completa 5 meses.<\/p>\n\n\n\n<p>Tamb\u00e9m para a TV Cabo Branco, Cristiane Helena informou que mais detalhes sobre a causa da morte do beb\u00ea ser\u00e3o revelados em entrevista coletiva que vai ocorrer at\u00e9 sexta-feira (25). Ela n\u00e3o quis dar mais detalhes sobre a causa da morte da crian\u00e7a no momento.<\/p>\n\n\n\n<p>Segundo o IPC, a causa da morte da crian\u00e7a foi por asfixia, constatado em laudo do instituto. Detalhes quanto ao que desencadeou a asfixia n\u00e3o foram revelados.<\/p>\n\n\n\n<p>De acordo com as investiga\u00e7\u00f5es da pol\u00edcia, o pais do beb\u00ea declararam em depoimento que a estudante m\u00e3e da crian\u00e7a soube da gravidez no in\u00edcio de mar\u00e7o e que posteriormente sofreu um aborto espont\u00e2neo. A m\u00e3e e o pai do beb\u00ea s\u00e3o estudantes de medicina, em universidade no litoral sul.<\/p>\n\n\n\n<p>O beb\u00ea teria cerca de 30 semanas, era do sexo masculino e estava dentro de uma caixa de sapato quando foi encontrado dentro de tambor de lixo por um catador. Um exame de DNA foi feito para comprovar os la\u00e7os familiares entre os tr\u00eas envolvidos.<\/p>\n\n\n\n<p>Ainda conforme o depoimento prestado \u00e0 pol\u00edcia, a m\u00e3e de 22 anos contou que n\u00e3o apresentava sinais t\u00edpicos de gravidez. Na vers\u00e3o dita para a pol\u00edcia, ela afirmou que as duas fam\u00edlias n\u00e3o sabiam da gravidez e que o casal temia a rea\u00e7\u00e3o dos familiares quando descobrissem. Somente no come\u00e7o de mar\u00e7o \u00e9 que a jovem teria descoberto que estava gr\u00e1vida, ap\u00f3s fazer um teste r\u00e1pido.<\/p>\n\n\n\n<p>O casal revelou, \u00e0 \u00e9poca, que no dia 21 de mar\u00e7o, a m\u00e3e sofreu um aborto espont\u00e2neo, por volta das 14h. No mesmo dia, c\u00e2meras de seguran\u00e7a de um pr\u00e9dio em Intermares, na Grande Jo\u00e3o Pessoa, flagraram o momento em que um homem, em que a pol\u00edcia suspeita ser o pai, de 21 anos, jogou em uma lata de lixo uma caixa, que estava dentro de uma sacola pl\u00e1stica. O corpo do beb\u00ea estava dentro da caixa.<\/p>\n\n\n\n<p>Uma per\u00edcia realizada pelo Instituto de Pol\u00edcia Cient\u00edfica (IPC) na \u00e9poca em que aconteceu o caso, confirmou que o corpo n\u00e3o tinha les\u00f5es externas.<\/p>\n\n\n\n<p>Fonte: g1 PB<\/p>\n\n\n\n<figure class=\"wp-block-image size-full\"><img loading=\"lazy\" decoding=\"async\" width=\"640\" height=\"376\" src=\"https:\/\/radar190.com.br\/wp-content\/uploads\/2023\/08\/image-9.png\" alt=\"\" class=\"wp-image-2498\" srcset=\"https:\/\/radar190.com.br\/wp-content\/uploads\/2023\/08\/image-9.png 640w, https:\/\/radar190.com.br\/wp-content\/uploads\/2023\/08\/image-9-300x176.png 300w\" sizes=\"auto, (max-width: 640px) 100vw, 640px\" \/><\/figure>\n        <div class=\"booster-block booster-reactions-block\">\n            <div class=\"twp-reactions-icons\">\n                \n                <div class=\"twp-reacts-wrap\">\n                    <a react-data=\"be-react-1\" post-id=\"2497\" class=\"be-face-icons un-reacted\" href=\"javascript:void(0)\">\n                        <img decoding=\"async\" src=\"https:\/\/radar190.com.br\/wp-content\/plugins\/booster-extension\/\/assets\/icon\/happy.svg\" alt=\"Happy\">\n                    <\/a>\n                    <div class=\"twp-reaction-title\">\n                        Happy                    <\/div>\n                    <div class=\"twp-count-percent\">\n                                                    <span style=\"display: none;\" class=\"twp-react-count\">0<\/span>\n                        \n                                                <span class=\"twp-react-percent\"><span>0<\/span> %<\/span>\n                                            <\/div>\n                <\/div>\n\n                <div class=\"twp-reacts-wrap\">\n                    <a react-data=\"be-react-2\" post-id=\"2497\" class=\"be-face-icons un-reacted\" href=\"javascript:void(0)\">\n                        <img decoding=\"async\" src=\"https:\/\/radar190.com.br\/wp-content\/plugins\/booster-extension\/\/assets\/icon\/sad.svg\" alt=\"Sad\">\n                    <\/a>\n                    <div class=\"twp-reaction-title\">\n                        Sad                    <\/div>\n                    <div class=\"twp-count-percent\">\n                                                    <span style=\"display: none;\" class=\"twp-react-count\">0<\/span>\n                                                                        <span class=\"twp-react-percent\"><span>0<\/span> %<\/span>\n                                            <\/div>\n                <\/div>\n\n                <div class=\"twp-reacts-wrap\">\n                    <a react-data=\"be-react-3\" post-id=\"2497\" class=\"be-face-icons un-reacted\" href=\"javascript:void(0)\">\n                        <img decoding=\"async\" src=\"https:\/\/radar190.com.br\/wp-content\/plugins\/booster-extension\/\/assets\/icon\/excited.svg\" alt=\"Excited\">\n                    <\/a>\n                    <div class=\"twp-reaction-title\">\n                        Excited                    <\/div>\n                    <div class=\"twp-count-percent\">\n                                                    <span style=\"display: none;\" class=\"twp-react-count\">0<\/span>\n                                                                        <span class=\"twp-react-percent\"><span>0<\/span> %<\/span>\n                                            <\/div>\n                <\/div>\n\n                <div class=\"twp-reacts-wrap\">\n                    <a react-data=\"be-react-6\" post-id=\"2497\" class=\"be-face-icons un-reacted\" href=\"javascript:void(0)\">\n                        <img decoding=\"async\" src=\"https:\/\/radar190.com.br\/wp-content\/plugins\/booster-extension\/\/assets\/icon\/sleepy.svg\" alt=\"Sleepy\">\n                    <\/a>\n                    <div class=\"twp-reaction-title\">\n                        Sleepy                    <\/div>\n                    <div class=\"twp-count-percent\">\n                                                    <span style=\"display: none;\" class=\"twp-react-count\">0<\/span>\n                        \n                                                <span class=\"twp-react-percent\"><span>0<\/span> %<\/span>\n                                            <\/div>\n                <\/div>\n\n                <div class=\"twp-reacts-wrap\">\n                    <a react-data=\"be-react-4\" post-id=\"2497\" class=\"be-face-icons un-reacted\" href=\"javascript:void(0)\">\n                        <img decoding=\"async\" src=\"https:\/\/radar190.com.br\/wp-content\/plugins\/booster-extension\/\/assets\/icon\/angry.svg\" alt=\"Angry\">\n                    <\/a>\n                    <div class=\"twp-reaction-title\">Angry<\/div>\n                    <div class=\"twp-count-percent\">\n                                                    <span style=\"display: none;\" class=\"twp-react-count\">0<\/span>\n                                                                        <span class=\"twp-react-percent\"><span>0<\/span> %<\/span>\n                        \n                    <\/div>\n                <\/div>\n\n                <div class=\"twp-reacts-wrap\">\n                    <a react-data=\"be-react-5\" post-id=\"2497\" class=\"be-face-icons un-reacted\" href=\"javascript:void(0)\">\n                        <img decoding=\"async\" src=\"https:\/\/radar190.com.br\/wp-content\/plugins\/booster-extension\/\/assets\/icon\/surprise.svg\" alt=\"Surprise\">\n                    <\/a>\n                    <div class=\"twp-reaction-title\">Surprise<\/div>\n                    <div class=\"twp-count-percent\">\n                                                    <span style=\"display: none;\" class=\"twp-react-count\">0<\/span>\n                                                                        <span class=\"twp-react-percent\"><span>0<\/span> %<\/span>\n                                            <\/div>\n                <\/div>\n\n            <\/div>\n        <\/div>\n\n    ","protected":false},"excerpt":{"rendered":"<p>O beb\u00ea encontrado morto dentro de uma caixa de sapato, em uma lixeira, no bairro de Intermares, em Cabedelo, em mar\u00e7o, nasceu com vida e respirou ap\u00f3s o parto, conforme informa\u00e7\u00f5es da diretora do Numol, do Instituto de Pol\u00edcia Cient\u00edfica de Jo\u00e3o Pessoa, Cristiane Helena, em contato com a TV [&hellip;]<\/p>\n","protected":false},"author":1,"featured_media":2500,"comment_status":"open","ping_status":"open","sticky":false,"template":"","format":"standard","meta":{"_mi_skip_tracking":false,"_ti_tpc_template_sync":false,"_ti_tpc_template_id":"","_joinchat":[],"footnotes":""},"categories":[5,14,13,1,9,18,12,8],"tags":[],"class_list":["post-2497","post","type-post","status-publish","format-standard","has-post-thumbnail","hentry","category-brasil","category-cidades","category-cultural","category-uncategorized","category-esporte","category-mundo-brasil","category-paraiba","category-policial"],"_links":{"self":[{"href":"https:\/\/radar190.com.br\/index.php\/wp-json\/wp\/v2\/posts\/2497","targetHints":{"allow":["GET"]}}],"collection":[{"href":"https:\/\/radar190.com.br\/index.php\/wp-json\/wp\/v2\/posts"}],"about":[{"href":"https:\/\/radar190.com.br\/index.php\/wp-json\/wp\/v2\/types\/post"}],"author":[{"embeddable":true,"href":"https:\/\/radar190.com.br\/index.php\/wp-json\/wp\/v2\/users\/1"}],"replies":[{"embeddable":true,"href":"https:\/\/radar190.com.br\/index.php\/wp-json\/wp\/v2\/comments?post=2497"}],"version-history":[{"count":1,"href":"https:\/\/radar190.com.br\/index.php\/wp-json\/wp\/v2\/posts\/2497\/revisions"}],"predecessor-version":[{"id":2499,"href":"https:\/\/radar190.com.br\/index.php\/wp-json\/wp\/v2\/posts\/2497\/revisions\/2499"}],"wp:featuredmedia":[{"embeddable":true,"href":"https:\/\/radar190.com.br\/index.php\/wp-json\/wp\/v2\/media\/2500"}],"wp:attachment":[{"href":"https:\/\/radar190.com.br\/index.php\/wp-json\/wp\/v2\/media?parent=2497"}],"wp:term":[{"taxonomy":"category","embeddable":true,"href":"https:\/\/radar190.com.br\/index.php\/wp-json\/wp\/v2\/categories?post=2497"},{"taxonomy":"post_tag","embeddable":true,"href":"https:\/\/radar190.com.br\/index.php\/wp-json\/wp\/v2\/tags?post=2497"}],"curies":[{"name":"wp","href":"https:\/\/api.w.org\/{rel}","templated":true}]}}