{"id":2489,"date":"2023-08-21T12:49:54","date_gmt":"2023-08-21T15:49:54","guid":{"rendered":"https:\/\/radar190.com.br\/?p=2489"},"modified":"2023-08-21T12:54:13","modified_gmt":"2023-08-21T15:54:13","slug":"prefeitura-de-monte-horebe-emite-nota-de-pesar-pelos-falecimentos-de-dona-geralda-e-dona-socorrinha","status":"publish","type":"post","link":"https:\/\/radar190.com.br\/index.php\/2023\/08\/21\/prefeitura-de-monte-horebe-emite-nota-de-pesar-pelos-falecimentos-de-dona-geralda-e-dona-socorrinha\/","title":{"rendered":"Prefeitura de Monte Horebe Emite Nota de Pesar Pelos Falecimentos de Dona Geralda e Dona Socorrinha"},"content":{"rendered":"<div class='booster-block booster-read-block'>\n                <div class=\"twp-read-time\">\n                \t<i class=\"booster-icon twp-clock\"><\/i> <span>Read Time:<\/span>40 Second                <\/div>\n\n            <\/div>\n<p>A Prefeitura Municipal de Monte Horebe manifesta profundo pesar pelos falecimentos de Geralda e Maria do Socorro, M\u00e3e do Poeta Nininho, ocorrido nesta segunda-feira, dia 20 de Agosto.<\/p>\n\n\n\n<p>Solid\u00e1rio aos seus familiares e amigos, o prefeito de Monte Horebe, Marcos Eron \u2013 em nome do Poder Executivo \u2013 Nossos Votos de Condol\u00eancias as Fam\u00edlias em lutada.<\/p>\n\n\n\n<p>\u201cN\u00e3o temos palavras para expressar os nossos sentimentos. Pedimos a Deus que conforte os cora\u00e7\u00f5es dos familiares e amigos neste momento de dor. Que a luz e o amor divino pairem sobre a alma de quem sofre esta imensur\u00e1vel perda, e os console e lhes d\u00ea serenidade para atravessar esta tempestade. Muito respeitosamente, prestamos as nossas condol\u00eancias e deixamos os nossos mais sinceros p\u00easames\u201d.<\/p>\n\n\n\n<p>PREFETURA DE MONTE HOREBE # CIDADE EDUCADORA<\/p>\n\n\n\n<p>\u201c\u201c RADAR 190 AGENTE SE VER POR AQUI \u201c\u201d<\/p>\n\n\n\n<figure class=\"wp-block-image size-full\"><img loading=\"lazy\" decoding=\"async\" width=\"412\" height=\"304\" src=\"https:\/\/radar190.com.br\/wp-content\/uploads\/2023\/08\/178f4129-9bba-41eb-bcc2-eb44f8ac2e42.jpeg\" alt=\"\" class=\"wp-image-2490\" srcset=\"https:\/\/radar190.com.br\/wp-content\/uploads\/2023\/08\/178f4129-9bba-41eb-bcc2-eb44f8ac2e42.jpeg 412w, https:\/\/radar190.com.br\/wp-content\/uploads\/2023\/08\/178f4129-9bba-41eb-bcc2-eb44f8ac2e42-300x221.jpeg 300w\" sizes=\"auto, (max-width: 412px) 100vw, 412px\" \/><\/figure>\n        <div class=\"booster-block booster-reactions-block\">\n            <div class=\"twp-reactions-icons\">\n                \n                <div class=\"twp-reacts-wrap\">\n                    <a react-data=\"be-react-1\" post-id=\"2489\" class=\"be-face-icons un-reacted\" href=\"javascript:void(0)\">\n                        <img decoding=\"async\" src=\"https:\/\/radar190.com.br\/wp-content\/plugins\/booster-extension\/\/assets\/icon\/happy.svg\" alt=\"Happy\">\n                    <\/a>\n                    <div class=\"twp-reaction-title\">\n                        Happy                    <\/div>\n                    <div class=\"twp-count-percent\">\n                                                    <span style=\"display: none;\" class=\"twp-react-count\">0<\/span>\n                        \n                                                <span class=\"twp-react-percent\"><span>0<\/span> %<\/span>\n                                            <\/div>\n                <\/div>\n\n                <div class=\"twp-reacts-wrap\">\n                    <a react-data=\"be-react-2\" post-id=\"2489\" class=\"be-face-icons un-reacted\" href=\"javascript:void(0)\">\n                        <img decoding=\"async\" src=\"https:\/\/radar190.com.br\/wp-content\/plugins\/booster-extension\/\/assets\/icon\/sad.svg\" alt=\"Sad\">\n                    <\/a>\n                    <div class=\"twp-reaction-title\">\n                        Sad                    <\/div>\n                    <div class=\"twp-count-percent\">\n                                                    <span style=\"display: none;\" class=\"twp-react-count\">0<\/span>\n                                                                        <span class=\"twp-react-percent\"><span>0<\/span> %<\/span>\n                                            <\/div>\n                <\/div>\n\n                <div class=\"twp-reacts-wrap\">\n                    <a react-data=\"be-react-3\" post-id=\"2489\" class=\"be-face-icons un-reacted\" href=\"javascript:void(0)\">\n                        <img decoding=\"async\" src=\"https:\/\/radar190.com.br\/wp-content\/plugins\/booster-extension\/\/assets\/icon\/excited.svg\" alt=\"Excited\">\n                    <\/a>\n                    <div class=\"twp-reaction-title\">\n                        Excited                    <\/div>\n                    <div class=\"twp-count-percent\">\n                                                    <span style=\"display: none;\" class=\"twp-react-count\">0<\/span>\n                                                                        <span class=\"twp-react-percent\"><span>0<\/span> %<\/span>\n                                            <\/div>\n                <\/div>\n\n                <div class=\"twp-reacts-wrap\">\n                    <a react-data=\"be-react-6\" post-id=\"2489\" class=\"be-face-icons un-reacted\" href=\"javascript:void(0)\">\n                        <img decoding=\"async\" src=\"https:\/\/radar190.com.br\/wp-content\/plugins\/booster-extension\/\/assets\/icon\/sleepy.svg\" alt=\"Sleepy\">\n                    <\/a>\n                    <div class=\"twp-reaction-title\">\n                        Sleepy                    <\/div>\n                    <div class=\"twp-count-percent\">\n                                                    <span style=\"display: none;\" class=\"twp-react-count\">0<\/span>\n                        \n                                                <span class=\"twp-react-percent\"><span>0<\/span> %<\/span>\n                                            <\/div>\n                <\/div>\n\n                <div class=\"twp-reacts-wrap\">\n                    <a react-data=\"be-react-4\" post-id=\"2489\" class=\"be-face-icons un-reacted\" href=\"javascript:void(0)\">\n                        <img decoding=\"async\" src=\"https:\/\/radar190.com.br\/wp-content\/plugins\/booster-extension\/\/assets\/icon\/angry.svg\" alt=\"Angry\">\n                    <\/a>\n                    <div class=\"twp-reaction-title\">Angry<\/div>\n                    <div class=\"twp-count-percent\">\n                                                    <span style=\"display: none;\" class=\"twp-react-count\">0<\/span>\n                                                                        <span class=\"twp-react-percent\"><span>0<\/span> %<\/span>\n                        \n                    <\/div>\n                <\/div>\n\n                <div class=\"twp-reacts-wrap\">\n                    <a react-data=\"be-react-5\" post-id=\"2489\" class=\"be-face-icons un-reacted\" href=\"javascript:void(0)\">\n                        <img decoding=\"async\" src=\"https:\/\/radar190.com.br\/wp-content\/plugins\/booster-extension\/\/assets\/icon\/surprise.svg\" alt=\"Surprise\">\n                    <\/a>\n                    <div class=\"twp-reaction-title\">Surprise<\/div>\n                    <div class=\"twp-count-percent\">\n                                                    <span style=\"display: none;\" class=\"twp-react-count\">0<\/span>\n                                                                        <span class=\"twp-react-percent\"><span>0<\/span> %<\/span>\n                                            <\/div>\n                <\/div>\n\n            <\/div>\n        <\/div>\n\n    ","protected":false},"excerpt":{"rendered":"<p>A Prefeitura Municipal de Monte Horebe manifesta profundo pesar pelos falecimentos de Geralda e Maria do Socorro, M\u00e3e do Poeta Nininho, ocorrido nesta segunda-feira, dia 20 de Agosto. Solid\u00e1rio aos seus familiares e amigos, o prefeito de Monte Horebe, Marcos Eron \u2013 em nome do Poder Executivo \u2013 Nossos Votos [&hellip;]<\/p>\n","protected":false},"author":1,"featured_media":2492,"comment_status":"open","ping_status":"open","sticky":false,"template":"","format":"standard","meta":{"_mi_skip_tracking":false,"_ti_tpc_template_sync":false,"_ti_tpc_template_id":"","_joinchat":[],"footnotes":""},"categories":[5,14,13,1,9,18,12,8],"tags":[],"class_list":["post-2489","post","type-post","status-publish","format-standard","has-post-thumbnail","hentry","category-brasil","category-cidades","category-cultural","category-uncategorized","category-esporte","category-mundo-brasil","category-paraiba","category-policial"],"_links":{"self":[{"href":"https:\/\/radar190.com.br\/index.php\/wp-json\/wp\/v2\/posts\/2489","targetHints":{"allow":["GET"]}}],"collection":[{"href":"https:\/\/radar190.com.br\/index.php\/wp-json\/wp\/v2\/posts"}],"about":[{"href":"https:\/\/radar190.com.br\/index.php\/wp-json\/wp\/v2\/types\/post"}],"author":[{"embeddable":true,"href":"https:\/\/radar190.com.br\/index.php\/wp-json\/wp\/v2\/users\/1"}],"replies":[{"embeddable":true,"href":"https:\/\/radar190.com.br\/index.php\/wp-json\/wp\/v2\/comments?post=2489"}],"version-history":[{"count":1,"href":"https:\/\/radar190.com.br\/index.php\/wp-json\/wp\/v2\/posts\/2489\/revisions"}],"predecessor-version":[{"id":2491,"href":"https:\/\/radar190.com.br\/index.php\/wp-json\/wp\/v2\/posts\/2489\/revisions\/2491"}],"wp:featuredmedia":[{"embeddable":true,"href":"https:\/\/radar190.com.br\/index.php\/wp-json\/wp\/v2\/media\/2492"}],"wp:attachment":[{"href":"https:\/\/radar190.com.br\/index.php\/wp-json\/wp\/v2\/media?parent=2489"}],"wp:term":[{"taxonomy":"category","embeddable":true,"href":"https:\/\/radar190.com.br\/index.php\/wp-json\/wp\/v2\/categories?post=2489"},{"taxonomy":"post_tag","embeddable":true,"href":"https:\/\/radar190.com.br\/index.php\/wp-json\/wp\/v2\/tags?post=2489"}],"curies":[{"name":"wp","href":"https:\/\/api.w.org\/{rel}","templated":true}]}}