{"id":2463,"date":"2023-08-18T08:44:41","date_gmt":"2023-08-18T11:44:41","guid":{"rendered":"https:\/\/radar190.com.br\/?p=2463"},"modified":"2023-08-18T08:46:35","modified_gmt":"2023-08-18T11:46:35","slug":"muito-mais-obras-para-o-municipio-de-monte-horebe-veja","status":"publish","type":"post","link":"https:\/\/radar190.com.br\/index.php\/2023\/08\/18\/muito-mais-obras-para-o-municipio-de-monte-horebe-veja\/","title":{"rendered":"Muito Mais Obras Para O munic\u00edpio de Monte Horebe- VEJA"},"content":{"rendered":"<div class='booster-block booster-read-block'>\n                <div class=\"twp-read-time\">\n                \t<i class=\"booster-icon twp-clock\"><\/i> <span>Read Time:<\/span>1 Minute, 47 Second                <\/div>\n\n            <\/div>\n<p>Em Bras\u00edlia, Prefeito Marcos Eron consegue Mais a\u00e7\u00f5es em obras e servi\u00e7os para Monte Horebe.<br><br>Prefeito Marcos Eron-MDB, esteve reunido nesta quarta-feira, 16\/08\/2023, com Deputado Federal Hugo Mota, que prometeu viabilizar recursos para Habita\u00e7\u00e3o, Pra\u00e7as e Abastecimento D,Agua na Zona Rural. Na oportunidade o gesto Eron agradeceu ao Deputado Hugo pela parceria s\u00f3lida que rende grandes frutos para Monte Horebe, a exemplo da Emenda Parlamentar para Asfaltamento nas principais ruas do munic\u00edpio, no valor de R$ 2.892.177,80. (dois milh\u00f5es oitocentos e noventa e dois mil cento e setenta e sete reais e oitenta centavos), em que, a licita\u00e7\u00e3o ocorrer\u00e1 nesta sexta-feira, 18\/08\/23 e j\u00e1 destinado para empenho em 2023, no PAP, MAC, Equipamentos e Transfer\u00eancia Especial um valor de R$ 1.151.696,00 (Hum Milh\u00e3o, Cento e Cinquenta e Um Mil e Seiscentos e Noventa e Seis Reais.<\/p>\n\n\n\n<p>&#8212;&#8212;&#8212;&#8212;&#8212;&#8212;&#8212;&#8212;&#8212;&#8212;&#8212;&#8212;&#8212;&#8212;&#8211;<\/p>\n\n\n\n<p>Prefeito Marcos Eron cumpriu uma vasta agenda em Bras\u00edlia.<br><br>Na tarde desta ter\u00e7a-feira, 15\/08\/2023, o Prefeito Marcos Eron-MDB, esteve reunido com o Senador da Rep\u00fablica Efraim Filho, que garantiu emenda especial de R$ 800.000,00 para constru\u00e7\u00e3o de Passagens Molhadas e obras de infraestrutura na Zona Rural de Monte Horebe. O gestor Eron agradeceu a parceria do Senador Efraim Filho que vem contribuindo com v\u00e1rias a\u00e7\u00f5es para o munic\u00edpio \u00e9 toda regi\u00e3o.<\/p>\n\n\n\n<p>&#8212;&#8212;&#8212;&#8212;&#8212;&#8212;&#8212;&#8212;&#8212;&#8212;&#8212;&#8212;&#8212;&#8212;&#8212;&#8212;&#8212;&#8212;&#8212;-<\/p>\n\n\n\n<p>Mais R$ 2.000,000,00 em recursos para Monte Horebe.<br><br>Cumprindo agenda em Bras\u00edlia, Prefeito Marcos Eron-MDB, esteve reunido com Senador Veneziano Vital do Rego e assegura mais recursos para Monte Horebe, em um valor de R$ 2.000,000,00( Dois Milh\u00f5es de Reais), sendo Hum Milh\u00e3o para pavimenta\u00e7\u00e3o Asf\u00e1ltica, Seiscentos Mil para pavimenta\u00e7\u00e3o vincinal em ladeiras e quatrocentos mil para sa\u00fade do munic\u00edpio de Monte Horebe<\/p>\n\n\n\n<p>&#8212;&#8212;&#8212;&#8212;&#8212;&#8212;&#8212;&#8212;&#8212;&#8212;&#8212;&#8212;&#8212;&#8212;&#8211;<\/p>\n\n\n\n<p>Cumprindo agenda em Bras\u00edlia no FNDE.<br><br>Na tarde desta quinta-feira, 17\/08\/23, o Prefeito Marcos Eron da cidade de Monte Horebe-PB, acompanhado do Prefeito de Manaira Dr&nbsp;<a href=\"https:\/\/www.instagram.com\/messias_simao\/\">@messias_simao<\/a>&nbsp;e Presidente da Camara&nbsp;<a href=\"https:\/\/www.instagram.com\/luisgonzaga.oficial\/\">@luisgonzaga.oficial<\/a>&nbsp;estiveram reunidos com dirigentes do FNDE, buscando viabilizar a\u00e7\u00f5es de infraestrutura em Creche e Escola para Educa\u00e7\u00e3o.<\/p>\n\n\n\n<figure class=\"wp-block-image size-full\"><img loading=\"lazy\" decoding=\"async\" width=\"301\" height=\"302\" src=\"https:\/\/radar190.com.br\/wp-content\/uploads\/2023\/08\/Sem-titulo15.png\" alt=\"\" class=\"wp-image-2464\" srcset=\"https:\/\/radar190.com.br\/wp-content\/uploads\/2023\/08\/Sem-titulo15.png 301w, https:\/\/radar190.com.br\/wp-content\/uploads\/2023\/08\/Sem-titulo15-300x300.png 300w, https:\/\/radar190.com.br\/wp-content\/uploads\/2023\/08\/Sem-titulo15-150x150.png 150w\" sizes=\"auto, (max-width: 301px) 100vw, 301px\" \/><\/figure>\n        <div class=\"booster-block booster-reactions-block\">\n            <div class=\"twp-reactions-icons\">\n                \n                <div class=\"twp-reacts-wrap\">\n                    <a react-data=\"be-react-1\" post-id=\"2463\" class=\"be-face-icons un-reacted\" href=\"javascript:void(0)\">\n                        <img decoding=\"async\" src=\"https:\/\/radar190.com.br\/wp-content\/plugins\/booster-extension\/\/assets\/icon\/happy.svg\" alt=\"Happy\">\n                    <\/a>\n                    <div class=\"twp-reaction-title\">\n                        Happy                    <\/div>\n                    <div class=\"twp-count-percent\">\n                                                    <span style=\"display: none;\" class=\"twp-react-count\">0<\/span>\n                        \n                                                <span class=\"twp-react-percent\"><span>0<\/span> %<\/span>\n                                            <\/div>\n                <\/div>\n\n                <div class=\"twp-reacts-wrap\">\n                    <a react-data=\"be-react-2\" post-id=\"2463\" class=\"be-face-icons un-reacted\" href=\"javascript:void(0)\">\n                        <img decoding=\"async\" src=\"https:\/\/radar190.com.br\/wp-content\/plugins\/booster-extension\/\/assets\/icon\/sad.svg\" alt=\"Sad\">\n                    <\/a>\n                    <div class=\"twp-reaction-title\">\n                        Sad                    <\/div>\n                    <div class=\"twp-count-percent\">\n                                                    <span style=\"display: none;\" class=\"twp-react-count\">0<\/span>\n                                                                        <span class=\"twp-react-percent\"><span>0<\/span> %<\/span>\n                                            <\/div>\n                <\/div>\n\n                <div class=\"twp-reacts-wrap\">\n                    <a react-data=\"be-react-3\" post-id=\"2463\" class=\"be-face-icons un-reacted\" href=\"javascript:void(0)\">\n                        <img decoding=\"async\" src=\"https:\/\/radar190.com.br\/wp-content\/plugins\/booster-extension\/\/assets\/icon\/excited.svg\" alt=\"Excited\">\n                    <\/a>\n                    <div class=\"twp-reaction-title\">\n                        Excited                    <\/div>\n                    <div class=\"twp-count-percent\">\n                                                    <span style=\"display: none;\" class=\"twp-react-count\">0<\/span>\n                                                                        <span class=\"twp-react-percent\"><span>0<\/span> %<\/span>\n                                            <\/div>\n                <\/div>\n\n                <div class=\"twp-reacts-wrap\">\n                    <a react-data=\"be-react-6\" post-id=\"2463\" class=\"be-face-icons un-reacted\" href=\"javascript:void(0)\">\n                        <img decoding=\"async\" src=\"https:\/\/radar190.com.br\/wp-content\/plugins\/booster-extension\/\/assets\/icon\/sleepy.svg\" alt=\"Sleepy\">\n                    <\/a>\n                    <div class=\"twp-reaction-title\">\n                        Sleepy                    <\/div>\n                    <div class=\"twp-count-percent\">\n                                                    <span style=\"display: none;\" class=\"twp-react-count\">0<\/span>\n                        \n                                                <span class=\"twp-react-percent\"><span>0<\/span> %<\/span>\n                                            <\/div>\n                <\/div>\n\n                <div class=\"twp-reacts-wrap\">\n                    <a react-data=\"be-react-4\" post-id=\"2463\" class=\"be-face-icons un-reacted\" href=\"javascript:void(0)\">\n                        <img decoding=\"async\" src=\"https:\/\/radar190.com.br\/wp-content\/plugins\/booster-extension\/\/assets\/icon\/angry.svg\" alt=\"Angry\">\n                    <\/a>\n                    <div class=\"twp-reaction-title\">Angry<\/div>\n                    <div class=\"twp-count-percent\">\n                                                    <span style=\"display: none;\" class=\"twp-react-count\">0<\/span>\n                                                                        <span class=\"twp-react-percent\"><span>0<\/span> %<\/span>\n                        \n                    <\/div>\n                <\/div>\n\n                <div class=\"twp-reacts-wrap\">\n                    <a react-data=\"be-react-5\" post-id=\"2463\" class=\"be-face-icons un-reacted\" href=\"javascript:void(0)\">\n                        <img decoding=\"async\" src=\"https:\/\/radar190.com.br\/wp-content\/plugins\/booster-extension\/\/assets\/icon\/surprise.svg\" alt=\"Surprise\">\n                    <\/a>\n                    <div class=\"twp-reaction-title\">Surprise<\/div>\n                    <div class=\"twp-count-percent\">\n                                                    <span style=\"display: none;\" class=\"twp-react-count\">0<\/span>\n                                                                        <span class=\"twp-react-percent\"><span>0<\/span> %<\/span>\n                                            <\/div>\n                <\/div>\n\n            <\/div>\n        <\/div>\n\n    ","protected":false},"excerpt":{"rendered":"<p>Em Bras\u00edlia, Prefeito Marcos Eron consegue Mais a\u00e7\u00f5es em obras e servi\u00e7os para Monte Horebe. Prefeito Marcos Eron-MDB, esteve reunido nesta quarta-feira, 16\/08\/2023, com Deputado Federal Hugo Mota, que prometeu viabilizar recursos para Habita\u00e7\u00e3o, Pra\u00e7as e Abastecimento D,Agua na Zona Rural. Na oportunidade o gesto Eron agradeceu ao Deputado Hugo [&hellip;]<\/p>\n","protected":false},"author":1,"featured_media":2467,"comment_status":"open","ping_status":"open","sticky":false,"template":"","format":"standard","meta":{"_mi_skip_tracking":false,"_ti_tpc_template_sync":false,"_ti_tpc_template_id":"","_joinchat":[],"footnotes":""},"categories":[5,14,13,1,116,9,18,12,8],"tags":[],"class_list":["post-2463","post","type-post","status-publish","format-standard","has-post-thumbnail","hentry","category-brasil","category-cidades","category-cultural","category-uncategorized","category-editor-picks","category-esporte","category-mundo-brasil","category-paraiba","category-policial"],"_links":{"self":[{"href":"https:\/\/radar190.com.br\/index.php\/wp-json\/wp\/v2\/posts\/2463","targetHints":{"allow":["GET"]}}],"collection":[{"href":"https:\/\/radar190.com.br\/index.php\/wp-json\/wp\/v2\/posts"}],"about":[{"href":"https:\/\/radar190.com.br\/index.php\/wp-json\/wp\/v2\/types\/post"}],"author":[{"embeddable":true,"href":"https:\/\/radar190.com.br\/index.php\/wp-json\/wp\/v2\/users\/1"}],"replies":[{"embeddable":true,"href":"https:\/\/radar190.com.br\/index.php\/wp-json\/wp\/v2\/comments?post=2463"}],"version-history":[{"count":2,"href":"https:\/\/radar190.com.br\/index.php\/wp-json\/wp\/v2\/posts\/2463\/revisions"}],"predecessor-version":[{"id":2466,"href":"https:\/\/radar190.com.br\/index.php\/wp-json\/wp\/v2\/posts\/2463\/revisions\/2466"}],"wp:featuredmedia":[{"embeddable":true,"href":"https:\/\/radar190.com.br\/index.php\/wp-json\/wp\/v2\/media\/2467"}],"wp:attachment":[{"href":"https:\/\/radar190.com.br\/index.php\/wp-json\/wp\/v2\/media?parent=2463"}],"wp:term":[{"taxonomy":"category","embeddable":true,"href":"https:\/\/radar190.com.br\/index.php\/wp-json\/wp\/v2\/categories?post=2463"},{"taxonomy":"post_tag","embeddable":true,"href":"https:\/\/radar190.com.br\/index.php\/wp-json\/wp\/v2\/tags?post=2463"}],"curies":[{"name":"wp","href":"https:\/\/api.w.org\/{rel}","templated":true}]}}