{"id":2423,"date":"2023-08-09T09:32:50","date_gmt":"2023-08-09T12:32:50","guid":{"rendered":"https:\/\/radar190.com.br\/?p=2423"},"modified":"2023-08-09T10:15:25","modified_gmt":"2023-08-09T13:15:25","slug":"esmalteria-e-designer-allana-lourenco-agende-ja-seu-horario-rua-patricio-de-barros-no-202-centro-de-cajazeiras-pb","status":"publish","type":"post","link":"https:\/\/radar190.com.br\/index.php\/2023\/08\/09\/esmalteria-e-designer-allana-lourenco-agende-ja-seu-horario-rua-patricio-de-barros-no-202-centro-de-cajazeiras-pb\/","title":{"rendered":"Esmalteria e Designer Allana Louren\u00e7o-Agende J\u00e1 Seu Hor\u00e1rio \u2013 Rua: Patr\u00edcio de Barros N\u00ba 202 Centro de Cajazeiras-PB"},"content":{"rendered":"<div class='booster-block booster-read-block'>\n                <div class=\"twp-read-time\">\n                \t<i class=\"booster-icon twp-clock\"><\/i> <span>Read Time:<\/span>4 Minute, 51 Second                <\/div>\n\n            <\/div>\n<figure class=\"wp-block-image size-large\"><img loading=\"lazy\" decoding=\"async\" width=\"724\" height=\"1024\" src=\"https:\/\/radar190.com.br\/wp-content\/uploads\/2023\/08\/88d3502d-100b-40f2-9e93-c58e1df27ae2-724x1024.jpg\" alt=\"\" class=\"wp-image-2424\" srcset=\"https:\/\/radar190.com.br\/wp-content\/uploads\/2023\/08\/88d3502d-100b-40f2-9e93-c58e1df27ae2-724x1024.jpg 724w, https:\/\/radar190.com.br\/wp-content\/uploads\/2023\/08\/88d3502d-100b-40f2-9e93-c58e1df27ae2-212x300.jpg 212w, https:\/\/radar190.com.br\/wp-content\/uploads\/2023\/08\/88d3502d-100b-40f2-9e93-c58e1df27ae2-768x1086.jpg 768w, https:\/\/radar190.com.br\/wp-content\/uploads\/2023\/08\/88d3502d-100b-40f2-9e93-c58e1df27ae2-1086x1536.jpg 1086w, https:\/\/radar190.com.br\/wp-content\/uploads\/2023\/08\/88d3502d-100b-40f2-9e93-c58e1df27ae2.jpg 1131w\" sizes=\"auto, (max-width: 724px) 100vw, 724px\" \/><\/figure>\n\n\n\n<p>Quer ter unhas fortes e bonitas? Isso \u00e9 f\u00e1cil. Saiba como<\/p>\n\n\n\n<p><\/p>\n\n\n\n<figure class=\"wp-block-image size-medium\"><img loading=\"lazy\" decoding=\"async\" width=\"300\" height=\"300\" src=\"https:\/\/radar190.com.br\/wp-content\/uploads\/2023\/08\/unnamed-300x300.jpg\" alt=\"\" class=\"wp-image-2425\" srcset=\"https:\/\/radar190.com.br\/wp-content\/uploads\/2023\/08\/unnamed-300x300.jpg 300w, https:\/\/radar190.com.br\/wp-content\/uploads\/2023\/08\/unnamed-150x150.jpg 150w, https:\/\/radar190.com.br\/wp-content\/uploads\/2023\/08\/unnamed.jpg 768w\" sizes=\"auto, (max-width: 300px) 100vw, 300px\" \/><\/figure>\n\n\n\n<p>Unhas fortes e bonitas indicam os melhores cuidados pessoais, autoestima elevada e muita vaidade. O melhor \u00e9 saber que \u00e9 poss\u00edvel tratar das m\u00e3os e das unhas em casa, sem gastos elevados<\/p>\n\n\n\n<p>Mulheres lindas e charmosas n\u00e3o abrem m\u00e3o desse cart\u00e3o de visita: as&nbsp;<strong>m\u00e3os<\/strong>&nbsp;com belas&nbsp;<strong>unhas<\/strong>,<strong>&nbsp;fortes e bonitas<\/strong>&nbsp;demonstram haver ali os melhores&nbsp;<strong>cuidados pessoais<\/strong>,&nbsp;<strong>autoestima<\/strong>&nbsp;elevada e&nbsp;<strong>vaidade<\/strong>. E o melhor? O melhor \u00e9 que \u00e9 poss\u00edvel tratar das m\u00e3os e das unhas em casa, sem precisar gastar \u201crios de dinheiro\u201d em sal\u00f5es ou com produtos caros. Como? Isso \u00e9 simples. Com alguns cuidados simples e algumas dicas espec\u00edficas para o<strong>&nbsp;tratamento das unhas<\/strong>&nbsp;\u00e9 perfeitamente poss\u00edvel deix\u00e1-las fortes e bonitas, atraindo os olhares de que nos rodeiam e despertando os mais sinceros elogios. Acompanhe:<\/p>\n\n\n\n<p><strong>1- As unhas s\u00e3o compostas por camadas<\/strong><\/p>\n\n\n\n<hr class=\"wp-block-separator has-alpha-channel-opacity\"\/>\n\n\n\n<p>A&nbsp; primeira dica de ouro \u00e9 saber que as unhas s\u00e3o compostas por camadas sobrepostas e entre cada uma dessas camadas h\u00e1 um elemento de liga\u00e7\u00e3o que as mant\u00eam unidas. Alguns fatores, no entanto, atrapalham o trabalho desse elemento de liga\u00e7\u00e3o, permitindo que as camadas sobrepostas se soltem umas das outras. Sendo assim, fa\u00e7a um acompanhamento m\u00e9dico para verificar e eliminar as causas do problema.<br><br><\/p>\n\n\n\n<p><strong>2- Limpeza do material<\/strong><\/p>\n\n\n\n<hr class=\"wp-block-separator has-alpha-channel-opacity\"\/>\n\n\n\n<p>Caso voc\u00ea fa\u00e7a uso do seu pr\u00f3prio material ao fazer as unhas, lave-os bem. Mesmo sendo de uso exclusivo, eles devem ser higienizados sempre. A dica \u00e9 lavar com detergente ou sabonete antiss\u00e9ptico para n\u00e3o acumular bact\u00e9rias.<br><br><\/p>\n\n\n\n<p><strong>3- Por que as unhas sofrem delamina\u00e7\u00e3o?<\/strong><\/p>\n\n\n\n<hr class=\"wp-block-separator has-alpha-channel-opacity\"\/>\n\n\n\n<p>Porque est\u00e3o fracas. A&nbsp;<strong>delamina\u00e7\u00e3o<\/strong>, ou&nbsp;<strong>escama\u00e7\u00e3o das unhas<\/strong>, \u00e9, dentre outras coisas, um indicativo de que o organismo sofre defici\u00eancia ou altera\u00e7\u00e3o nutricional. Causas externas tamb\u00e9m provocam a delamina\u00e7\u00e3o. As mais frequentes s\u00e3o elas:<br>&#8211; Esmaltes;<br>&#8211; Solventes;<br>&#8211; \u00c1gua quente;<br>&#8211; Produtos de limpeza; e<br>&#8211; Outros.<\/p>\n\n\n\n<p><strong>4- Causas externas<\/strong><\/p>\n\n\n\n<hr class=\"wp-block-separator has-alpha-channel-opacity\"\/>\n\n\n\n<p>&#8211; Altera\u00e7\u00e3o na tireoide<br>&#8211; Falta de nutrientes<br>&#8211; Anemia<br>&#8211; Causas externas<\/p>\n\n\n\n<p><strong><br>5- O que fazer na presen\u00e7a de manchas nas unhas (escuras ou brancas)?<\/strong><\/p>\n\n\n\n<hr class=\"wp-block-separator has-alpha-channel-opacity\"\/>\n\n\n\n<p>Qualquer&nbsp;<strong>mancha nas unhas<\/strong>&nbsp;deve ser mostrada ao&nbsp;<strong>dermatologista<\/strong>&nbsp;para poss\u00edvel diagn\u00f3stico e tratamento.<\/p>\n\n\n\n<p>&#8211; Manchas escuras nas unhas s\u00e3o sin\u00f4nimas de&nbsp;<strong>melanoma<\/strong>. Esse tipo de&nbsp;<strong>c\u00e2ncer de pele<\/strong>, considerado muito agressivo, quando \u00e9 diagnosticado no in\u00edcio tem cura.<br>&#8211; As manchas brancas, em formas de sulcos longitudinais, quebram nas pontas. Trata-se de uma doen\u00e7a conhecida como \u201cos cabelos brancos das unhas\u201d e, se n\u00e3o tratadas corretamente e a tempo podem permanecer nas unhas para sempre.<br><br><\/p>\n\n\n\n<p><strong>6- Unhas em gel fazem mal \u00e0s unhas naturais?<\/strong><\/p>\n\n\n\n<hr class=\"wp-block-separator has-alpha-channel-opacity\"\/>\n\n\n\n<p>N\u00e3o, desde que n\u00e3o ultrapasse o per\u00edodo de 3 meses, se fa\u00e7a a manuten\u00e7\u00e3o das&nbsp;<strong>unhas em gel<\/strong>&nbsp;corretamente e aguarde-se um bom tempo antes de se colocar outras unhas em gel em substitui\u00e7\u00e3o \u00e0s anteriores.<br><br><\/p>\n\n\n\n<p><strong>7- Quem tem unhas fracas pode aplicar unhas em gel?<\/strong><\/p>\n\n\n\n<hr class=\"wp-block-separator has-alpha-channel-opacity\"\/>\n\n\n\n<p>N\u00e3o. Pessoas que t\u00eam unhas fracas n\u00e3o podem receber a aplica\u00e7\u00e3o de unhas em gel, pois, ap\u00f3s o per\u00edodo indicado para o seu uso, ao retir\u00e1-las leva-se parte das camadas que comp\u00f5em as unhas naturais e isto \u00e9 ainda mais prejudicial ao seu estado j\u00e1 nada bom.<br><br>Dependendo das atividades do dia a dia, os esmaltes duram pouco. H\u00e1, ent\u00e3o, necessidade de refazer as unhas. Ent\u00e3o, que tal fazer voc\u00ea mesma as suas pr\u00f3prias unhas? Veja como:<\/p>\n\n\n\n<hr class=\"wp-block-separator has-alpha-channel-opacity\"\/>\n\n\n\n<p><strong>1-<\/strong>&nbsp;Raspe as lixas (uma na outra) para n\u00e3o machucar;<br><strong>2-<\/strong>&nbsp;Lixe suas unhas sempre de forma reta;<br><strong>3-<\/strong>&nbsp;Fa\u00e7a leves movimentos de vai e vem;<br><strong>4-<\/strong>&nbsp;D\u00ea leve quebrada nas pontas;<br><strong>5-<\/strong>&nbsp;Antes de esmaltar, passe uma boa base na l\u00e2mina, assim como em toda a lateral dos dedos. Esta t\u00e1tica vai ajudar inclusive na remo\u00e7\u00e3o dos excessos e limpeza dos cantos, impedindo que o esmalte entranhe na pele;<br><strong>6-<\/strong>&nbsp;Dose a quantidade de esmalte, conforme o tamanho da unha. Se for o caso, raspe o pincel na borda interna do frasco de esmalte.<br><strong>7-<\/strong>&nbsp;Tirado o excesso de esmalte do pincel, passe-o primeiro no centro da unha para, depois, nas laterais;<br><strong>8-<\/strong>&nbsp;Agora, limpe os dedos. Passe o palito em volta das unhas sempre no sentido de \u201cem p\u00e9\u201d, tirando o excesso de cera existente ao redor das unhas. Finalize passando o mesmo palito, com algod\u00e3o embebido em removedor, sobre a pele para retirar a sujeira ao redor das unhas.<br><strong>9-<\/strong>&nbsp;Nunca passe o palito embaixo da unha, pois isso pode descolar as camadas da unha. Palito \u00e9 s\u00f3 ao redor.<br><br><\/p>\n\n\n\n<p><strong>Dicas de ouro para quem vai fazer as pr\u00f3prias unhas e em casa<\/strong><\/p>\n\n\n\n<hr class=\"wp-block-separator has-alpha-channel-opacity\"\/>\n\n\n\n<p><strong>1-<\/strong>&nbsp;Antes de cortar, umede\u00e7a as unhas. Voc\u00ea poder\u00e1 usar para isto um pouco de \u00e1gua (s\u00f3 um pouco, pois \u00e1gua em excesso deixa as unhas muito moles) ou algum hidratante para as unhas, principalmente as unhas dos p\u00e9s, cuja queratina \u00e9 muito dura. \u00c1gua muito quente, jamais! O ideal \u00e9 cortar as unhas ap\u00f3s o banho.<br><strong>2-<\/strong>&nbsp;Hidrate as unhas com produtos que contenham ceramida, massageando-o sobre as unhas. Nas unhas dos p\u00e9s, use produtos que contenham ureia (com exce\u00e7\u00e3o das gr\u00e1vidas).<br><strong>3-<\/strong>&nbsp;Evite tirar a cut\u00edcula, pois ela \u00e9 uma veda\u00e7\u00e3o. Ela deve estar sempre intacta. Se ela for muito grossa, tire apenas o excesso. Quanto mais voc\u00ea tira a cut\u00edcula, mais o organismo produz outra para repor.<br><strong>4-<\/strong>&nbsp;Unhas fracas devem ficar sempre curtas.<br><strong>5-<\/strong>&nbsp;Tem de haver uma pausa para que as unhas possam respirar. O esmalte resseca as unhas e danifica as liga\u00e7\u00f5es que existem entre as camadas das unhas. O ideal \u00e9 deixar as unhas sem esmalte por, pelo menos, dois dias antes de cobri-las novamente. Aproveite este tempo para hidrat\u00e1-las.<\/p>\n\n\n\n<p><\/p>\n\n\n\n<hr class=\"wp-block-separator has-alpha-channel-opacity\"\/>\n\n\n\n<p>ligue AGORA MESMO 83-9-9183-9393<\/p>\n\n\n\n<hr class=\"wp-block-separator has-alpha-channel-opacity\"\/>\n\n\n\n<p><br>Por JUNIOR DE DUD\u00c9.<br>Fonte: RADAR 190<\/p>\n        <div class=\"booster-block booster-reactions-block\">\n            <div class=\"twp-reactions-icons\">\n                \n                <div class=\"twp-reacts-wrap\">\n                    <a react-data=\"be-react-1\" post-id=\"2423\" class=\"be-face-icons un-reacted\" href=\"javascript:void(0)\">\n                        <img decoding=\"async\" src=\"https:\/\/radar190.com.br\/wp-content\/plugins\/booster-extension\/\/assets\/icon\/happy.svg\" alt=\"Happy\">\n                    <\/a>\n                    <div class=\"twp-reaction-title\">\n                        Happy                    <\/div>\n                    <div class=\"twp-count-percent\">\n                                                    <span style=\"display: none;\" class=\"twp-react-count\">0<\/span>\n                        \n                                                <span class=\"twp-react-percent\"><span>0<\/span> %<\/span>\n                                            <\/div>\n                <\/div>\n\n                <div class=\"twp-reacts-wrap\">\n                    <a react-data=\"be-react-2\" post-id=\"2423\" class=\"be-face-icons un-reacted\" href=\"javascript:void(0)\">\n                        <img decoding=\"async\" src=\"https:\/\/radar190.com.br\/wp-content\/plugins\/booster-extension\/\/assets\/icon\/sad.svg\" alt=\"Sad\">\n                    <\/a>\n                    <div class=\"twp-reaction-title\">\n                        Sad                    <\/div>\n                    <div class=\"twp-count-percent\">\n                                                    <span style=\"display: none;\" class=\"twp-react-count\">0<\/span>\n                                                                        <span class=\"twp-react-percent\"><span>0<\/span> %<\/span>\n                                            <\/div>\n                <\/div>\n\n                <div class=\"twp-reacts-wrap\">\n                    <a react-data=\"be-react-3\" post-id=\"2423\" class=\"be-face-icons un-reacted\" href=\"javascript:void(0)\">\n                        <img decoding=\"async\" src=\"https:\/\/radar190.com.br\/wp-content\/plugins\/booster-extension\/\/assets\/icon\/excited.svg\" alt=\"Excited\">\n                    <\/a>\n                    <div class=\"twp-reaction-title\">\n                        Excited                    <\/div>\n                    <div class=\"twp-count-percent\">\n                                                    <span style=\"display: none;\" class=\"twp-react-count\">0<\/span>\n                                                                        <span class=\"twp-react-percent\"><span>0<\/span> %<\/span>\n                                            <\/div>\n                <\/div>\n\n                <div class=\"twp-reacts-wrap\">\n                    <a react-data=\"be-react-6\" post-id=\"2423\" class=\"be-face-icons un-reacted\" href=\"javascript:void(0)\">\n                        <img decoding=\"async\" src=\"https:\/\/radar190.com.br\/wp-content\/plugins\/booster-extension\/\/assets\/icon\/sleepy.svg\" alt=\"Sleepy\">\n                    <\/a>\n                    <div class=\"twp-reaction-title\">\n                        Sleepy                    <\/div>\n                    <div class=\"twp-count-percent\">\n                                                    <span style=\"display: none;\" class=\"twp-react-count\">0<\/span>\n                        \n                                                <span class=\"twp-react-percent\"><span>0<\/span> %<\/span>\n                                            <\/div>\n                <\/div>\n\n                <div class=\"twp-reacts-wrap\">\n                    <a react-data=\"be-react-4\" post-id=\"2423\" class=\"be-face-icons un-reacted\" href=\"javascript:void(0)\">\n                        <img decoding=\"async\" src=\"https:\/\/radar190.com.br\/wp-content\/plugins\/booster-extension\/\/assets\/icon\/angry.svg\" alt=\"Angry\">\n                    <\/a>\n                    <div class=\"twp-reaction-title\">Angry<\/div>\n                    <div class=\"twp-count-percent\">\n                                                    <span style=\"display: none;\" class=\"twp-react-count\">0<\/span>\n                                                                        <span class=\"twp-react-percent\"><span>0<\/span> %<\/span>\n                        \n                    <\/div>\n                <\/div>\n\n                <div class=\"twp-reacts-wrap\">\n                    <a react-data=\"be-react-5\" post-id=\"2423\" class=\"be-face-icons un-reacted\" href=\"javascript:void(0)\">\n                        <img decoding=\"async\" src=\"https:\/\/radar190.com.br\/wp-content\/plugins\/booster-extension\/\/assets\/icon\/surprise.svg\" alt=\"Surprise\">\n                    <\/a>\n                    <div class=\"twp-reaction-title\">Surprise<\/div>\n                    <div class=\"twp-count-percent\">\n                                                    <span style=\"display: none;\" class=\"twp-react-count\">0<\/span>\n                                                                        <span class=\"twp-react-percent\"><span>0<\/span> %<\/span>\n                                            <\/div>\n                <\/div>\n\n            <\/div>\n        <\/div>\n\n    ","protected":false},"excerpt":{"rendered":"<p>Quer ter unhas fortes e bonitas? Isso \u00e9 f\u00e1cil. Saiba como Unhas fortes e bonitas indicam os melhores cuidados pessoais, autoestima elevada e muita vaidade. O melhor \u00e9 saber que \u00e9 poss\u00edvel tratar das m\u00e3os e das unhas em casa, sem gastos elevados Mulheres lindas e charmosas n\u00e3o abrem m\u00e3o [&hellip;]<\/p>\n","protected":false},"author":1,"featured_media":2427,"comment_status":"open","ping_status":"open","sticky":false,"template":"","format":"standard","meta":{"_mi_skip_tracking":false,"_ti_tpc_template_sync":false,"_ti_tpc_template_id":"","_joinchat":[],"footnotes":""},"categories":[5,14,13,1,9,18,12,8],"tags":[],"class_list":["post-2423","post","type-post","status-publish","format-standard","has-post-thumbnail","hentry","category-brasil","category-cidades","category-cultural","category-uncategorized","category-esporte","category-mundo-brasil","category-paraiba","category-policial"],"_links":{"self":[{"href":"https:\/\/radar190.com.br\/index.php\/wp-json\/wp\/v2\/posts\/2423","targetHints":{"allow":["GET"]}}],"collection":[{"href":"https:\/\/radar190.com.br\/index.php\/wp-json\/wp\/v2\/posts"}],"about":[{"href":"https:\/\/radar190.com.br\/index.php\/wp-json\/wp\/v2\/types\/post"}],"author":[{"embeddable":true,"href":"https:\/\/radar190.com.br\/index.php\/wp-json\/wp\/v2\/users\/1"}],"replies":[{"embeddable":true,"href":"https:\/\/radar190.com.br\/index.php\/wp-json\/wp\/v2\/comments?post=2423"}],"version-history":[{"count":2,"href":"https:\/\/radar190.com.br\/index.php\/wp-json\/wp\/v2\/posts\/2423\/revisions"}],"predecessor-version":[{"id":2428,"href":"https:\/\/radar190.com.br\/index.php\/wp-json\/wp\/v2\/posts\/2423\/revisions\/2428"}],"wp:featuredmedia":[{"embeddable":true,"href":"https:\/\/radar190.com.br\/index.php\/wp-json\/wp\/v2\/media\/2427"}],"wp:attachment":[{"href":"https:\/\/radar190.com.br\/index.php\/wp-json\/wp\/v2\/media?parent=2423"}],"wp:term":[{"taxonomy":"category","embeddable":true,"href":"https:\/\/radar190.com.br\/index.php\/wp-json\/wp\/v2\/categories?post=2423"},{"taxonomy":"post_tag","embeddable":true,"href":"https:\/\/radar190.com.br\/index.php\/wp-json\/wp\/v2\/tags?post=2423"}],"curies":[{"name":"wp","href":"https:\/\/api.w.org\/{rel}","templated":true}]}}