{"id":2297,"date":"2023-07-06T11:46:31","date_gmt":"2023-07-06T14:46:31","guid":{"rendered":"https:\/\/radar190.com.br\/?p=2297"},"modified":"2023-07-06T11:59:32","modified_gmt":"2023-07-06T14:59:32","slug":"mentiras-tem-pernas-curtas-prefeito-de-monte-horebe-marcos-eron-desmente-informacao-sobre-aumento-de-seu-proprio-salario","status":"publish","type":"post","link":"https:\/\/radar190.com.br\/index.php\/2023\/07\/06\/mentiras-tem-pernas-curtas-prefeito-de-monte-horebe-marcos-eron-desmente-informacao-sobre-aumento-de-seu-proprio-salario\/","title":{"rendered":"&#8220;Mentiras Tem Pernas Curtas&#8221; Prefeito de Monte Horebe, Marcos Eron, desmente informa\u00e7\u00e3o sobre aumento de seu pr\u00f3prio sal\u00e1rio"},"content":{"rendered":"<div class='booster-block booster-read-block'>\n                <div class=\"twp-read-time\">\n                \t<i class=\"booster-icon twp-clock\"><\/i> <span>Read Time:<\/span>44 Second                <\/div>\n\n            <\/div>\n<p>Em contato com a nossa reportagem o gestor horebense disse que n\u00e3o prev\u00ea NENHUM AUMENTO DE SAL\u00c1RIO. Todos os valores podem ser consultados por qualquer cidad\u00e3o pelo Portal da Transpar\u00eancia no site da Prefeitura.<\/p>\n\n\n\n<p>Nessa ter\u00e7a-feira (04) ap\u00f3s ter mat\u00e9ria vinculada em alguns portais de not\u00edcias da regi\u00e3o, o prefeito Marcos Eron, esclarece que a not\u00edcia que vem sendo compartilhada por redes sociais dizendo que seu sal\u00e1rio seria aumentado em 50% n\u00e3o procede.<\/p>\n\n\n\n<p>Em contato com a nossa reportagem o gestor horebense disse que n\u00e3o prev\u00ea NENHUM AUMENTO DE SAL\u00c1RIO. Todos os valores podem ser consultados por qualquer cidad\u00e3o pelo Portal da Transpar\u00eancia no site da Prefeitura.<\/p>\n\n\n\n<p>Marcos Eron disse que medidas judiciais j\u00e1 foram tomadas em rela\u00e7\u00e3o as not\u00edcias falsas que o mesmo taxou de \u2018\u2018FakeNews\u2019\u2019. Ainda de acordo com o gestor um escrit\u00f3rio de advogados foi acionado para desmascarar o autor dessa informa\u00e7\u00e3o publicada.<\/p>\n\n\n\n<figure class=\"wp-block-image size-full is-resized\"><img decoding=\"async\" src=\"https:\/\/radar190.com.br\/wp-content\/uploads\/2023\/07\/image-4.png\" alt=\"\" class=\"wp-image-2298\" width=\"500\" srcset=\"https:\/\/radar190.com.br\/wp-content\/uploads\/2023\/07\/image-4.png 602w, https:\/\/radar190.com.br\/wp-content\/uploads\/2023\/07\/image-4-300x188.png 300w\" sizes=\"(max-width: 602px) 100vw, 602px\" \/><\/figure>\n        <div class=\"booster-block booster-reactions-block\">\n            <div class=\"twp-reactions-icons\">\n                \n                <div class=\"twp-reacts-wrap\">\n                    <a react-data=\"be-react-1\" post-id=\"2297\" class=\"be-face-icons un-reacted\" href=\"javascript:void(0)\">\n                        <img decoding=\"async\" src=\"https:\/\/radar190.com.br\/wp-content\/plugins\/booster-extension\/\/assets\/icon\/happy.svg\" alt=\"Happy\">\n                    <\/a>\n                    <div class=\"twp-reaction-title\">\n                        Happy                    <\/div>\n                    <div class=\"twp-count-percent\">\n                                                    <span style=\"display: none;\" class=\"twp-react-count\">0<\/span>\n                        \n                                                <span class=\"twp-react-percent\"><span>0<\/span> %<\/span>\n                                            <\/div>\n                <\/div>\n\n                <div class=\"twp-reacts-wrap\">\n                    <a react-data=\"be-react-2\" post-id=\"2297\" class=\"be-face-icons un-reacted\" href=\"javascript:void(0)\">\n                        <img decoding=\"async\" src=\"https:\/\/radar190.com.br\/wp-content\/plugins\/booster-extension\/\/assets\/icon\/sad.svg\" alt=\"Sad\">\n                    <\/a>\n                    <div class=\"twp-reaction-title\">\n                        Sad                    <\/div>\n                    <div class=\"twp-count-percent\">\n                                                    <span style=\"display: none;\" class=\"twp-react-count\">0<\/span>\n                                                                        <span class=\"twp-react-percent\"><span>0<\/span> %<\/span>\n                                            <\/div>\n                <\/div>\n\n                <div class=\"twp-reacts-wrap\">\n                    <a react-data=\"be-react-3\" post-id=\"2297\" class=\"be-face-icons un-reacted\" href=\"javascript:void(0)\">\n                        <img decoding=\"async\" src=\"https:\/\/radar190.com.br\/wp-content\/plugins\/booster-extension\/\/assets\/icon\/excited.svg\" alt=\"Excited\">\n                    <\/a>\n                    <div class=\"twp-reaction-title\">\n                        Excited                    <\/div>\n                    <div class=\"twp-count-percent\">\n                                                    <span style=\"display: none;\" class=\"twp-react-count\">0<\/span>\n                                                                        <span class=\"twp-react-percent\"><span>0<\/span> %<\/span>\n                                            <\/div>\n                <\/div>\n\n                <div class=\"twp-reacts-wrap\">\n                    <a react-data=\"be-react-6\" post-id=\"2297\" class=\"be-face-icons un-reacted\" href=\"javascript:void(0)\">\n                        <img decoding=\"async\" src=\"https:\/\/radar190.com.br\/wp-content\/plugins\/booster-extension\/\/assets\/icon\/sleepy.svg\" alt=\"Sleepy\">\n                    <\/a>\n                    <div class=\"twp-reaction-title\">\n                        Sleepy                    <\/div>\n                    <div class=\"twp-count-percent\">\n                                                    <span style=\"display: none;\" class=\"twp-react-count\">0<\/span>\n                        \n                                                <span class=\"twp-react-percent\"><span>0<\/span> %<\/span>\n                                            <\/div>\n                <\/div>\n\n                <div class=\"twp-reacts-wrap\">\n                    <a react-data=\"be-react-4\" post-id=\"2297\" class=\"be-face-icons un-reacted\" href=\"javascript:void(0)\">\n                        <img decoding=\"async\" src=\"https:\/\/radar190.com.br\/wp-content\/plugins\/booster-extension\/\/assets\/icon\/angry.svg\" alt=\"Angry\">\n                    <\/a>\n                    <div class=\"twp-reaction-title\">Angry<\/div>\n                    <div class=\"twp-count-percent\">\n                                                    <span style=\"display: none;\" class=\"twp-react-count\">0<\/span>\n                                                                        <span class=\"twp-react-percent\"><span>0<\/span> %<\/span>\n                        \n                    <\/div>\n                <\/div>\n\n                <div class=\"twp-reacts-wrap\">\n                    <a react-data=\"be-react-5\" post-id=\"2297\" class=\"be-face-icons un-reacted\" href=\"javascript:void(0)\">\n                        <img decoding=\"async\" src=\"https:\/\/radar190.com.br\/wp-content\/plugins\/booster-extension\/\/assets\/icon\/surprise.svg\" alt=\"Surprise\">\n                    <\/a>\n                    <div class=\"twp-reaction-title\">Surprise<\/div>\n                    <div class=\"twp-count-percent\">\n                                                    <span style=\"display: none;\" class=\"twp-react-count\">0<\/span>\n                                                                        <span class=\"twp-react-percent\"><span>0<\/span> %<\/span>\n                                            <\/div>\n                <\/div>\n\n            <\/div>\n        <\/div>\n\n    ","protected":false},"excerpt":{"rendered":"<p>Em contato com a nossa reportagem o gestor horebense disse que n\u00e3o prev\u00ea NENHUM AUMENTO DE SAL\u00c1RIO. Todos os valores podem ser consultados por qualquer cidad\u00e3o pelo Portal da Transpar\u00eancia no site da Prefeitura. Nessa ter\u00e7a-feira (04) ap\u00f3s ter mat\u00e9ria vinculada em alguns portais de not\u00edcias da regi\u00e3o, o prefeito [&hellip;]<\/p>\n","protected":false},"author":1,"featured_media":2301,"comment_status":"open","ping_status":"open","sticky":false,"template":"","format":"standard","meta":{"_mi_skip_tracking":false,"_ti_tpc_template_sync":false,"_ti_tpc_template_id":"","_joinchat":[],"footnotes":""},"categories":[5,14,13,1,116,9,18,12,8],"tags":[],"class_list":["post-2297","post","type-post","status-publish","format-standard","has-post-thumbnail","hentry","category-brasil","category-cidades","category-cultural","category-uncategorized","category-editor-picks","category-esporte","category-mundo-brasil","category-paraiba","category-policial"],"_links":{"self":[{"href":"https:\/\/radar190.com.br\/index.php\/wp-json\/wp\/v2\/posts\/2297","targetHints":{"allow":["GET"]}}],"collection":[{"href":"https:\/\/radar190.com.br\/index.php\/wp-json\/wp\/v2\/posts"}],"about":[{"href":"https:\/\/radar190.com.br\/index.php\/wp-json\/wp\/v2\/types\/post"}],"author":[{"embeddable":true,"href":"https:\/\/radar190.com.br\/index.php\/wp-json\/wp\/v2\/users\/1"}],"replies":[{"embeddable":true,"href":"https:\/\/radar190.com.br\/index.php\/wp-json\/wp\/v2\/comments?post=2297"}],"version-history":[{"count":1,"href":"https:\/\/radar190.com.br\/index.php\/wp-json\/wp\/v2\/posts\/2297\/revisions"}],"predecessor-version":[{"id":2299,"href":"https:\/\/radar190.com.br\/index.php\/wp-json\/wp\/v2\/posts\/2297\/revisions\/2299"}],"wp:featuredmedia":[{"embeddable":true,"href":"https:\/\/radar190.com.br\/index.php\/wp-json\/wp\/v2\/media\/2301"}],"wp:attachment":[{"href":"https:\/\/radar190.com.br\/index.php\/wp-json\/wp\/v2\/media?parent=2297"}],"wp:term":[{"taxonomy":"category","embeddable":true,"href":"https:\/\/radar190.com.br\/index.php\/wp-json\/wp\/v2\/categories?post=2297"},{"taxonomy":"post_tag","embeddable":true,"href":"https:\/\/radar190.com.br\/index.php\/wp-json\/wp\/v2\/tags?post=2297"}],"curies":[{"name":"wp","href":"https:\/\/api.w.org\/{rel}","templated":true}]}}