{"id":2263,"date":"2023-06-10T08:52:08","date_gmt":"2023-06-10T11:52:08","guid":{"rendered":"https:\/\/radar190.com.br\/?p=2263"},"modified":"2023-06-10T08:53:31","modified_gmt":"2023-06-10T11:53:31","slug":"vereador-e-agredido-e-ameacado-quando-fiscalizava-uso-de-ambulancias-em-festa-de-enfermeiros-em-inga","status":"publish","type":"post","link":"https:\/\/radar190.com.br\/index.php\/2023\/06\/10\/vereador-e-agredido-e-ameacado-quando-fiscalizava-uso-de-ambulancias-em-festa-de-enfermeiros-em-inga\/","title":{"rendered":"Vereador \u00e9 agredido e amea\u00e7ado quando fiscalizava uso de ambul\u00e2ncias em festa de enfermeiros em Ing\u00e1"},"content":{"rendered":"<div class='booster-block booster-read-block'>\n                <div class=\"twp-read-time\">\n                \t<i class=\"booster-icon twp-clock\"><\/i> <span>Read Time:<\/span>37 Second                <\/div>\n\n            <\/div>\n<p>O vereador chico de Alcides do munic\u00edpio de Ing\u00e1, acabou sendo agredido e amea\u00e7ado ap\u00f3s flagrar ambul\u00e2ncias em uma festa privada promovida por enfermeiros, na noite desta quarta-feira (8).<\/p>\n\n\n\n<p>Segundo informa\u00e7\u00f5es, o parlamentar recebeu den\u00fancias an\u00f4nimas que as ambul\u00e2ncias do munic\u00edpio estavam em uma casa, onde era realizado uma confraterniza\u00e7\u00e3o entre profissionais da sa\u00fade.<\/p>\n\n\n\n<p>Durante o flagrante, as viaturas foram retiradas do local, no entanto, o vereador foi atingido com um balde de \u00e1gua e um copo de bebida alco\u00f3lica. Outras pessoas ofenderam e proferiram amea\u00e7as ao vereador.<\/p>\n\n\n\n<figure class=\"wp-block-image size-full\"><img loading=\"lazy\" decoding=\"async\" width=\"640\" height=\"308\" src=\"https:\/\/radar190.com.br\/wp-content\/uploads\/2023\/06\/image-2.png\" alt=\"\" class=\"wp-image-2264\" srcset=\"https:\/\/radar190.com.br\/wp-content\/uploads\/2023\/06\/image-2.png 640w, https:\/\/radar190.com.br\/wp-content\/uploads\/2023\/06\/image-2-300x144.png 300w\" sizes=\"auto, (max-width: 640px) 100vw, 640px\" \/><\/figure>\n\n\n\n<p>\u201cEstou com medo de me matarem. Estava apenas fazendo meu trabalho de fiscaliza\u00e7\u00e3o. Isso n\u00e3o \u00e9 a primeira vez que acontece. Vou procurar a justi\u00e7a para medidas cab\u00edveis serem tomadas\u201d, disse o vereador.<\/p>\n\n\n\n<p>ClickPB<\/p>\n        <div class=\"booster-block booster-reactions-block\">\n            <div class=\"twp-reactions-icons\">\n                \n                <div class=\"twp-reacts-wrap\">\n                    <a react-data=\"be-react-1\" post-id=\"2263\" class=\"be-face-icons un-reacted\" href=\"javascript:void(0)\">\n                        <img decoding=\"async\" src=\"https:\/\/radar190.com.br\/wp-content\/plugins\/booster-extension\/\/assets\/icon\/happy.svg\" alt=\"Happy\">\n                    <\/a>\n                    <div class=\"twp-reaction-title\">\n                        Happy                    <\/div>\n                    <div class=\"twp-count-percent\">\n                                                    <span style=\"display: none;\" class=\"twp-react-count\">0<\/span>\n                        \n                                                <span class=\"twp-react-percent\"><span>0<\/span> %<\/span>\n                                            <\/div>\n                <\/div>\n\n                <div class=\"twp-reacts-wrap\">\n                    <a react-data=\"be-react-2\" post-id=\"2263\" class=\"be-face-icons un-reacted\" href=\"javascript:void(0)\">\n                        <img decoding=\"async\" src=\"https:\/\/radar190.com.br\/wp-content\/plugins\/booster-extension\/\/assets\/icon\/sad.svg\" alt=\"Sad\">\n                    <\/a>\n                    <div class=\"twp-reaction-title\">\n                        Sad                    <\/div>\n                    <div class=\"twp-count-percent\">\n                                                    <span style=\"display: none;\" class=\"twp-react-count\">0<\/span>\n                                                                        <span class=\"twp-react-percent\"><span>0<\/span> %<\/span>\n                                            <\/div>\n                <\/div>\n\n                <div class=\"twp-reacts-wrap\">\n                    <a react-data=\"be-react-3\" post-id=\"2263\" class=\"be-face-icons un-reacted\" href=\"javascript:void(0)\">\n                        <img decoding=\"async\" src=\"https:\/\/radar190.com.br\/wp-content\/plugins\/booster-extension\/\/assets\/icon\/excited.svg\" alt=\"Excited\">\n                    <\/a>\n                    <div class=\"twp-reaction-title\">\n                        Excited                    <\/div>\n                    <div class=\"twp-count-percent\">\n                                                    <span style=\"display: none;\" class=\"twp-react-count\">0<\/span>\n                                                                        <span class=\"twp-react-percent\"><span>0<\/span> %<\/span>\n                                            <\/div>\n                <\/div>\n\n                <div class=\"twp-reacts-wrap\">\n                    <a react-data=\"be-react-6\" post-id=\"2263\" class=\"be-face-icons un-reacted\" href=\"javascript:void(0)\">\n                        <img decoding=\"async\" src=\"https:\/\/radar190.com.br\/wp-content\/plugins\/booster-extension\/\/assets\/icon\/sleepy.svg\" alt=\"Sleepy\">\n                    <\/a>\n                    <div class=\"twp-reaction-title\">\n                        Sleepy                    <\/div>\n                    <div class=\"twp-count-percent\">\n                                                    <span style=\"display: none;\" class=\"twp-react-count\">0<\/span>\n                        \n                                                <span class=\"twp-react-percent\"><span>0<\/span> %<\/span>\n                                            <\/div>\n                <\/div>\n\n                <div class=\"twp-reacts-wrap\">\n                    <a react-data=\"be-react-4\" post-id=\"2263\" class=\"be-face-icons un-reacted\" href=\"javascript:void(0)\">\n                        <img decoding=\"async\" src=\"https:\/\/radar190.com.br\/wp-content\/plugins\/booster-extension\/\/assets\/icon\/angry.svg\" alt=\"Angry\">\n                    <\/a>\n                    <div class=\"twp-reaction-title\">Angry<\/div>\n                    <div class=\"twp-count-percent\">\n                                                    <span style=\"display: none;\" class=\"twp-react-count\">0<\/span>\n                                                                        <span class=\"twp-react-percent\"><span>0<\/span> %<\/span>\n                        \n                    <\/div>\n                <\/div>\n\n                <div class=\"twp-reacts-wrap\">\n                    <a react-data=\"be-react-5\" post-id=\"2263\" class=\"be-face-icons un-reacted\" href=\"javascript:void(0)\">\n                        <img decoding=\"async\" src=\"https:\/\/radar190.com.br\/wp-content\/plugins\/booster-extension\/\/assets\/icon\/surprise.svg\" alt=\"Surprise\">\n                    <\/a>\n                    <div class=\"twp-reaction-title\">Surprise<\/div>\n                    <div class=\"twp-count-percent\">\n                                                    <span style=\"display: none;\" class=\"twp-react-count\">0<\/span>\n                                                                        <span class=\"twp-react-percent\"><span>0<\/span> %<\/span>\n                                            <\/div>\n                <\/div>\n\n            <\/div>\n        <\/div>\n\n    ","protected":false},"excerpt":{"rendered":"<p>O vereador chico de Alcides do munic\u00edpio de Ing\u00e1, acabou sendo agredido e amea\u00e7ado ap\u00f3s flagrar ambul\u00e2ncias em uma festa privada promovida por enfermeiros, na noite desta quarta-feira (8). Segundo informa\u00e7\u00f5es, o parlamentar recebeu den\u00fancias an\u00f4nimas que as ambul\u00e2ncias do munic\u00edpio estavam em uma casa, onde era realizado uma confraterniza\u00e7\u00e3o [&hellip;]<\/p>\n","protected":false},"author":1,"featured_media":2266,"comment_status":"open","ping_status":"open","sticky":false,"template":"","format":"standard","meta":{"_mi_skip_tracking":false,"_ti_tpc_template_sync":false,"_ti_tpc_template_id":"","_joinchat":[],"footnotes":""},"categories":[5,14,13,1,9,18,12,8],"tags":[],"class_list":["post-2263","post","type-post","status-publish","format-standard","has-post-thumbnail","hentry","category-brasil","category-cidades","category-cultural","category-uncategorized","category-esporte","category-mundo-brasil","category-paraiba","category-policial"],"_links":{"self":[{"href":"https:\/\/radar190.com.br\/index.php\/wp-json\/wp\/v2\/posts\/2263","targetHints":{"allow":["GET"]}}],"collection":[{"href":"https:\/\/radar190.com.br\/index.php\/wp-json\/wp\/v2\/posts"}],"about":[{"href":"https:\/\/radar190.com.br\/index.php\/wp-json\/wp\/v2\/types\/post"}],"author":[{"embeddable":true,"href":"https:\/\/radar190.com.br\/index.php\/wp-json\/wp\/v2\/users\/1"}],"replies":[{"embeddable":true,"href":"https:\/\/radar190.com.br\/index.php\/wp-json\/wp\/v2\/comments?post=2263"}],"version-history":[{"count":1,"href":"https:\/\/radar190.com.br\/index.php\/wp-json\/wp\/v2\/posts\/2263\/revisions"}],"predecessor-version":[{"id":2265,"href":"https:\/\/radar190.com.br\/index.php\/wp-json\/wp\/v2\/posts\/2263\/revisions\/2265"}],"wp:featuredmedia":[{"embeddable":true,"href":"https:\/\/radar190.com.br\/index.php\/wp-json\/wp\/v2\/media\/2266"}],"wp:attachment":[{"href":"https:\/\/radar190.com.br\/index.php\/wp-json\/wp\/v2\/media?parent=2263"}],"wp:term":[{"taxonomy":"category","embeddable":true,"href":"https:\/\/radar190.com.br\/index.php\/wp-json\/wp\/v2\/categories?post=2263"},{"taxonomy":"post_tag","embeddable":true,"href":"https:\/\/radar190.com.br\/index.php\/wp-json\/wp\/v2\/tags?post=2263"}],"curies":[{"name":"wp","href":"https:\/\/api.w.org\/{rel}","templated":true}]}}