{"id":2207,"date":"2023-05-23T11:50:41","date_gmt":"2023-05-23T14:50:41","guid":{"rendered":"https:\/\/radar190.com.br\/?p=2207"},"modified":"2023-05-23T11:51:38","modified_gmt":"2023-05-23T14:51:38","slug":"monte-horebe-abre-oficialmente-o-seu-terceiro-festival-de-inverno","status":"publish","type":"post","link":"https:\/\/radar190.com.br\/index.php\/2023\/05\/23\/monte-horebe-abre-oficialmente-o-seu-terceiro-festival-de-inverno\/","title":{"rendered":"Monte Horebe abre oficialmente o seu terceiro Festival de Inverno"},"content":{"rendered":"<div class='booster-block booster-read-block'>\n                <div class=\"twp-read-time\">\n                \t<i class=\"booster-icon twp-clock\"><\/i> <span>Read Time:<\/span>1 Minute, 42 Second                <\/div>\n\n            <\/div>\n<p>A Prefeitura de Monte Horebe -regi\u00e3o serrana, 50 quil\u00f4metros ao sul de Cajazeiras e na fronteira com o Cear\u00e1- abriu ontem, oficialmente, o III Festival de Inverno, evento que se estender\u00e1 at\u00e9 o pr\u00f3ximo domingo, dia 28, com atra\u00e7\u00f5es art\u00edsticas e culturais, competi\u00e7\u00f5es esportivas, oficinas de arte, de dan\u00e7a, gastronomia e de mercado.<\/p>\n\n\n\n<figure class=\"wp-block-image size-full\"><img loading=\"lazy\" decoding=\"async\" width=\"400\" height=\"288\" src=\"https:\/\/radar190.com.br\/wp-content\/uploads\/2023\/05\/image-19.png\" alt=\"\" class=\"wp-image-2208\" srcset=\"https:\/\/radar190.com.br\/wp-content\/uploads\/2023\/05\/image-19.png 400w, https:\/\/radar190.com.br\/wp-content\/uploads\/2023\/05\/image-19-300x216.png 300w\" sizes=\"auto, (max-width: 400px) 100vw, 400px\" \/><\/figure>\n\n\n\n<p><br>O prefeito Marcos Eron, MDB, abriu o III Festival de Inverno em uma entrevista coletiva que reuniu jornalistas e radialistas da regi\u00e3o. Logo ap\u00f3s a coletiva aconteceu a inaugura\u00e7\u00e3o de um painel eletr\u00f4nico e a apresenta\u00e7\u00e3o de artistas locais no palco localizado na Pra\u00e7a Central da Cidade.<br>O Festival de Inverno, em sua terceira edi\u00e7\u00e3o, se consagra como um dos principais eventos do sert\u00e3o paraibano, pela diversidade de atra\u00e7\u00f5es e pelo n\u00famero de participantes que congrega. A Corrida do Trabalhador que, em sua quinta edi\u00e7\u00e3o e terceira como parte do Festival, acontecer\u00e1 na tarde do s\u00e1bado 22, j\u00e1 tem mais de 600 inscri\u00e7\u00f5es e contar\u00e1 com atletas de 8 estados brasileiros.<br>Outro momento destacado do Festival de Inverno de Monte Horebe \u00e9 o passeio cicl\u00edstico. Mais de 500 adeptos do ciclismo, j\u00e1 est\u00e3o inscritos para um passeio que, pela terceira vez, partir\u00e1 do Centro da Cidade e seguir\u00e1 um percurso que contempla monumentos naturais, a paisagem buc\u00f3lica e verde do sert\u00e3o e ter\u00e1 seu objetivo final na Cachoeira dos Cabrais.<br>Para o prefeito Marcos Eron, \u201cestamos muito felizes com a resposta do p\u00fablico, muita gente anunciando a participa\u00e7\u00e3o no nosso festival, mais de 500 inscri\u00e7\u00f5es para o passeio cicl\u00edstico, mais de 600 inscri\u00e7\u00f5es para a Corrida do Trabalhador e a cidade preparada e estruturada pra fazer e consagrar o Festival de Inverno de Monte Horebe como um dos eventos mais importantes da Para\u00edba e, principalmente, do Sert\u00e3o paraibano. Sejam, todas as pessoas, muit bem vindas a Monte Horebe\u201d, afirma Eron.<br>As inscri\u00e7\u00f5es para o Passeio Cicl\u00edstico e para a Corrida do Trabalhador ainda podem ser feitas atrav\u00e9s do site https:\/\/montehorebe.pb.gov.br. A programa\u00e7\u00e3o completa pode ser encontrada tamb\u00e9m nas redes sociais atrav\u00e9s de @prefmontehorebe.<\/p>\n        <div class=\"booster-block booster-reactions-block\">\n            <div class=\"twp-reactions-icons\">\n                \n                <div class=\"twp-reacts-wrap\">\n                    <a react-data=\"be-react-1\" post-id=\"2207\" class=\"be-face-icons un-reacted\" href=\"javascript:void(0)\">\n                        <img decoding=\"async\" src=\"https:\/\/radar190.com.br\/wp-content\/plugins\/booster-extension\/\/assets\/icon\/happy.svg\" alt=\"Happy\">\n                    <\/a>\n                    <div class=\"twp-reaction-title\">\n                        Happy                    <\/div>\n                    <div class=\"twp-count-percent\">\n                                                    <span style=\"display: none;\" class=\"twp-react-count\">0<\/span>\n                        \n                                                <span class=\"twp-react-percent\"><span>0<\/span> %<\/span>\n                                            <\/div>\n                <\/div>\n\n                <div class=\"twp-reacts-wrap\">\n                    <a react-data=\"be-react-2\" post-id=\"2207\" class=\"be-face-icons un-reacted\" href=\"javascript:void(0)\">\n                        <img decoding=\"async\" src=\"https:\/\/radar190.com.br\/wp-content\/plugins\/booster-extension\/\/assets\/icon\/sad.svg\" alt=\"Sad\">\n                    <\/a>\n                    <div class=\"twp-reaction-title\">\n                        Sad                    <\/div>\n                    <div class=\"twp-count-percent\">\n                                                    <span style=\"display: none;\" class=\"twp-react-count\">0<\/span>\n                                                                        <span class=\"twp-react-percent\"><span>0<\/span> %<\/span>\n                                            <\/div>\n                <\/div>\n\n                <div class=\"twp-reacts-wrap\">\n                    <a react-data=\"be-react-3\" post-id=\"2207\" class=\"be-face-icons un-reacted\" href=\"javascript:void(0)\">\n                        <img decoding=\"async\" src=\"https:\/\/radar190.com.br\/wp-content\/plugins\/booster-extension\/\/assets\/icon\/excited.svg\" alt=\"Excited\">\n                    <\/a>\n                    <div class=\"twp-reaction-title\">\n                        Excited                    <\/div>\n                    <div class=\"twp-count-percent\">\n                                                    <span style=\"display: none;\" class=\"twp-react-count\">0<\/span>\n                                                                        <span class=\"twp-react-percent\"><span>0<\/span> %<\/span>\n                                            <\/div>\n                <\/div>\n\n                <div class=\"twp-reacts-wrap\">\n                    <a react-data=\"be-react-6\" post-id=\"2207\" class=\"be-face-icons un-reacted\" href=\"javascript:void(0)\">\n                        <img decoding=\"async\" src=\"https:\/\/radar190.com.br\/wp-content\/plugins\/booster-extension\/\/assets\/icon\/sleepy.svg\" alt=\"Sleepy\">\n                    <\/a>\n                    <div class=\"twp-reaction-title\">\n                        Sleepy                    <\/div>\n                    <div class=\"twp-count-percent\">\n                                                    <span style=\"display: none;\" class=\"twp-react-count\">0<\/span>\n                        \n                                                <span class=\"twp-react-percent\"><span>0<\/span> %<\/span>\n                                            <\/div>\n                <\/div>\n\n                <div class=\"twp-reacts-wrap\">\n                    <a react-data=\"be-react-4\" post-id=\"2207\" class=\"be-face-icons un-reacted\" href=\"javascript:void(0)\">\n                        <img decoding=\"async\" src=\"https:\/\/radar190.com.br\/wp-content\/plugins\/booster-extension\/\/assets\/icon\/angry.svg\" alt=\"Angry\">\n                    <\/a>\n                    <div class=\"twp-reaction-title\">Angry<\/div>\n                    <div class=\"twp-count-percent\">\n                                                    <span style=\"display: none;\" class=\"twp-react-count\">0<\/span>\n                                                                        <span class=\"twp-react-percent\"><span>0<\/span> %<\/span>\n                        \n                    <\/div>\n                <\/div>\n\n                <div class=\"twp-reacts-wrap\">\n                    <a react-data=\"be-react-5\" post-id=\"2207\" class=\"be-face-icons un-reacted\" href=\"javascript:void(0)\">\n                        <img decoding=\"async\" src=\"https:\/\/radar190.com.br\/wp-content\/plugins\/booster-extension\/\/assets\/icon\/surprise.svg\" alt=\"Surprise\">\n                    <\/a>\n                    <div class=\"twp-reaction-title\">Surprise<\/div>\n                    <div class=\"twp-count-percent\">\n                                                    <span style=\"display: none;\" class=\"twp-react-count\">0<\/span>\n                                                                        <span class=\"twp-react-percent\"><span>0<\/span> %<\/span>\n                                            <\/div>\n                <\/div>\n\n            <\/div>\n        <\/div>\n\n    ","protected":false},"excerpt":{"rendered":"<p>A Prefeitura de Monte Horebe -regi\u00e3o serrana, 50 quil\u00f4metros ao sul de Cajazeiras e na fronteira com o Cear\u00e1- abriu ontem, oficialmente, o III Festival de Inverno, evento que se estender\u00e1 at\u00e9 o pr\u00f3ximo domingo, dia 28, com atra\u00e7\u00f5es art\u00edsticas e culturais, competi\u00e7\u00f5es esportivas, oficinas de arte, de dan\u00e7a, gastronomia [&hellip;]<\/p>\n","protected":false},"author":1,"featured_media":2210,"comment_status":"open","ping_status":"open","sticky":false,"template":"","format":"standard","meta":{"_mi_skip_tracking":false,"_ti_tpc_template_sync":false,"_ti_tpc_template_id":"","_joinchat":[],"footnotes":""},"categories":[5,14,13,1,9,18,12,8],"tags":[],"class_list":["post-2207","post","type-post","status-publish","format-standard","has-post-thumbnail","hentry","category-brasil","category-cidades","category-cultural","category-uncategorized","category-esporte","category-mundo-brasil","category-paraiba","category-policial"],"_links":{"self":[{"href":"https:\/\/radar190.com.br\/index.php\/wp-json\/wp\/v2\/posts\/2207","targetHints":{"allow":["GET"]}}],"collection":[{"href":"https:\/\/radar190.com.br\/index.php\/wp-json\/wp\/v2\/posts"}],"about":[{"href":"https:\/\/radar190.com.br\/index.php\/wp-json\/wp\/v2\/types\/post"}],"author":[{"embeddable":true,"href":"https:\/\/radar190.com.br\/index.php\/wp-json\/wp\/v2\/users\/1"}],"replies":[{"embeddable":true,"href":"https:\/\/radar190.com.br\/index.php\/wp-json\/wp\/v2\/comments?post=2207"}],"version-history":[{"count":1,"href":"https:\/\/radar190.com.br\/index.php\/wp-json\/wp\/v2\/posts\/2207\/revisions"}],"predecessor-version":[{"id":2209,"href":"https:\/\/radar190.com.br\/index.php\/wp-json\/wp\/v2\/posts\/2207\/revisions\/2209"}],"wp:featuredmedia":[{"embeddable":true,"href":"https:\/\/radar190.com.br\/index.php\/wp-json\/wp\/v2\/media\/2210"}],"wp:attachment":[{"href":"https:\/\/radar190.com.br\/index.php\/wp-json\/wp\/v2\/media?parent=2207"}],"wp:term":[{"taxonomy":"category","embeddable":true,"href":"https:\/\/radar190.com.br\/index.php\/wp-json\/wp\/v2\/categories?post=2207"},{"taxonomy":"post_tag","embeddable":true,"href":"https:\/\/radar190.com.br\/index.php\/wp-json\/wp\/v2\/tags?post=2207"}],"curies":[{"name":"wp","href":"https:\/\/api.w.org\/{rel}","templated":true}]}}