{"id":2139,"date":"2023-05-15T11:09:43","date_gmt":"2023-05-15T14:09:43","guid":{"rendered":"https:\/\/radar190.com.br\/?p=2139"},"modified":"2023-05-15T11:16:33","modified_gmt":"2023-05-15T14:16:33","slug":"mae-de-113-anos-que-ja-conheceu-lampiao-e-cuidada-com-carinho-pela-filha-em-conceicao-video","status":"publish","type":"post","link":"https:\/\/radar190.com.br\/index.php\/2023\/05\/15\/mae-de-113-anos-que-ja-conheceu-lampiao-e-cuidada-com-carinho-pela-filha-em-conceicao-video\/","title":{"rendered":"M\u00e3e de 113 anos, que j\u00e1 conheceu Lampi\u00e3o, \u00e9 cuidada com carinho pela filha, em Concei\u00e7\u00e3o; v\u00eddeo"},"content":{"rendered":"<div class='booster-block booster-read-block'>\n                <div class=\"twp-read-time\">\n                \t<i class=\"booster-icon twp-clock\"><\/i> <span>Read Time:<\/span>1 Minute, 6 Second                <\/div>\n\n            <\/div>\n<p><a href=\"https:\/\/www.facebook.com\/sharer.php?u=https%3A%2F%2Fwp.me%2FpeBiqS-mDd\"><\/a><a href=\"https:\/\/twitter.com\/intent\/tweet?text=M%C3%A3e+de+113+anos%2C+que+j%C3%A1+conheceu+Lampi%C3%A3o%2C+%C3%A9+cuidada+com+carinho+pela+filha%2C+em+Concei%C3%A7%C3%A3o%3B+v%C3%ADdeo&amp;url=https%3A%2F%2Fwp.me%2FpeBiqS-mDd&amp;via=Vale+do+Pianc%C3%B3+Not%C3%ADcias\"><\/a><a href=\"\/\/send?text=M%C3%A3e+de+113+anos%2C+que+j%C3%A1+conheceu+Lampi%C3%A3o%2C+%C3%A9+cuidada+com+carinho+pela+filha%2C+em+Concei%C3%A7%C3%A3o%3B+v%C3%ADdeo%20%E2%98%9E%20https%3A%2F%2Fwp.me%2FpeBiqS-mDd\" target=\"_blank\" rel=\"noreferrer noopener\"><\/a><a href=\"mailto:?subject=M%C3%A3e%20de%20113%20anos,%20que%20j%C3%A1%20conheceu%20Lampi%C3%A3o,%20%C3%A9%20cuidada%20com%20carinho%20pela%20filha,%20em%20Concei%C3%A7%C3%A3o;%20v%C3%ADdeo%20BODY=I%20found%20this%20article%20interesting%20and%20thought%20of%20sharing%20it%20with%20you.%20Check%20it%20out:%20https:\/\/wp.me\/peBiqS-mDd\"><\/a><a href=\"https:\/\/www.valedopianconoticias.com.br\/2023\/05\/14\/mae-de-113-anos-que-ja-conheceu-lampiao-e-cuidada-com-carinho-pela-filha-em-conceicao-video\/#\"><\/a><a href=\"javascript:if(window.print)window.print()\"><\/a><\/p>\n\n\n\n<p>\u201cToinha\u201d, a filha que cuida com todo carinho da m\u00e3e dela, Dona Maria Jos\u00e9 da Concei\u00e7\u00e3o, uma senhora que nasceu no ano de 1.910, fica emocionada ao falar da possibilidade da m\u00e3e morrer. Com 113 anos, Dona Maria \u00e9 a mulher mais velha da cidade de Concei\u00e7\u00e3o, na Para\u00edba. (Assista ao v\u00eddeo, abaixo, com parceria com a loja LS M\u00f3veis, em Santa In\u00eas)<\/p>\n\n\n\n<p>A aposentada nasceu em \u00c1guas Belas, Pernambuco, mas reside em Concei\u00e7\u00e3o, desde quando era crian\u00e7a.<\/p>\n\n\n\n<p>Apesar da idade, Dona Maria Jos\u00e9 ainda lembra de hist\u00f3rias da passagem de Lampi\u00e3o, \u2018o Rei do Canga\u00e7o\u2019 pelo munic\u00edpio de Concei\u00e7\u00e3o.<\/p>\n\n\n\n<p>Para a filha, ter uma m\u00e3e viva \u00e9 uma b\u00ean\u00e7\u00e3o. Ela chora ao pensar na possibilidade da m\u00e3e falecer.<\/p>\n\n\n\n<figure class=\"wp-block-embed is-type-video is-provider-youtube wp-block-embed-youtube wp-embed-aspect-16-9 wp-has-aspect-ratio\"><div class=\"wp-block-embed__wrapper\">\n<iframe loading=\"lazy\" title=\"Filha cuida com carinho da m\u00e3e de 113 anos, em Concei\u00e7\u00e3o\" width=\"640\" height=\"360\" src=\"https:\/\/www.youtube.com\/embed\/Hk-zQlU0WsU?feature=oembed\" frameborder=\"0\" allow=\"accelerometer; autoplay; clipboard-write; encrypted-media; gyroscope; picture-in-picture; web-share\" referrerpolicy=\"strict-origin-when-cross-origin\" allowfullscreen><\/iframe>\n<\/div><\/figure>\n\n\n\n<p>\u201cTodo dia eu t\u00f4 aqui, cuidando dela. De \u2018manh\u00e3nzinha\u2019 eu me levanto, fa\u00e7o o caf\u00e9, cuido das minhas plantas e venho para c\u00e1, cuidar dela, fazer o caf\u00e9 dela. Quando minha menina n\u00e3o vai trabalhar, eu descanso, ela fica cuidando de m\u00e3e. Mas, quando minha menina vai para a escola eu fico aqui, cuidando dela. Ela fica andando \u2018pra qui, pra col\u00e1\u2019. Mas, eu me sinto bem e feliz, enquanto eu tiver ela viver. A b\u00ean\u00e7\u00e3o da vida da gente \u00e9 uma m\u00e3e\u201d, disse Toinha \u00e0 VPNTV.<\/p>\n\n\n\n<figure class=\"wp-block-image size-full is-resized\"><img decoding=\"async\" src=\"https:\/\/radar190.com.br\/wp-content\/uploads\/2023\/05\/image-13.png\" alt=\"\" class=\"wp-image-2140\" width=\"500\" srcset=\"https:\/\/radar190.com.br\/wp-content\/uploads\/2023\/05\/image-13.png 1024w, https:\/\/radar190.com.br\/wp-content\/uploads\/2023\/05\/image-13-300x173.png 300w, https:\/\/radar190.com.br\/wp-content\/uploads\/2023\/05\/image-13-768x442.png 768w\" sizes=\"(max-width: 1024px) 100vw, 1024px\" \/><\/figure>\n\n\n\n<p>Por Gilberto Angelo, do Vale do Pianc\u00f3 Not\u00edcias<\/p>\n        <div class=\"booster-block booster-reactions-block\">\n            <div class=\"twp-reactions-icons\">\n                \n                <div class=\"twp-reacts-wrap\">\n                    <a react-data=\"be-react-1\" post-id=\"2139\" class=\"be-face-icons un-reacted\" href=\"javascript:void(0)\">\n                        <img decoding=\"async\" src=\"https:\/\/radar190.com.br\/wp-content\/plugins\/booster-extension\/\/assets\/icon\/happy.svg\" alt=\"Happy\">\n                    <\/a>\n                    <div class=\"twp-reaction-title\">\n                        Happy                    <\/div>\n                    <div class=\"twp-count-percent\">\n                                                    <span style=\"display: none;\" class=\"twp-react-count\">0<\/span>\n                        \n                                                <span class=\"twp-react-percent\"><span>0<\/span> %<\/span>\n                                            <\/div>\n                <\/div>\n\n                <div class=\"twp-reacts-wrap\">\n                    <a react-data=\"be-react-2\" post-id=\"2139\" class=\"be-face-icons un-reacted\" href=\"javascript:void(0)\">\n                        <img decoding=\"async\" src=\"https:\/\/radar190.com.br\/wp-content\/plugins\/booster-extension\/\/assets\/icon\/sad.svg\" alt=\"Sad\">\n                    <\/a>\n                    <div class=\"twp-reaction-title\">\n                        Sad                    <\/div>\n                    <div class=\"twp-count-percent\">\n                                                    <span style=\"display: none;\" class=\"twp-react-count\">0<\/span>\n                                                                        <span class=\"twp-react-percent\"><span>0<\/span> %<\/span>\n                                            <\/div>\n                <\/div>\n\n                <div class=\"twp-reacts-wrap\">\n                    <a react-data=\"be-react-3\" post-id=\"2139\" class=\"be-face-icons un-reacted\" href=\"javascript:void(0)\">\n                        <img decoding=\"async\" src=\"https:\/\/radar190.com.br\/wp-content\/plugins\/booster-extension\/\/assets\/icon\/excited.svg\" alt=\"Excited\">\n                    <\/a>\n                    <div class=\"twp-reaction-title\">\n                        Excited                    <\/div>\n                    <div class=\"twp-count-percent\">\n                                                    <span style=\"display: none;\" class=\"twp-react-count\">0<\/span>\n                                                                        <span class=\"twp-react-percent\"><span>0<\/span> %<\/span>\n                                            <\/div>\n                <\/div>\n\n                <div class=\"twp-reacts-wrap\">\n                    <a react-data=\"be-react-6\" post-id=\"2139\" class=\"be-face-icons un-reacted\" href=\"javascript:void(0)\">\n                        <img decoding=\"async\" src=\"https:\/\/radar190.com.br\/wp-content\/plugins\/booster-extension\/\/assets\/icon\/sleepy.svg\" alt=\"Sleepy\">\n                    <\/a>\n                    <div class=\"twp-reaction-title\">\n                        Sleepy                    <\/div>\n                    <div class=\"twp-count-percent\">\n                                                    <span style=\"display: none;\" class=\"twp-react-count\">0<\/span>\n                        \n                                                <span class=\"twp-react-percent\"><span>0<\/span> %<\/span>\n                                            <\/div>\n                <\/div>\n\n                <div class=\"twp-reacts-wrap\">\n                    <a react-data=\"be-react-4\" post-id=\"2139\" class=\"be-face-icons un-reacted\" href=\"javascript:void(0)\">\n                        <img decoding=\"async\" src=\"https:\/\/radar190.com.br\/wp-content\/plugins\/booster-extension\/\/assets\/icon\/angry.svg\" alt=\"Angry\">\n                    <\/a>\n                    <div class=\"twp-reaction-title\">Angry<\/div>\n                    <div class=\"twp-count-percent\">\n                                                    <span style=\"display: none;\" class=\"twp-react-count\">0<\/span>\n                                                                        <span class=\"twp-react-percent\"><span>0<\/span> %<\/span>\n                        \n                    <\/div>\n                <\/div>\n\n                <div class=\"twp-reacts-wrap\">\n                    <a react-data=\"be-react-5\" post-id=\"2139\" class=\"be-face-icons un-reacted\" href=\"javascript:void(0)\">\n                        <img decoding=\"async\" src=\"https:\/\/radar190.com.br\/wp-content\/plugins\/booster-extension\/\/assets\/icon\/surprise.svg\" alt=\"Surprise\">\n                    <\/a>\n                    <div class=\"twp-reaction-title\">Surprise<\/div>\n                    <div class=\"twp-count-percent\">\n                                                    <span style=\"display: none;\" class=\"twp-react-count\">0<\/span>\n                                                                        <span class=\"twp-react-percent\"><span>0<\/span> %<\/span>\n                                            <\/div>\n                <\/div>\n\n            <\/div>\n        <\/div>\n\n    ","protected":false},"excerpt":{"rendered":"<p>\u201cToinha\u201d, a filha que cuida com todo carinho da m\u00e3e dela, Dona Maria Jos\u00e9 da Concei\u00e7\u00e3o, uma senhora que nasceu no ano de 1.910, fica emocionada ao falar da possibilidade da m\u00e3e morrer. Com 113 anos, Dona Maria \u00e9 a mulher mais velha da cidade de Concei\u00e7\u00e3o, na Para\u00edba. (Assista [&hellip;]<\/p>\n","protected":false},"author":1,"featured_media":2144,"comment_status":"open","ping_status":"open","sticky":false,"template":"","format":"standard","meta":{"_mi_skip_tracking":false,"_ti_tpc_template_sync":false,"_ti_tpc_template_id":"","_joinchat":[],"footnotes":""},"categories":[5,14,13,1,9,18,12,8],"tags":[],"class_list":["post-2139","post","type-post","status-publish","format-standard","has-post-thumbnail","hentry","category-brasil","category-cidades","category-cultural","category-uncategorized","category-esporte","category-mundo-brasil","category-paraiba","category-policial"],"_links":{"self":[{"href":"https:\/\/radar190.com.br\/index.php\/wp-json\/wp\/v2\/posts\/2139","targetHints":{"allow":["GET"]}}],"collection":[{"href":"https:\/\/radar190.com.br\/index.php\/wp-json\/wp\/v2\/posts"}],"about":[{"href":"https:\/\/radar190.com.br\/index.php\/wp-json\/wp\/v2\/types\/post"}],"author":[{"embeddable":true,"href":"https:\/\/radar190.com.br\/index.php\/wp-json\/wp\/v2\/users\/1"}],"replies":[{"embeddable":true,"href":"https:\/\/radar190.com.br\/index.php\/wp-json\/wp\/v2\/comments?post=2139"}],"version-history":[{"count":2,"href":"https:\/\/radar190.com.br\/index.php\/wp-json\/wp\/v2\/posts\/2139\/revisions"}],"predecessor-version":[{"id":2143,"href":"https:\/\/radar190.com.br\/index.php\/wp-json\/wp\/v2\/posts\/2139\/revisions\/2143"}],"wp:featuredmedia":[{"embeddable":true,"href":"https:\/\/radar190.com.br\/index.php\/wp-json\/wp\/v2\/media\/2144"}],"wp:attachment":[{"href":"https:\/\/radar190.com.br\/index.php\/wp-json\/wp\/v2\/media?parent=2139"}],"wp:term":[{"taxonomy":"category","embeddable":true,"href":"https:\/\/radar190.com.br\/index.php\/wp-json\/wp\/v2\/categories?post=2139"},{"taxonomy":"post_tag","embeddable":true,"href":"https:\/\/radar190.com.br\/index.php\/wp-json\/wp\/v2\/tags?post=2139"}],"curies":[{"name":"wp","href":"https:\/\/api.w.org\/{rel}","templated":true}]}}