{"id":2110,"date":"2023-05-08T14:33:01","date_gmt":"2023-05-08T17:33:01","guid":{"rendered":"https:\/\/radar190.com.br\/?p=2110"},"modified":"2023-05-08T14:33:25","modified_gmt":"2023-05-08T17:33:25","slug":"em-monte-horebe-prefeito-marcos-eron-repudia-veementemente-materia-inveridica-e-distorcida-veiculada-sobre-suposta-licitacao-suspeita-na-construcao-de-creche","status":"publish","type":"post","link":"https:\/\/radar190.com.br\/index.php\/2023\/05\/08\/em-monte-horebe-prefeito-marcos-eron-repudia-veementemente-materia-inveridica-e-distorcida-veiculada-sobre-suposta-licitacao-suspeita-na-construcao-de-creche\/","title":{"rendered":"Em Monte Horebe. Prefeito Marcos Eron repudia veementemente mat\u00e9ria inver\u00eddica e distorcida, veiculada sobre suposta licita\u00e7\u00e3o suspeita, na constru\u00e7\u00e3o de creche"},"content":{"rendered":"<div class='booster-block booster-read-block'>\n                <div class=\"twp-read-time\">\n                \t<i class=\"booster-icon twp-clock\"><\/i> <span>Read Time:<\/span>1 Minute, 49 Second                <\/div>\n\n            <\/div>\n<p>Assessoria Jur\u00eddica de Marcos Eron, j\u00e1 est\u00e1 providenciando uma pe\u00e7a com pedido de retrata\u00e7\u00e3o por parte dos Blogs que disseminaram Fake News envolvendo o nome do gestor horebense<\/p>\n\n\n\n<p>O prefeito da cidade de Monte horebe,&nbsp;<strong>Marcos Eron<\/strong>, no auge de sua integridade moral e idoneidade administrativa, vem repudiando de forma sist\u00eamica e cont\u00ednua, uma mat\u00e9ria distorcida, inver\u00eddica e de car\u00e1ter duvidoso, veiculada por alguns Blog parciais e sem nenhum compromisso com a veracidade dos fatos, no sentido de que, de acordo com a publica\u00e7\u00e3o mentirosa e sem nexo, o Tribunal de Contas teria julgado procedente uma den\u00fancia,&nbsp; com pedido de cautelar, sobre&nbsp; suposta restri\u00e7\u00e3o de concorr\u00eancia nas cl\u00e1usulas&nbsp; edital\u00edcias da Tomada de Pre\u00e7os n\u00ba 005\/2021, deflagrada para constru\u00e7\u00e3o de uma creche no S\u00edtio Braga naquela cidade.<\/p>\n\n\n\n<p>Vale salientar, que, de acordo com a mat\u00e9ria, ora veiculada no Portal de Not\u00edcias, Tribuna 10, existe uma cita\u00e7\u00e3o referente ao Cancelamento do Doc. 04753\/22, todavia, erroneamente o Blog n\u00e3o observou junto ao TRAMITA, Mural Eletr\u00f4nico do Tribunal de Contas do Estado da Para\u00edba, que tal documento, faz refer\u00eancias a Prefeitura Municipal da cidade de S\u00e3o Francisco e o objeto da licita\u00e7\u00e3o \u00e9 AQUISI\u00c7\u00c3O DE SERVI\u00c7OS DE SERIGRAFIA , o que nada tem haver com o fato publicado.<\/p>\n\n\n\n<p>Portanto, est\u00e1 mais do que \u00f3bvio que a mat\u00e9ria disseminada recentemente tentando macular a idoneidade do senhor&nbsp;<strong>Marcos Eron<\/strong>&nbsp;\u00e9 infundada, inver\u00eddica e sem nenhum compromisso com a verdade, uma vez que, a Constru\u00e7\u00e3o da Creche do S\u00edtio Brga, foi objeto de uma Licita\u00e7\u00e3o do ano de 2022 e n\u00e3o 2021 como citado no site.<\/p>\n\n\n\n<p>A Obra da Creche do S\u00edtio Braga, encontra-se em fase de conclus\u00e3o e jamais houve nenhuma den\u00fancia referente a tal constru\u00e7\u00e3o.<\/p>\n\n\n\n<p>Quanto ao Processo Licitat\u00f3rio cancelado pelo pr\u00f3prio prefeito, trata-se do Certame que contemplaria a obra de amplia\u00e7\u00e3o de Escola, haja vista, que n\u00e3o houve contrata\u00e7\u00e3o, n\u00e3o houve sequer nenhuma opera\u00e7\u00e3o administrativa, al\u00e9m do cancelamento do Procedimento.<\/p>\n\n\n\n<p>A assessoria jur\u00eddica do gestor horebense, j\u00e1 est\u00e1 tomando as devidas provid\u00eancias e brevemente todos os ve\u00edculos de comunica\u00e7\u00e3o que disseminaram essas supostas Fake News ir\u00e3o responder por seus atos.<\/p>\n\n\n\n<figure class=\"wp-block-image size-full is-resized\"><img decoding=\"async\" src=\"https:\/\/radar190.com.br\/wp-content\/uploads\/2023\/05\/image-8.png\" alt=\"\" class=\"wp-image-2111\" width=\"350\" srcset=\"https:\/\/radar190.com.br\/wp-content\/uploads\/2023\/05\/image-8.png 500w, https:\/\/radar190.com.br\/wp-content\/uploads\/2023\/05\/image-8-300x300.png 300w, https:\/\/radar190.com.br\/wp-content\/uploads\/2023\/05\/image-8-150x150.png 150w\" sizes=\"(max-width: 500px) 100vw, 500px\" \/><\/figure>\n\n\n\n<h5 class=\"wp-block-heading\">Da Reda\u00e7\u00e3o do Blog do Espi\u00e3o<\/h5>\n\n\n\n<h5 class=\"wp-block-heading\">Janem\u00e1rcio da Silva<\/h5>\n        <div class=\"booster-block booster-reactions-block\">\n            <div class=\"twp-reactions-icons\">\n                \n                <div class=\"twp-reacts-wrap\">\n                    <a react-data=\"be-react-1\" post-id=\"2110\" class=\"be-face-icons un-reacted\" href=\"javascript:void(0)\">\n                        <img decoding=\"async\" src=\"https:\/\/radar190.com.br\/wp-content\/plugins\/booster-extension\/\/assets\/icon\/happy.svg\" alt=\"Happy\">\n                    <\/a>\n                    <div class=\"twp-reaction-title\">\n                        Happy                    <\/div>\n                    <div class=\"twp-count-percent\">\n                                                    <span style=\"display: none;\" class=\"twp-react-count\">0<\/span>\n                        \n                                                <span class=\"twp-react-percent\"><span>0<\/span> %<\/span>\n                                            <\/div>\n                <\/div>\n\n                <div class=\"twp-reacts-wrap\">\n                    <a react-data=\"be-react-2\" post-id=\"2110\" class=\"be-face-icons un-reacted\" href=\"javascript:void(0)\">\n                        <img decoding=\"async\" src=\"https:\/\/radar190.com.br\/wp-content\/plugins\/booster-extension\/\/assets\/icon\/sad.svg\" alt=\"Sad\">\n                    <\/a>\n                    <div class=\"twp-reaction-title\">\n                        Sad                    <\/div>\n                    <div class=\"twp-count-percent\">\n                                                    <span style=\"display: none;\" class=\"twp-react-count\">0<\/span>\n                                                                        <span class=\"twp-react-percent\"><span>0<\/span> %<\/span>\n                                            <\/div>\n                <\/div>\n\n                <div class=\"twp-reacts-wrap\">\n                    <a react-data=\"be-react-3\" post-id=\"2110\" class=\"be-face-icons un-reacted\" href=\"javascript:void(0)\">\n                        <img decoding=\"async\" src=\"https:\/\/radar190.com.br\/wp-content\/plugins\/booster-extension\/\/assets\/icon\/excited.svg\" alt=\"Excited\">\n                    <\/a>\n                    <div class=\"twp-reaction-title\">\n                        Excited                    <\/div>\n                    <div class=\"twp-count-percent\">\n                                                    <span style=\"display: none;\" class=\"twp-react-count\">0<\/span>\n                                                                        <span class=\"twp-react-percent\"><span>0<\/span> %<\/span>\n                                            <\/div>\n                <\/div>\n\n                <div class=\"twp-reacts-wrap\">\n                    <a react-data=\"be-react-6\" post-id=\"2110\" class=\"be-face-icons un-reacted\" href=\"javascript:void(0)\">\n                        <img decoding=\"async\" src=\"https:\/\/radar190.com.br\/wp-content\/plugins\/booster-extension\/\/assets\/icon\/sleepy.svg\" alt=\"Sleepy\">\n                    <\/a>\n                    <div class=\"twp-reaction-title\">\n                        Sleepy                    <\/div>\n                    <div class=\"twp-count-percent\">\n                                                    <span style=\"display: none;\" class=\"twp-react-count\">0<\/span>\n                        \n                                                <span class=\"twp-react-percent\"><span>0<\/span> %<\/span>\n                                            <\/div>\n                <\/div>\n\n                <div class=\"twp-reacts-wrap\">\n                    <a react-data=\"be-react-4\" post-id=\"2110\" class=\"be-face-icons un-reacted\" href=\"javascript:void(0)\">\n                        <img decoding=\"async\" src=\"https:\/\/radar190.com.br\/wp-content\/plugins\/booster-extension\/\/assets\/icon\/angry.svg\" alt=\"Angry\">\n                    <\/a>\n                    <div class=\"twp-reaction-title\">Angry<\/div>\n                    <div class=\"twp-count-percent\">\n                                                    <span style=\"display: none;\" class=\"twp-react-count\">0<\/span>\n                                                                        <span class=\"twp-react-percent\"><span>0<\/span> %<\/span>\n                        \n                    <\/div>\n                <\/div>\n\n                <div class=\"twp-reacts-wrap\">\n                    <a react-data=\"be-react-5\" post-id=\"2110\" class=\"be-face-icons un-reacted\" href=\"javascript:void(0)\">\n                        <img decoding=\"async\" src=\"https:\/\/radar190.com.br\/wp-content\/plugins\/booster-extension\/\/assets\/icon\/surprise.svg\" alt=\"Surprise\">\n                    <\/a>\n                    <div class=\"twp-reaction-title\">Surprise<\/div>\n                    <div class=\"twp-count-percent\">\n                                                    <span style=\"display: none;\" class=\"twp-react-count\">0<\/span>\n                                                                        <span class=\"twp-react-percent\"><span>0<\/span> %<\/span>\n                                            <\/div>\n                <\/div>\n\n            <\/div>\n        <\/div>\n\n    ","protected":false},"excerpt":{"rendered":"<p>Assessoria Jur\u00eddica de Marcos Eron, j\u00e1 est\u00e1 providenciando uma pe\u00e7a com pedido de retrata\u00e7\u00e3o por parte dos Blogs que disseminaram Fake News envolvendo o nome do gestor horebense O prefeito da cidade de Monte horebe,&nbsp;Marcos Eron, no auge de sua integridade moral e idoneidade administrativa, vem repudiando de forma sist\u00eamica [&hellip;]<\/p>\n","protected":false},"author":1,"featured_media":2113,"comment_status":"open","ping_status":"open","sticky":false,"template":"","format":"standard","meta":{"_mi_skip_tracking":false,"_ti_tpc_template_sync":false,"_ti_tpc_template_id":"","_joinchat":[],"footnotes":""},"categories":[5,14,13,1,9,18,12,8],"tags":[],"class_list":["post-2110","post","type-post","status-publish","format-standard","has-post-thumbnail","hentry","category-brasil","category-cidades","category-cultural","category-uncategorized","category-esporte","category-mundo-brasil","category-paraiba","category-policial"],"_links":{"self":[{"href":"https:\/\/radar190.com.br\/index.php\/wp-json\/wp\/v2\/posts\/2110","targetHints":{"allow":["GET"]}}],"collection":[{"href":"https:\/\/radar190.com.br\/index.php\/wp-json\/wp\/v2\/posts"}],"about":[{"href":"https:\/\/radar190.com.br\/index.php\/wp-json\/wp\/v2\/types\/post"}],"author":[{"embeddable":true,"href":"https:\/\/radar190.com.br\/index.php\/wp-json\/wp\/v2\/users\/1"}],"replies":[{"embeddable":true,"href":"https:\/\/radar190.com.br\/index.php\/wp-json\/wp\/v2\/comments?post=2110"}],"version-history":[{"count":1,"href":"https:\/\/radar190.com.br\/index.php\/wp-json\/wp\/v2\/posts\/2110\/revisions"}],"predecessor-version":[{"id":2112,"href":"https:\/\/radar190.com.br\/index.php\/wp-json\/wp\/v2\/posts\/2110\/revisions\/2112"}],"wp:featuredmedia":[{"embeddable":true,"href":"https:\/\/radar190.com.br\/index.php\/wp-json\/wp\/v2\/media\/2113"}],"wp:attachment":[{"href":"https:\/\/radar190.com.br\/index.php\/wp-json\/wp\/v2\/media?parent=2110"}],"wp:term":[{"taxonomy":"category","embeddable":true,"href":"https:\/\/radar190.com.br\/index.php\/wp-json\/wp\/v2\/categories?post=2110"},{"taxonomy":"post_tag","embeddable":true,"href":"https:\/\/radar190.com.br\/index.php\/wp-json\/wp\/v2\/tags?post=2110"}],"curies":[{"name":"wp","href":"https:\/\/api.w.org\/{rel}","templated":true}]}}