{"id":2076,"date":"2023-05-08T09:29:05","date_gmt":"2023-05-08T12:29:05","guid":{"rendered":"https:\/\/radar190.com.br\/?p=2076"},"modified":"2023-05-08T09:29:32","modified_gmt":"2023-05-08T12:29:32","slug":"crianca-cajazeirense-que-iria-seguir-no-acaua-para-hospital-de-campina-nao-resiste-e-morre-a-caminho","status":"publish","type":"post","link":"https:\/\/radar190.com.br\/index.php\/2023\/05\/08\/crianca-cajazeirense-que-iria-seguir-no-acaua-para-hospital-de-campina-nao-resiste-e-morre-a-caminho\/","title":{"rendered":"Crian\u00e7a cajazeirense que iria seguir no Acau\u00e3 para hospital de Campina, n\u00e3o resiste e morre a caminho"},"content":{"rendered":"<div class='booster-block booster-read-block'>\n                <div class=\"twp-read-time\">\n                \t<i class=\"booster-icon twp-clock\"><\/i> <span>Read Time:<\/span>2 Minute, 7 Second                <\/div>\n\n            <\/div>\n<p>Mesmo com todo o aparato m\u00e9dico tanto do HUJB quanto da Secretaria de Sa\u00fade do Estado ao disponibilizar o helic\u00f3ptero Acau\u00e3 para transferir a crian\u00e7a Ana J\u00falia Mangueira Cardoso, de apenas 2 anos de idade, de Cajazeiras para Campina Grande, infelizmente ela n\u00e3o resistiu e veio a \u00f3bito no decorrer da viagem.<\/p>\n\n\n\n<p>De princ\u00edpio, ela foi transferida por volta das 15h da tarde deste domingo (07) em uma ambul\u00e2ncia do Hospital Universit\u00e1rio J\u00falio Bandeira (HUJB), para a cidade de Patos, onde de l\u00e1 seguiria no helic\u00f3ptero Acau\u00e3, da Pol\u00edcia Militar da Para\u00edba, com destino \u00e0 Campina Grande, onde daria entrada na UTI pedi\u00e1trica do Hospital de Trauma.<\/p>\n\n\n\n<p>Conforme apurado pelo Di\u00e1rio do Sert\u00e3o, antes mesmo de chegar em Patos, ao passar pela cidade Malta, j\u00e1 na regi\u00e3o patoense, a pequena Ana J\u00falia teve uma parada card\u00edaca e mesmo com toda dilig\u00eancia dos profissionais de sa\u00fade, a ponto de tentar reanim\u00e1-la por cerca de 1 hora e 20 minutos, a menina n\u00e3o resistiu e faleceu.<\/p>\n\n\n\n<p>O CASO<\/p>\n\n\n\n<p>A reportagem da TV Di\u00e1rio do Sert\u00e3o conversou com o mototaxista Ant\u00f4nio Mangueira de Albuquerque, pai da pequena Ana J\u00falia Mangueira Cardoso. Ele disse que sua filha apresentou febre na \u00faltima quinta-feira (4) e a m\u00e3e dela conduziu a menor at\u00e9 a Unidade de Pronto Atendimento de Cajazeiras (UPA), e logo foi identificado que ela estava com Pneumonia, tendo ent\u00e3o que ser de imediato transferida para o HUJB. Ant\u00f4nio explicou que a orienta\u00e7\u00e3o foi para intubar sua filha com urg\u00eancia.<\/p>\n\n\n\n<p>A partir de ent\u00e3o o quadro de Ana J\u00falia piorou e surgiu a necessidade urgente de transferi-la para uma UTI pedi\u00e1trica em Campina Grande ou em Jo\u00e3o Pessoa.<\/p>\n\n\n\n<p>De princ\u00edpio o pai da menina fez um apelo para as pessoas lhes ajudarem a se fosse o caso, levar a pequena Ana J\u00falia para uma unidade particular, mas ap\u00f3s repercuss\u00e3o da reportagem do Di\u00e1rio do Sert\u00e3o, logo foi conseguido um leito para a paciente no SUS.<\/p>\n\n\n\n<p>TRANSFER\u00caNCIA<\/p>\n\n\n\n<p>Ap\u00f3s a vaga ter surgido em Jo\u00e3o Pessoa, a paciente ainda chegou a ser colocada em uma ambul\u00e2ncia neste s\u00e1bado (06), para seguir viagem para a Capital, entretanto, ela apresentou uma piora em seu quadro cl\u00ednico e de imediato a viagem foi cancelada.<\/p>\n\n\n\n<p>J\u00e1 na tarde deste domingo (07), Ana J\u00falia foi transferida por volta das 15h em uma ambul\u00e2ncia do HUJB para a cidade de Patos, onde de l\u00e1 seguiria no helic\u00f3ptero Acau\u00e3, da Pol\u00edcia Militar da Para\u00edba com destino \u00e0 Campina Grande, onde daria entrada na UTI pedi\u00e1trica do Hospital de Trauma.<\/p>\n\n\n\n<figure class=\"wp-block-image size-full\"><img loading=\"lazy\" decoding=\"async\" width=\"640\" height=\"424\" src=\"https:\/\/radar190.com.br\/wp-content\/uploads\/2023\/05\/image-4.png\" alt=\"\" class=\"wp-image-2077\" srcset=\"https:\/\/radar190.com.br\/wp-content\/uploads\/2023\/05\/image-4.png 640w, https:\/\/radar190.com.br\/wp-content\/uploads\/2023\/05\/image-4-300x199.png 300w\" sizes=\"auto, (max-width: 640px) 100vw, 640px\" \/><\/figure>\n\n\n\n<p>DI\u00c1RIO DO SERT\u00c3O<\/p>\n        <div class=\"booster-block booster-reactions-block\">\n            <div class=\"twp-reactions-icons\">\n                \n                <div class=\"twp-reacts-wrap\">\n                    <a react-data=\"be-react-1\" post-id=\"2076\" class=\"be-face-icons un-reacted\" href=\"javascript:void(0)\">\n                        <img decoding=\"async\" src=\"https:\/\/radar190.com.br\/wp-content\/plugins\/booster-extension\/\/assets\/icon\/happy.svg\" alt=\"Happy\">\n                    <\/a>\n                    <div class=\"twp-reaction-title\">\n                        Happy                    <\/div>\n                    <div class=\"twp-count-percent\">\n                                                    <span style=\"display: none;\" class=\"twp-react-count\">0<\/span>\n                        \n                                                <span class=\"twp-react-percent\"><span>0<\/span> %<\/span>\n                                            <\/div>\n                <\/div>\n\n                <div class=\"twp-reacts-wrap\">\n                    <a react-data=\"be-react-2\" post-id=\"2076\" class=\"be-face-icons un-reacted\" href=\"javascript:void(0)\">\n                        <img decoding=\"async\" src=\"https:\/\/radar190.com.br\/wp-content\/plugins\/booster-extension\/\/assets\/icon\/sad.svg\" alt=\"Sad\">\n                    <\/a>\n                    <div class=\"twp-reaction-title\">\n                        Sad                    <\/div>\n                    <div class=\"twp-count-percent\">\n                                                    <span style=\"display: none;\" class=\"twp-react-count\">0<\/span>\n                                                                        <span class=\"twp-react-percent\"><span>0<\/span> %<\/span>\n                                            <\/div>\n                <\/div>\n\n                <div class=\"twp-reacts-wrap\">\n                    <a react-data=\"be-react-3\" post-id=\"2076\" class=\"be-face-icons un-reacted\" href=\"javascript:void(0)\">\n                        <img decoding=\"async\" src=\"https:\/\/radar190.com.br\/wp-content\/plugins\/booster-extension\/\/assets\/icon\/excited.svg\" alt=\"Excited\">\n                    <\/a>\n                    <div class=\"twp-reaction-title\">\n                        Excited                    <\/div>\n                    <div class=\"twp-count-percent\">\n                                                    <span style=\"display: none;\" class=\"twp-react-count\">0<\/span>\n                                                                        <span class=\"twp-react-percent\"><span>0<\/span> %<\/span>\n                                            <\/div>\n                <\/div>\n\n                <div class=\"twp-reacts-wrap\">\n                    <a react-data=\"be-react-6\" post-id=\"2076\" class=\"be-face-icons un-reacted\" href=\"javascript:void(0)\">\n                        <img decoding=\"async\" src=\"https:\/\/radar190.com.br\/wp-content\/plugins\/booster-extension\/\/assets\/icon\/sleepy.svg\" alt=\"Sleepy\">\n                    <\/a>\n                    <div class=\"twp-reaction-title\">\n                        Sleepy                    <\/div>\n                    <div class=\"twp-count-percent\">\n                                                    <span style=\"display: none;\" class=\"twp-react-count\">0<\/span>\n                        \n                                                <span class=\"twp-react-percent\"><span>0<\/span> %<\/span>\n                                            <\/div>\n                <\/div>\n\n                <div class=\"twp-reacts-wrap\">\n                    <a react-data=\"be-react-4\" post-id=\"2076\" class=\"be-face-icons un-reacted\" href=\"javascript:void(0)\">\n                        <img decoding=\"async\" src=\"https:\/\/radar190.com.br\/wp-content\/plugins\/booster-extension\/\/assets\/icon\/angry.svg\" alt=\"Angry\">\n                    <\/a>\n                    <div class=\"twp-reaction-title\">Angry<\/div>\n                    <div class=\"twp-count-percent\">\n                                                    <span style=\"display: none;\" class=\"twp-react-count\">0<\/span>\n                                                                        <span class=\"twp-react-percent\"><span>0<\/span> %<\/span>\n                        \n                    <\/div>\n                <\/div>\n\n                <div class=\"twp-reacts-wrap\">\n                    <a react-data=\"be-react-5\" post-id=\"2076\" class=\"be-face-icons un-reacted\" href=\"javascript:void(0)\">\n                        <img decoding=\"async\" src=\"https:\/\/radar190.com.br\/wp-content\/plugins\/booster-extension\/\/assets\/icon\/surprise.svg\" alt=\"Surprise\">\n                    <\/a>\n                    <div class=\"twp-reaction-title\">Surprise<\/div>\n                    <div class=\"twp-count-percent\">\n                                                    <span style=\"display: none;\" class=\"twp-react-count\">0<\/span>\n                                                                        <span class=\"twp-react-percent\"><span>0<\/span> %<\/span>\n                                            <\/div>\n                <\/div>\n\n            <\/div>\n        <\/div>\n\n    ","protected":false},"excerpt":{"rendered":"<p>Mesmo com todo o aparato m\u00e9dico tanto do HUJB quanto da Secretaria de Sa\u00fade do Estado ao disponibilizar o helic\u00f3ptero Acau\u00e3 para transferir a crian\u00e7a Ana J\u00falia Mangueira Cardoso, de apenas 2 anos de idade, de Cajazeiras para Campina Grande, infelizmente ela n\u00e3o resistiu e veio a \u00f3bito no decorrer [&hellip;]<\/p>\n","protected":false},"author":1,"featured_media":2079,"comment_status":"open","ping_status":"open","sticky":false,"template":"","format":"standard","meta":{"_mi_skip_tracking":false,"_ti_tpc_template_sync":false,"_ti_tpc_template_id":"","_joinchat":[],"footnotes":""},"categories":[5,14,13,1,9,18,12,8],"tags":[],"class_list":["post-2076","post","type-post","status-publish","format-standard","has-post-thumbnail","hentry","category-brasil","category-cidades","category-cultural","category-uncategorized","category-esporte","category-mundo-brasil","category-paraiba","category-policial"],"_links":{"self":[{"href":"https:\/\/radar190.com.br\/index.php\/wp-json\/wp\/v2\/posts\/2076","targetHints":{"allow":["GET"]}}],"collection":[{"href":"https:\/\/radar190.com.br\/index.php\/wp-json\/wp\/v2\/posts"}],"about":[{"href":"https:\/\/radar190.com.br\/index.php\/wp-json\/wp\/v2\/types\/post"}],"author":[{"embeddable":true,"href":"https:\/\/radar190.com.br\/index.php\/wp-json\/wp\/v2\/users\/1"}],"replies":[{"embeddable":true,"href":"https:\/\/radar190.com.br\/index.php\/wp-json\/wp\/v2\/comments?post=2076"}],"version-history":[{"count":1,"href":"https:\/\/radar190.com.br\/index.php\/wp-json\/wp\/v2\/posts\/2076\/revisions"}],"predecessor-version":[{"id":2078,"href":"https:\/\/radar190.com.br\/index.php\/wp-json\/wp\/v2\/posts\/2076\/revisions\/2078"}],"wp:featuredmedia":[{"embeddable":true,"href":"https:\/\/radar190.com.br\/index.php\/wp-json\/wp\/v2\/media\/2079"}],"wp:attachment":[{"href":"https:\/\/radar190.com.br\/index.php\/wp-json\/wp\/v2\/media?parent=2076"}],"wp:term":[{"taxonomy":"category","embeddable":true,"href":"https:\/\/radar190.com.br\/index.php\/wp-json\/wp\/v2\/categories?post=2076"},{"taxonomy":"post_tag","embeddable":true,"href":"https:\/\/radar190.com.br\/index.php\/wp-json\/wp\/v2\/tags?post=2076"}],"curies":[{"name":"wp","href":"https:\/\/api.w.org\/{rel}","templated":true}]}}