{"id":1956,"date":"2023-04-18T12:21:09","date_gmt":"2023-04-18T15:21:09","guid":{"rendered":"https:\/\/radar190.com.br\/?p=1956"},"modified":"2023-04-18T12:25:31","modified_gmt":"2023-04-18T15:25:31","slug":"nutricionista-de-bonito-de-santa-fe-faz-denuncia-gravissima-no-mp-pb-diz-que-sofre-assedio-moral-em-seu-trabalho-e-denuncia-a-distribuicao-de-leite-com-validade-vencida-para-alimen","status":"publish","type":"post","link":"https:\/\/radar190.com.br\/index.php\/2023\/04\/18\/nutricionista-de-bonito-de-santa-fe-faz-denuncia-gravissima-no-mp-pb-diz-que-sofre-assedio-moral-em-seu-trabalho-e-denuncia-a-distribuicao-de-leite-com-validade-vencida-para-alimen\/","title":{"rendered":"Nutricionista de Bonito de Santa F\u00e9, faz den\u00fancia grav\u00edssima no MP-PB, diz que sofre \u201cAss\u00e9dio Moral\u201d em seu trabalho e denuncia a distribui\u00e7\u00e3o de leite com validade vencida para alimentar as crian\u00e7as da Creche Municipal"},"content":{"rendered":"<div class='booster-block booster-read-block'>\n                <div class=\"twp-read-time\">\n                \t<i class=\"booster-icon twp-clock\"><\/i> <span>Read Time:<\/span>2 Minute, 53 Second                <\/div>\n\n            <\/div>\n<p><strong>Francisca Auril\u00e3ndia Gomes dos Santos<\/strong>, Nutricionista, efetiva do Munic\u00edpio de Bonito de Santa F\u00e9, no alto sert\u00e3o paraibano, apresentou uma DEN\u00daNCIA, contra a Secret\u00e1ria Municipal de Educa\u00e7\u00e3o, <strong>F\u00e1tima Lucena<\/strong>, irm\u00e3 do prefeito daquela cidade, <strong>Ceninha Lucena<\/strong>,&nbsp; por atos de persegui\u00e7\u00e3o e descrimina\u00e7\u00e3o.<\/p>\n\n\n\n<p>Segundo a denunciante, al\u00e9m de ser xingada de gorda por ter realizado uma cirurgia bari\u00e1trica, a mesma foi hostilizada juntamente com mais duas colegas de trabalho e chamadas de \u201c<strong>Trio Nordestino<\/strong>\u201d em algumas ocasi\u00f5es.<\/p>\n\n\n\n<figure class=\"wp-block-image size-full is-resized\"><img decoding=\"async\" src=\"https:\/\/radar190.com.br\/wp-content\/uploads\/2023\/04\/bonito-de-santa-fe-1.jpg\" alt=\"\" class=\"wp-image-1957\" width=\"500\" srcset=\"https:\/\/radar190.com.br\/wp-content\/uploads\/2023\/04\/bonito-de-santa-fe-1.jpg 888w, https:\/\/radar190.com.br\/wp-content\/uploads\/2023\/04\/bonito-de-santa-fe-1-300x169.jpg 300w, https:\/\/radar190.com.br\/wp-content\/uploads\/2023\/04\/bonito-de-santa-fe-1-768x432.jpg 768w\" sizes=\"(max-width: 888px) 100vw, 888px\" \/><\/figure>\n\n\n\n<p>Outra vez, durante uma reuni\u00e3o ocorrida no dia 07 de fevereiro de 2023, a referida nutricionista, solicitou da Secretaria de Educa\u00e7\u00e3o um maior reconhecimento dos servidores que, embora n\u00e3o lecionam, s\u00e3o partes importantes de toda a estrutura da Secretaria de Educa\u00e7\u00e3o, a exemplo das cozinheiras, merendeiras e auxiliares de servi\u00e7os gerais. Em resposta a indaga\u00e7\u00e3o feita pela servidora a Secret\u00e1ria de Educa\u00e7\u00e3o passou a critic\u00e1-la, dizendo que ela n\u00e3o exerce as atribui\u00e7\u00f5es de seu cargo de forma satisfat\u00f3ria, que a servidora apresentou em menos de um ano cerca de 30 atestados m\u00e9dicos, aduzindo ainda que a servidora em quest\u00e3o n\u00e3o queria realizar as visitas de rotinas nas cantinas das escolas do munic\u00edpio, bem como esta era uma p\u00e9ssima servidora.<\/p>\n\n\n\n<p>Ap\u00f3s os atos de agress\u00e3o verbal a Secretaria de Educa\u00e7\u00e3o, F\u00e1tima Lucena, foi ovacionada por uma salva de palmas por todos os servidores contratados ali presentes.<\/p>\n\n\n\n<p>Na representa\u00e7\u00e3o feita junto ao Minist\u00e9rio P\u00fablico da Para\u00edba,&nbsp; a nutricionista, <strong>Francisca Auril\u00e3ndia,<\/strong> deixa claro que, em sua quase totalidade, os atestados m\u00e9dicos s\u00e3o referentes ao acompanhamento de seu irm\u00e3o que \u00e9 portador de necessidades especiais e realiza tratamento permanente junto ao Hospital da Restaura\u00e7\u00e3o em Recife, no Estado de Pernambuco e na FUNAD localizada na capital paraibana.<\/p>\n\n\n\n<p>Todos os atos agressivos s\u00e3o uma retalia\u00e7\u00e3o as v\u00e1rias cobran\u00e7as feitas pela Nutricionista e demais servidoras quanto \u00e0 qualidade da merenda escolar, pois, as Servidoras por v\u00e1rias vezes levaram ao conhecimento da Secretaria de Educa\u00e7\u00e3o o fato de que os alimentos utilizados na merenda escolar apresentavam baixa qualidade, al\u00e9m de alguns j\u00e1 estarem vencidos quando entregues nas cantinas das escolas.<\/p>\n\n\n\n<p>Um dos relatos chama bastante aten\u00e7\u00e3o pelo fato de que o leite do Programa Fome Zero, extinto h\u00e1 um bom tempo, destinados \u00e0s fam\u00edlias de baixa renda, estava sendo utilizado na merenda escolar, tal situa\u00e7\u00e3o poderia n\u00e3o soar t\u00e3o estranha se n\u00e3o fosse pelo fato de que o leite fora distribu\u00eddo e servido fora do prazo de validade.<\/p>\n\n\n\n<p>Quanto a esta situa\u00e7\u00e3o escandalosa e grav\u00edssima a respeito desse alimento est\u00e1 sendo distribu\u00eddo para as crian\u00e7as que frequentam as Creches do munic\u00edpio, em conversa entre a nutricionista e o coordenador da merenda escolar, este chegou a afirmar que \u201cleite congelado n\u00e3o vence\u201d.<\/p>\n\n\n\n<p>Os atos de ass\u00e9dio moral decorrem unicamente do fato das servidoras ocuparem cargos efetivos e por cobrarem melhorias na qualidade da merenda a ser ofertadas aos alunos. Importante destacar o fato de que as servidoras nunca responderam a nenhum processo administrativo disciplinar em todo o seu hist\u00f3rico como servidoras p\u00fablicas do Munic\u00edpio de Bonito de Santa F\u00e9.<\/p>\n\n\n\n<p>A representa\u00e7\u00e3o encaminhada ao Minist\u00e9rio P\u00fablico foi instru\u00edda com um \u00e1udio da reuni\u00e3o, filmagens, fotos e \u201cprints\u201d de conversa em grupos do whatsapp.<\/p>\n\n\n\n<p>Por fim, em conversa com as servidoras estas afirmaram a nossa equipe de reportagens que ingressar\u00e3o com a\u00e7\u00f5es aut\u00f4nomas de queixa-crime e indenizat\u00f3ria.<\/p>\n\n\n\n<p><a href=\"https:\/\/blogdoespiao.com.br\/wp-content\/uploads\/2023\/04\/WhatsApp-Video-2023-04-18-at-08.57.02.mp4?_=1\">https:\/\/blogdoespiao.com.br\/wp-content\/uploads\/2023\/04\/WhatsApp-Video-2023-04-18-at-08.57.02.mp4?_=1<\/a><\/p>\n\n\n\n<p><strong>Da Reda\u00e7\u00e3o do Blog do Espi\u00e3o<\/strong><\/p>\n\n\n\n<p><strong>Janem\u00e1rcio da Silva<\/strong><\/p>\n        <div class=\"booster-block booster-reactions-block\">\n            <div class=\"twp-reactions-icons\">\n                \n                <div class=\"twp-reacts-wrap\">\n                    <a react-data=\"be-react-1\" post-id=\"1956\" class=\"be-face-icons un-reacted\" href=\"javascript:void(0)\">\n                        <img decoding=\"async\" src=\"https:\/\/radar190.com.br\/wp-content\/plugins\/booster-extension\/\/assets\/icon\/happy.svg\" alt=\"Happy\">\n                    <\/a>\n                    <div class=\"twp-reaction-title\">\n                        Happy                    <\/div>\n                    <div class=\"twp-count-percent\">\n                                                    <span style=\"display: none;\" class=\"twp-react-count\">0<\/span>\n                        \n                                                <span class=\"twp-react-percent\"><span>0<\/span> %<\/span>\n                                            <\/div>\n                <\/div>\n\n                <div class=\"twp-reacts-wrap\">\n                    <a react-data=\"be-react-2\" post-id=\"1956\" class=\"be-face-icons un-reacted\" href=\"javascript:void(0)\">\n                        <img decoding=\"async\" src=\"https:\/\/radar190.com.br\/wp-content\/plugins\/booster-extension\/\/assets\/icon\/sad.svg\" alt=\"Sad\">\n                    <\/a>\n                    <div class=\"twp-reaction-title\">\n                        Sad                    <\/div>\n                    <div class=\"twp-count-percent\">\n                                                    <span style=\"display: none;\" class=\"twp-react-count\">0<\/span>\n                                                                        <span class=\"twp-react-percent\"><span>0<\/span> %<\/span>\n                                            <\/div>\n                <\/div>\n\n                <div class=\"twp-reacts-wrap\">\n                    <a react-data=\"be-react-3\" post-id=\"1956\" class=\"be-face-icons un-reacted\" href=\"javascript:void(0)\">\n                        <img decoding=\"async\" src=\"https:\/\/radar190.com.br\/wp-content\/plugins\/booster-extension\/\/assets\/icon\/excited.svg\" alt=\"Excited\">\n                    <\/a>\n                    <div class=\"twp-reaction-title\">\n                        Excited                    <\/div>\n                    <div class=\"twp-count-percent\">\n                                                    <span style=\"display: none;\" class=\"twp-react-count\">0<\/span>\n                                                                        <span class=\"twp-react-percent\"><span>0<\/span> %<\/span>\n                                            <\/div>\n                <\/div>\n\n                <div class=\"twp-reacts-wrap\">\n                    <a react-data=\"be-react-6\" post-id=\"1956\" class=\"be-face-icons un-reacted\" href=\"javascript:void(0)\">\n                        <img decoding=\"async\" src=\"https:\/\/radar190.com.br\/wp-content\/plugins\/booster-extension\/\/assets\/icon\/sleepy.svg\" alt=\"Sleepy\">\n                    <\/a>\n                    <div class=\"twp-reaction-title\">\n                        Sleepy                    <\/div>\n                    <div class=\"twp-count-percent\">\n                                                    <span style=\"display: none;\" class=\"twp-react-count\">0<\/span>\n                        \n                                                <span class=\"twp-react-percent\"><span>0<\/span> %<\/span>\n                                            <\/div>\n                <\/div>\n\n                <div class=\"twp-reacts-wrap\">\n                    <a react-data=\"be-react-4\" post-id=\"1956\" class=\"be-face-icons un-reacted\" href=\"javascript:void(0)\">\n                        <img decoding=\"async\" src=\"https:\/\/radar190.com.br\/wp-content\/plugins\/booster-extension\/\/assets\/icon\/angry.svg\" alt=\"Angry\">\n                    <\/a>\n                    <div class=\"twp-reaction-title\">Angry<\/div>\n                    <div class=\"twp-count-percent\">\n                                                    <span style=\"display: none;\" class=\"twp-react-count\">0<\/span>\n                                                                        <span class=\"twp-react-percent\"><span>0<\/span> %<\/span>\n                        \n                    <\/div>\n                <\/div>\n\n                <div class=\"twp-reacts-wrap\">\n                    <a react-data=\"be-react-5\" post-id=\"1956\" class=\"be-face-icons un-reacted\" href=\"javascript:void(0)\">\n                        <img decoding=\"async\" src=\"https:\/\/radar190.com.br\/wp-content\/plugins\/booster-extension\/\/assets\/icon\/surprise.svg\" alt=\"Surprise\">\n                    <\/a>\n                    <div class=\"twp-reaction-title\">Surprise<\/div>\n                    <div class=\"twp-count-percent\">\n                                                    <span style=\"display: none;\" class=\"twp-react-count\">0<\/span>\n                                                                        <span class=\"twp-react-percent\"><span>0<\/span> %<\/span>\n                                            <\/div>\n                <\/div>\n\n            <\/div>\n        <\/div>\n\n    ","protected":false},"excerpt":{"rendered":"<p>Francisca Auril\u00e3ndia Gomes dos Santos, Nutricionista, efetiva do Munic\u00edpio de Bonito de Santa F\u00e9, no alto sert\u00e3o paraibano, apresentou uma DEN\u00daNCIA, contra a Secret\u00e1ria Municipal de Educa\u00e7\u00e3o, F\u00e1tima Lucena, irm\u00e3 do prefeito daquela cidade, Ceninha Lucena,&nbsp; por atos de persegui\u00e7\u00e3o e descrimina\u00e7\u00e3o. Segundo a denunciante, al\u00e9m de ser xingada de [&hellip;]<\/p>\n","protected":false},"author":1,"featured_media":1961,"comment_status":"open","ping_status":"open","sticky":false,"template":"","format":"standard","meta":{"_mi_skip_tracking":false,"_ti_tpc_template_sync":false,"_ti_tpc_template_id":"","_joinchat":[],"footnotes":""},"categories":[5,14,13,1,9,18,12,8],"tags":[],"class_list":["post-1956","post","type-post","status-publish","format-standard","has-post-thumbnail","hentry","category-brasil","category-cidades","category-cultural","category-uncategorized","category-esporte","category-mundo-brasil","category-paraiba","category-policial"],"_links":{"self":[{"href":"https:\/\/radar190.com.br\/index.php\/wp-json\/wp\/v2\/posts\/1956","targetHints":{"allow":["GET"]}}],"collection":[{"href":"https:\/\/radar190.com.br\/index.php\/wp-json\/wp\/v2\/posts"}],"about":[{"href":"https:\/\/radar190.com.br\/index.php\/wp-json\/wp\/v2\/types\/post"}],"author":[{"embeddable":true,"href":"https:\/\/radar190.com.br\/index.php\/wp-json\/wp\/v2\/users\/1"}],"replies":[{"embeddable":true,"href":"https:\/\/radar190.com.br\/index.php\/wp-json\/wp\/v2\/comments?post=1956"}],"version-history":[{"count":2,"href":"https:\/\/radar190.com.br\/index.php\/wp-json\/wp\/v2\/posts\/1956\/revisions"}],"predecessor-version":[{"id":1960,"href":"https:\/\/radar190.com.br\/index.php\/wp-json\/wp\/v2\/posts\/1956\/revisions\/1960"}],"wp:featuredmedia":[{"embeddable":true,"href":"https:\/\/radar190.com.br\/index.php\/wp-json\/wp\/v2\/media\/1961"}],"wp:attachment":[{"href":"https:\/\/radar190.com.br\/index.php\/wp-json\/wp\/v2\/media?parent=1956"}],"wp:term":[{"taxonomy":"category","embeddable":true,"href":"https:\/\/radar190.com.br\/index.php\/wp-json\/wp\/v2\/categories?post=1956"},{"taxonomy":"post_tag","embeddable":true,"href":"https:\/\/radar190.com.br\/index.php\/wp-json\/wp\/v2\/tags?post=1956"}],"curies":[{"name":"wp","href":"https:\/\/api.w.org\/{rel}","templated":true}]}}