{"id":1806,"date":"2023-03-13T10:58:32","date_gmt":"2023-03-13T13:58:32","guid":{"rendered":"https:\/\/radar190.com.br\/?p=1806"},"modified":"2023-03-13T11:04:48","modified_gmt":"2023-03-13T14:04:48","slug":"padre-gilberto-emite-nota-e-comenta-sobre-ingratidao-do-vereador-torrado-em-monte-horebe","status":"publish","type":"post","link":"https:\/\/radar190.com.br\/index.php\/2023\/03\/13\/padre-gilberto-emite-nota-e-comenta-sobre-ingratidao-do-vereador-torrado-em-monte-horebe\/","title":{"rendered":"Padre Gilberto emite nota e comenta sobre \u201cingratid\u00e3o\u201d do vereador Torrado, em Monte Horebe"},"content":{"rendered":"<div class='booster-block booster-read-block'>\n                <div class=\"twp-read-time\">\n                \t<i class=\"booster-icon twp-clock\"><\/i> <span>Read Time:<\/span>1 Minute, 42 Second                <\/div>\n\n            <\/div>\n<h4 class=\"wp-block-heading\">O Padre Gilberto emitiu nota e comentou sobre o rompimento pol\u00edtico do vereador Torrado, em Monte Horebe.<\/h4>\n\n\n\n<h4 class=\"wp-block-heading\">Veja a nota abaixo:<\/h4>\n\n\n\n<p>Padre Gilberto, um dos principais l\u00edderes da oposi\u00e7\u00e3o, repudia a infeliz decis\u00e3o do vereador Torrado. Ele disse que essa atitude do vereador n\u00e3o muda nem enfraquece o projeto de mudan\u00e7a e liberta\u00e7\u00e3o pra Monte Horebe. \u201cQueremos uma Monte Horebe para todos e tamb\u00e9m para os mais humildes, n\u00e3o apenas para uma panelinha. Quanto ao vereador Torrado, ele foi derrotado pelo grupo a quem ele est\u00e1 se aliando agora. A gente, por solidariedade, o abra\u00e7ou em 2022, desempenhamos esfor\u00e7os para eleg\u00ea-lo e o grupo do prefeito para quem ele est\u00e1 aderindo fez novamente de tudo para derrot\u00e1-lo, mesmo assim, a for\u00e7a da oposi\u00e7\u00e3o o tornou vitorioso\u201d.<\/p>\n\n\n\n<p>Torrado dificilmente teria sido eleito por sua pr\u00f3pria for\u00e7a sem o apoio do padre, da vice-prefeita Francisquinha, do ex-vereador Edigley Cardoso, o ex-vereador Chico Pequeno, Ronaldo Cigano e demais membros do grupo. Todos esses manifestam profunda tristeza e rep\u00fadio pela decis\u00e3o infeliz do vereador que por vantagens individualistas trai o grupo e seus eleitores que lhe elegeram no dia 11 de dezembro de 2022 para represent\u00e1-los.<\/p>\n\n\n\n<p>O vereador preferiu esquecer todos esses seus companheiros e amigos que suaram para dar a ele um mandato, como Cleuda, com quase a mesma vota\u00e7\u00e3o dele, al\u00e9m de Lianinho, Olavo e Pacote.<\/p>\n\n\n\n<p>\u201cEu deixo bem claro o recado para aqueles que pensam que mandam ou s\u00e3o donos de Monte Horebe: O povo \u00e9 livre. Monte Horebe ter\u00e1 chapa de oposi\u00e7\u00e3o em 2024 para prefeito e vice, com o melhor nome que s\u00e3o v\u00e1rios, e 10 candidatos a vereadores e vereadoras. Daremos ao povo o direito de escolher e mostrar que Monte Horebe n\u00e3o \u00e9 empresa ou propriedade particular ou privada de quem pensa ser dono da cidade e da liberdade do povo\u201d.<\/p>\n\n\n\n<p>Padre Gilberto j\u00e1 est\u00e1 instalado na sua resid\u00eancia fixa em Monte Horebe que, por sinal, no dia de ontem a casa do padre foi muito visitada por pol\u00edticos e populares.<\/p>\n\n\n\n<figure class=\"wp-block-image size-full is-resized\"><img decoding=\"async\" src=\"https:\/\/radar190.com.br\/wp-content\/uploads\/2023\/03\/image-1.png\" alt=\"\" class=\"wp-image-1807\" width=\"500\" srcset=\"https:\/\/radar190.com.br\/wp-content\/uploads\/2023\/03\/image-1.png 780w, https:\/\/radar190.com.br\/wp-content\/uploads\/2023\/03\/image-1-300x169.png 300w, https:\/\/radar190.com.br\/wp-content\/uploads\/2023\/03\/image-1-768x433.png 768w\" sizes=\"(max-width: 780px) 100vw, 780px\" \/><\/figure>\n        <div class=\"booster-block booster-reactions-block\">\n            <div class=\"twp-reactions-icons\">\n                \n                <div class=\"twp-reacts-wrap\">\n                    <a react-data=\"be-react-1\" post-id=\"1806\" class=\"be-face-icons un-reacted\" href=\"javascript:void(0)\">\n                        <img decoding=\"async\" src=\"https:\/\/radar190.com.br\/wp-content\/plugins\/booster-extension\/\/assets\/icon\/happy.svg\" alt=\"Happy\">\n                    <\/a>\n                    <div class=\"twp-reaction-title\">\n                        Happy                    <\/div>\n                    <div class=\"twp-count-percent\">\n                                                    <span style=\"display: none;\" class=\"twp-react-count\">0<\/span>\n                        \n                                                <span class=\"twp-react-percent\"><span>0<\/span> %<\/span>\n                                            <\/div>\n                <\/div>\n\n                <div class=\"twp-reacts-wrap\">\n                    <a react-data=\"be-react-2\" post-id=\"1806\" class=\"be-face-icons un-reacted\" href=\"javascript:void(0)\">\n                        <img decoding=\"async\" src=\"https:\/\/radar190.com.br\/wp-content\/plugins\/booster-extension\/\/assets\/icon\/sad.svg\" alt=\"Sad\">\n                    <\/a>\n                    <div class=\"twp-reaction-title\">\n                        Sad                    <\/div>\n                    <div class=\"twp-count-percent\">\n                                                    <span style=\"display: none;\" class=\"twp-react-count\">0<\/span>\n                                                                        <span class=\"twp-react-percent\"><span>0<\/span> %<\/span>\n                                            <\/div>\n                <\/div>\n\n                <div class=\"twp-reacts-wrap\">\n                    <a react-data=\"be-react-3\" post-id=\"1806\" class=\"be-face-icons un-reacted\" href=\"javascript:void(0)\">\n                        <img decoding=\"async\" src=\"https:\/\/radar190.com.br\/wp-content\/plugins\/booster-extension\/\/assets\/icon\/excited.svg\" alt=\"Excited\">\n                    <\/a>\n                    <div class=\"twp-reaction-title\">\n                        Excited                    <\/div>\n                    <div class=\"twp-count-percent\">\n                                                    <span style=\"display: none;\" class=\"twp-react-count\">0<\/span>\n                                                                        <span class=\"twp-react-percent\"><span>0<\/span> %<\/span>\n                                            <\/div>\n                <\/div>\n\n                <div class=\"twp-reacts-wrap\">\n                    <a react-data=\"be-react-6\" post-id=\"1806\" class=\"be-face-icons un-reacted\" href=\"javascript:void(0)\">\n                        <img decoding=\"async\" src=\"https:\/\/radar190.com.br\/wp-content\/plugins\/booster-extension\/\/assets\/icon\/sleepy.svg\" alt=\"Sleepy\">\n                    <\/a>\n                    <div class=\"twp-reaction-title\">\n                        Sleepy                    <\/div>\n                    <div class=\"twp-count-percent\">\n                                                    <span style=\"display: none;\" class=\"twp-react-count\">0<\/span>\n                        \n                                                <span class=\"twp-react-percent\"><span>0<\/span> %<\/span>\n                                            <\/div>\n                <\/div>\n\n                <div class=\"twp-reacts-wrap\">\n                    <a react-data=\"be-react-4\" post-id=\"1806\" class=\"be-face-icons un-reacted\" href=\"javascript:void(0)\">\n                        <img decoding=\"async\" src=\"https:\/\/radar190.com.br\/wp-content\/plugins\/booster-extension\/\/assets\/icon\/angry.svg\" alt=\"Angry\">\n                    <\/a>\n                    <div class=\"twp-reaction-title\">Angry<\/div>\n                    <div class=\"twp-count-percent\">\n                                                    <span style=\"display: none;\" class=\"twp-react-count\">0<\/span>\n                                                                        <span class=\"twp-react-percent\"><span>0<\/span> %<\/span>\n                        \n                    <\/div>\n                <\/div>\n\n                <div class=\"twp-reacts-wrap\">\n                    <a react-data=\"be-react-5\" post-id=\"1806\" class=\"be-face-icons un-reacted\" href=\"javascript:void(0)\">\n                        <img decoding=\"async\" src=\"https:\/\/radar190.com.br\/wp-content\/plugins\/booster-extension\/\/assets\/icon\/surprise.svg\" alt=\"Surprise\">\n                    <\/a>\n                    <div class=\"twp-reaction-title\">Surprise<\/div>\n                    <div class=\"twp-count-percent\">\n                                                    <span style=\"display: none;\" class=\"twp-react-count\">0<\/span>\n                                                                        <span class=\"twp-react-percent\"><span>0<\/span> %<\/span>\n                                            <\/div>\n                <\/div>\n\n            <\/div>\n        <\/div>\n\n    ","protected":false},"excerpt":{"rendered":"<p>O Padre Gilberto emitiu nota e comentou sobre o rompimento pol\u00edtico do vereador Torrado, em Monte Horebe. Veja a nota abaixo: Padre Gilberto, um dos principais l\u00edderes da oposi\u00e7\u00e3o, repudia a infeliz decis\u00e3o do vereador Torrado. Ele disse que essa atitude do vereador n\u00e3o muda nem enfraquece o projeto de [&hellip;]<\/p>\n","protected":false},"author":1,"featured_media":1809,"comment_status":"open","ping_status":"open","sticky":false,"template":"","format":"standard","meta":{"_mi_skip_tracking":false,"_ti_tpc_template_sync":false,"_ti_tpc_template_id":"","_joinchat":[],"footnotes":""},"categories":[5,14,13,1,9,18,12,8],"tags":[],"class_list":["post-1806","post","type-post","status-publish","format-standard","has-post-thumbnail","hentry","category-brasil","category-cidades","category-cultural","category-uncategorized","category-esporte","category-mundo-brasil","category-paraiba","category-policial"],"_links":{"self":[{"href":"https:\/\/radar190.com.br\/index.php\/wp-json\/wp\/v2\/posts\/1806","targetHints":{"allow":["GET"]}}],"collection":[{"href":"https:\/\/radar190.com.br\/index.php\/wp-json\/wp\/v2\/posts"}],"about":[{"href":"https:\/\/radar190.com.br\/index.php\/wp-json\/wp\/v2\/types\/post"}],"author":[{"embeddable":true,"href":"https:\/\/radar190.com.br\/index.php\/wp-json\/wp\/v2\/users\/1"}],"replies":[{"embeddable":true,"href":"https:\/\/radar190.com.br\/index.php\/wp-json\/wp\/v2\/comments?post=1806"}],"version-history":[{"count":1,"href":"https:\/\/radar190.com.br\/index.php\/wp-json\/wp\/v2\/posts\/1806\/revisions"}],"predecessor-version":[{"id":1808,"href":"https:\/\/radar190.com.br\/index.php\/wp-json\/wp\/v2\/posts\/1806\/revisions\/1808"}],"wp:featuredmedia":[{"embeddable":true,"href":"https:\/\/radar190.com.br\/index.php\/wp-json\/wp\/v2\/media\/1809"}],"wp:attachment":[{"href":"https:\/\/radar190.com.br\/index.php\/wp-json\/wp\/v2\/media?parent=1806"}],"wp:term":[{"taxonomy":"category","embeddable":true,"href":"https:\/\/radar190.com.br\/index.php\/wp-json\/wp\/v2\/categories?post=1806"},{"taxonomy":"post_tag","embeddable":true,"href":"https:\/\/radar190.com.br\/index.php\/wp-json\/wp\/v2\/tags?post=1806"}],"curies":[{"name":"wp","href":"https:\/\/api.w.org\/{rel}","templated":true}]}}