{"id":1778,"date":"2023-03-05T11:18:14","date_gmt":"2023-03-05T14:18:14","guid":{"rendered":"https:\/\/radar190.com.br\/?p=1778"},"modified":"2023-03-05T11:19:47","modified_gmt":"2023-03-05T14:19:47","slug":"prefeito-marcos-eron-sempre-buscando-melhorias-para-o-municipio-de-monte-horebe","status":"publish","type":"post","link":"https:\/\/radar190.com.br\/index.php\/2023\/03\/05\/prefeito-marcos-eron-sempre-buscando-melhorias-para-o-municipio-de-monte-horebe\/","title":{"rendered":"Prefeito Marcos Eron Sempre Buscando Melhorias para o Munic\u00edpio de Monte Horebe"},"content":{"rendered":"<div class='booster-block booster-read-block'>\n                <div class=\"twp-read-time\">\n                \t<i class=\"booster-icon twp-clock\"><\/i> <span>Read Time:<\/span>55 Second                <\/div>\n\n            <\/div>\n<p>Reuni\u00e3o bastante produtiva com Deputado Federal Hugo Mota<\/p>\n\n\n\n<p><br>Na tarde deste s\u00e1bado, 04\/03\/2023, o Prefeito Marcos Eron, acompanhado dos Vereadores: Joaquim de Ded\u00e9, Julhao, Jefferson de Zenilton, Mayara Nogueira, Rudney e o Presidente da C\u00e2mara Cabo Sula, da equipe gestora: Secretaria de Sa\u00fade Milena, Guibson, Samy, Aur\u00e9lio, Raim e dos amigos Dr Jo\u00e3o Vian\u00eas, Erismar e J\u00fanior de Duder, estiveram reunidos ma cidade de Patos com Deputado Federal Hugo Mota. Na oportunidade, o Deputado Hugo Mota assegurou para esse ano, mais R$ 1.000.000,00(Hum Milh\u00e3o), em Pavimenta\u00e7\u00e3o a Paralelep\u00edpedo e, j\u00e1 empenhados 650.000,00 para Sa\u00fade e 244.396,00 de emenda especial e j\u00e1 empenhado e assinado contrato de R$ 2.840.000,00(Dois Milh\u00f5es e Oitocentos e Quarenta Mil Reais), para Pavimenta\u00e7\u00e3o Asf\u00e1ltica.<\/p>\n\n\n\n<p><br>O Prefeito Marcos Eron agradeceu em nomes de todos os Vereadores, equipe gestora e \u00e0 popula\u00e7\u00e3o de Monte Horebe, por essas importantes a\u00e7\u00f5es que juntas somam aproximadamente 5 Milh\u00f5es de Reais, e que ser\u00e3o implantadas no munic\u00edpio, gra\u00e7as a parceria institucional, s\u00f3lida e frut\u00edfera, que proporcionar\u00e1 o desenvolvimento de nossa terra.<\/p>\n\n\n\n<figure class=\"wp-block-image size-full\"><img loading=\"lazy\" decoding=\"async\" width=\"712\" height=\"598\" src=\"https:\/\/radar190.com.br\/wp-content\/uploads\/2023\/03\/1.jpg\" alt=\"\" class=\"wp-image-1779\" srcset=\"https:\/\/radar190.com.br\/wp-content\/uploads\/2023\/03\/1.jpg 712w, https:\/\/radar190.com.br\/wp-content\/uploads\/2023\/03\/1-300x252.jpg 300w\" sizes=\"auto, (max-width: 712px) 100vw, 712px\" \/><\/figure>\n        <div class=\"booster-block booster-reactions-block\">\n            <div class=\"twp-reactions-icons\">\n                \n                <div class=\"twp-reacts-wrap\">\n                    <a react-data=\"be-react-1\" post-id=\"1778\" class=\"be-face-icons un-reacted\" href=\"javascript:void(0)\">\n                        <img decoding=\"async\" src=\"https:\/\/radar190.com.br\/wp-content\/plugins\/booster-extension\/\/assets\/icon\/happy.svg\" alt=\"Happy\">\n                    <\/a>\n                    <div class=\"twp-reaction-title\">\n                        Happy                    <\/div>\n                    <div class=\"twp-count-percent\">\n                                                    <span style=\"display: none;\" class=\"twp-react-count\">0<\/span>\n                        \n                                                <span class=\"twp-react-percent\"><span>0<\/span> %<\/span>\n                                            <\/div>\n                <\/div>\n\n                <div class=\"twp-reacts-wrap\">\n                    <a react-data=\"be-react-2\" post-id=\"1778\" class=\"be-face-icons un-reacted\" href=\"javascript:void(0)\">\n                        <img decoding=\"async\" src=\"https:\/\/radar190.com.br\/wp-content\/plugins\/booster-extension\/\/assets\/icon\/sad.svg\" alt=\"Sad\">\n                    <\/a>\n                    <div class=\"twp-reaction-title\">\n                        Sad                    <\/div>\n                    <div class=\"twp-count-percent\">\n                                                    <span style=\"display: none;\" class=\"twp-react-count\">0<\/span>\n                                                                        <span class=\"twp-react-percent\"><span>0<\/span> %<\/span>\n                                            <\/div>\n                <\/div>\n\n                <div class=\"twp-reacts-wrap\">\n                    <a react-data=\"be-react-3\" post-id=\"1778\" class=\"be-face-icons un-reacted\" href=\"javascript:void(0)\">\n                        <img decoding=\"async\" src=\"https:\/\/radar190.com.br\/wp-content\/plugins\/booster-extension\/\/assets\/icon\/excited.svg\" alt=\"Excited\">\n                    <\/a>\n                    <div class=\"twp-reaction-title\">\n                        Excited                    <\/div>\n                    <div class=\"twp-count-percent\">\n                                                    <span style=\"display: none;\" class=\"twp-react-count\">0<\/span>\n                                                                        <span class=\"twp-react-percent\"><span>0<\/span> %<\/span>\n                                            <\/div>\n                <\/div>\n\n                <div class=\"twp-reacts-wrap\">\n                    <a react-data=\"be-react-6\" post-id=\"1778\" class=\"be-face-icons un-reacted\" href=\"javascript:void(0)\">\n                        <img decoding=\"async\" src=\"https:\/\/radar190.com.br\/wp-content\/plugins\/booster-extension\/\/assets\/icon\/sleepy.svg\" alt=\"Sleepy\">\n                    <\/a>\n                    <div class=\"twp-reaction-title\">\n                        Sleepy                    <\/div>\n                    <div class=\"twp-count-percent\">\n                                                    <span style=\"display: none;\" class=\"twp-react-count\">0<\/span>\n                        \n                                                <span class=\"twp-react-percent\"><span>0<\/span> %<\/span>\n                                            <\/div>\n                <\/div>\n\n                <div class=\"twp-reacts-wrap\">\n                    <a react-data=\"be-react-4\" post-id=\"1778\" class=\"be-face-icons un-reacted\" href=\"javascript:void(0)\">\n                        <img decoding=\"async\" src=\"https:\/\/radar190.com.br\/wp-content\/plugins\/booster-extension\/\/assets\/icon\/angry.svg\" alt=\"Angry\">\n                    <\/a>\n                    <div class=\"twp-reaction-title\">Angry<\/div>\n                    <div class=\"twp-count-percent\">\n                                                    <span style=\"display: none;\" class=\"twp-react-count\">0<\/span>\n                                                                        <span class=\"twp-react-percent\"><span>0<\/span> %<\/span>\n                        \n                    <\/div>\n                <\/div>\n\n                <div class=\"twp-reacts-wrap\">\n                    <a react-data=\"be-react-5\" post-id=\"1778\" class=\"be-face-icons un-reacted\" href=\"javascript:void(0)\">\n                        <img decoding=\"async\" src=\"https:\/\/radar190.com.br\/wp-content\/plugins\/booster-extension\/\/assets\/icon\/surprise.svg\" alt=\"Surprise\">\n                    <\/a>\n                    <div class=\"twp-reaction-title\">Surprise<\/div>\n                    <div class=\"twp-count-percent\">\n                                                    <span style=\"display: none;\" class=\"twp-react-count\">0<\/span>\n                                                                        <span class=\"twp-react-percent\"><span>0<\/span> %<\/span>\n                                            <\/div>\n                <\/div>\n\n            <\/div>\n        <\/div>\n\n    ","protected":false},"excerpt":{"rendered":"<p>Reuni\u00e3o bastante produtiva com Deputado Federal Hugo Mota Na tarde deste s\u00e1bado, 04\/03\/2023, o Prefeito Marcos Eron, acompanhado dos Vereadores: Joaquim de Ded\u00e9, Julhao, Jefferson de Zenilton, Mayara Nogueira, Rudney e o Presidente da C\u00e2mara Cabo Sula, da equipe gestora: Secretaria de Sa\u00fade Milena, Guibson, Samy, Aur\u00e9lio, Raim e dos [&hellip;]<\/p>\n","protected":false},"author":1,"featured_media":1781,"comment_status":"open","ping_status":"open","sticky":false,"template":"","format":"standard","meta":{"_mi_skip_tracking":false,"_ti_tpc_template_sync":false,"_ti_tpc_template_id":"","_joinchat":[],"footnotes":""},"categories":[5,14,13,1,9,18,12,8],"tags":[],"class_list":["post-1778","post","type-post","status-publish","format-standard","has-post-thumbnail","hentry","category-brasil","category-cidades","category-cultural","category-uncategorized","category-esporte","category-mundo-brasil","category-paraiba","category-policial"],"_links":{"self":[{"href":"https:\/\/radar190.com.br\/index.php\/wp-json\/wp\/v2\/posts\/1778","targetHints":{"allow":["GET"]}}],"collection":[{"href":"https:\/\/radar190.com.br\/index.php\/wp-json\/wp\/v2\/posts"}],"about":[{"href":"https:\/\/radar190.com.br\/index.php\/wp-json\/wp\/v2\/types\/post"}],"author":[{"embeddable":true,"href":"https:\/\/radar190.com.br\/index.php\/wp-json\/wp\/v2\/users\/1"}],"replies":[{"embeddable":true,"href":"https:\/\/radar190.com.br\/index.php\/wp-json\/wp\/v2\/comments?post=1778"}],"version-history":[{"count":1,"href":"https:\/\/radar190.com.br\/index.php\/wp-json\/wp\/v2\/posts\/1778\/revisions"}],"predecessor-version":[{"id":1780,"href":"https:\/\/radar190.com.br\/index.php\/wp-json\/wp\/v2\/posts\/1778\/revisions\/1780"}],"wp:featuredmedia":[{"embeddable":true,"href":"https:\/\/radar190.com.br\/index.php\/wp-json\/wp\/v2\/media\/1781"}],"wp:attachment":[{"href":"https:\/\/radar190.com.br\/index.php\/wp-json\/wp\/v2\/media?parent=1778"}],"wp:term":[{"taxonomy":"category","embeddable":true,"href":"https:\/\/radar190.com.br\/index.php\/wp-json\/wp\/v2\/categories?post=1778"},{"taxonomy":"post_tag","embeddable":true,"href":"https:\/\/radar190.com.br\/index.php\/wp-json\/wp\/v2\/tags?post=1778"}],"curies":[{"name":"wp","href":"https:\/\/api.w.org\/{rel}","templated":true}]}}