{"id":1764,"date":"2023-02-27T08:22:44","date_gmt":"2023-02-27T11:22:44","guid":{"rendered":"https:\/\/radar190.com.br\/?p=1764"},"modified":"2023-02-27T08:23:07","modified_gmt":"2023-02-27T11:23:07","slug":"funcionario-do-correios-de-conceicao-e-esposa-ficam-feridos-durante-colisao-entre-duas-motos-em-pianco","status":"publish","type":"post","link":"https:\/\/radar190.com.br\/index.php\/2023\/02\/27\/funcionario-do-correios-de-conceicao-e-esposa-ficam-feridos-durante-colisao-entre-duas-motos-em-pianco\/","title":{"rendered":"Funcion\u00e1rio do Correios de Concei\u00e7\u00e3o e esposa ficam feridos durante colis\u00e3o entre duas motos, em Pianc\u00f3"},"content":{"rendered":"<div class='booster-block booster-read-block'>\n                <div class=\"twp-read-time\">\n                \t<i class=\"booster-icon twp-clock\"><\/i> <span>Read Time:<\/span>53 Second                <\/div>\n\n            <\/div>\n<figure class=\"wp-block-image size-full\"><img loading=\"lazy\" decoding=\"async\" width=\"638\" height=\"444\" src=\"https:\/\/radar190.com.br\/wp-content\/uploads\/2023\/02\/casal.jpg\" alt=\"\" class=\"wp-image-1765\" srcset=\"https:\/\/radar190.com.br\/wp-content\/uploads\/2023\/02\/casal.jpg 638w, https:\/\/radar190.com.br\/wp-content\/uploads\/2023\/02\/casal-300x209.jpg 300w\" sizes=\"auto, (max-width: 638px) 100vw, 638px\" \/><\/figure>\n\n\n\n<p>O funcion\u00e1rio da empresa Correios e Tel\u00e9grafos de Concei\u00e7\u00e3o, Ivanildo Ribeiro, mais conhecido como \u201cCarteiro\u201d, e a esposa dele, ficaram feridos durante uma colis\u00e3o entre duas motos, no final da manh\u00e3 deste s\u00e1bado (25), na BR-361, entre as cidades de Olho d\u2019\u00c1gua e Pianc\u00f3.<\/p>\n\n\n\n<p>De acordo com informa\u00e7\u00f5es do pr\u00f3prio Carteiro, ele e a esposa retornavam para a cidade de Concei\u00e7\u00e3o, quando em um trecho da rodovia BR-361, um homem, que levava a esposa e uma crian\u00e7a em outra moto, saiu de uma estrada carro\u00e7\u00e1vel e cruzou a pista. Segundo o Carteiro, ele n\u00e3o conseguiu desviar do ve\u00edculo e acabou batendo.<\/p>\n\n\n\n<p>Na queda, Ivanildo sofreu v\u00e1rias escoria\u00e7\u00f5es e a sua esposa sofreu uma fratura no ombro. J\u00e1 o piloto da outra moto sofreu uma fratura no dedo, enquanto a crian\u00e7a e a esposa do piloto da outra moto nada sofreram.<\/p>\n\n\n\n<p>O casal foi socorrido para o Hospital Regional de Pianc\u00f3. A esposa de Ivanildo precisou passar por uma tomografia, mas segundo ele, somente por medidas de seguran\u00e7a.<\/p>\n\n\n\n<p>Por Gilberto Angelo \u2013 Vale do Pianc\u00f3 Not\u00edcias<\/p>\n        <div class=\"booster-block booster-reactions-block\">\n            <div class=\"twp-reactions-icons\">\n                \n                <div class=\"twp-reacts-wrap\">\n                    <a react-data=\"be-react-1\" post-id=\"1764\" class=\"be-face-icons un-reacted\" href=\"javascript:void(0)\">\n                        <img decoding=\"async\" src=\"https:\/\/radar190.com.br\/wp-content\/plugins\/booster-extension\/\/assets\/icon\/happy.svg\" alt=\"Happy\">\n                    <\/a>\n                    <div class=\"twp-reaction-title\">\n                        Happy                    <\/div>\n                    <div class=\"twp-count-percent\">\n                                                    <span style=\"display: none;\" class=\"twp-react-count\">0<\/span>\n                        \n                                                <span class=\"twp-react-percent\"><span>0<\/span> %<\/span>\n                                            <\/div>\n                <\/div>\n\n                <div class=\"twp-reacts-wrap\">\n                    <a react-data=\"be-react-2\" post-id=\"1764\" class=\"be-face-icons un-reacted\" href=\"javascript:void(0)\">\n                        <img decoding=\"async\" src=\"https:\/\/radar190.com.br\/wp-content\/plugins\/booster-extension\/\/assets\/icon\/sad.svg\" alt=\"Sad\">\n                    <\/a>\n                    <div class=\"twp-reaction-title\">\n                        Sad                    <\/div>\n                    <div class=\"twp-count-percent\">\n                                                    <span style=\"display: none;\" class=\"twp-react-count\">0<\/span>\n                                                                        <span class=\"twp-react-percent\"><span>0<\/span> %<\/span>\n                                            <\/div>\n                <\/div>\n\n                <div class=\"twp-reacts-wrap\">\n                    <a react-data=\"be-react-3\" post-id=\"1764\" class=\"be-face-icons un-reacted\" href=\"javascript:void(0)\">\n                        <img decoding=\"async\" src=\"https:\/\/radar190.com.br\/wp-content\/plugins\/booster-extension\/\/assets\/icon\/excited.svg\" alt=\"Excited\">\n                    <\/a>\n                    <div class=\"twp-reaction-title\">\n                        Excited                    <\/div>\n                    <div class=\"twp-count-percent\">\n                                                    <span style=\"display: none;\" class=\"twp-react-count\">0<\/span>\n                                                                        <span class=\"twp-react-percent\"><span>0<\/span> %<\/span>\n                                            <\/div>\n                <\/div>\n\n                <div class=\"twp-reacts-wrap\">\n                    <a react-data=\"be-react-6\" post-id=\"1764\" class=\"be-face-icons un-reacted\" href=\"javascript:void(0)\">\n                        <img decoding=\"async\" src=\"https:\/\/radar190.com.br\/wp-content\/plugins\/booster-extension\/\/assets\/icon\/sleepy.svg\" alt=\"Sleepy\">\n                    <\/a>\n                    <div class=\"twp-reaction-title\">\n                        Sleepy                    <\/div>\n                    <div class=\"twp-count-percent\">\n                                                    <span style=\"display: none;\" class=\"twp-react-count\">0<\/span>\n                        \n                                                <span class=\"twp-react-percent\"><span>0<\/span> %<\/span>\n                                            <\/div>\n                <\/div>\n\n                <div class=\"twp-reacts-wrap\">\n                    <a react-data=\"be-react-4\" post-id=\"1764\" class=\"be-face-icons un-reacted\" href=\"javascript:void(0)\">\n                        <img decoding=\"async\" src=\"https:\/\/radar190.com.br\/wp-content\/plugins\/booster-extension\/\/assets\/icon\/angry.svg\" alt=\"Angry\">\n                    <\/a>\n                    <div class=\"twp-reaction-title\">Angry<\/div>\n                    <div class=\"twp-count-percent\">\n                                                    <span style=\"display: none;\" class=\"twp-react-count\">0<\/span>\n                                                                        <span class=\"twp-react-percent\"><span>0<\/span> %<\/span>\n                        \n                    <\/div>\n                <\/div>\n\n                <div class=\"twp-reacts-wrap\">\n                    <a react-data=\"be-react-5\" post-id=\"1764\" class=\"be-face-icons un-reacted\" href=\"javascript:void(0)\">\n                        <img decoding=\"async\" src=\"https:\/\/radar190.com.br\/wp-content\/plugins\/booster-extension\/\/assets\/icon\/surprise.svg\" alt=\"Surprise\">\n                    <\/a>\n                    <div class=\"twp-reaction-title\">Surprise<\/div>\n                    <div class=\"twp-count-percent\">\n                                                    <span style=\"display: none;\" class=\"twp-react-count\">0<\/span>\n                                                                        <span class=\"twp-react-percent\"><span>0<\/span> %<\/span>\n                                            <\/div>\n                <\/div>\n\n            <\/div>\n        <\/div>\n\n    ","protected":false},"excerpt":{"rendered":"<p>O funcion\u00e1rio da empresa Correios e Tel\u00e9grafos de Concei\u00e7\u00e3o, Ivanildo Ribeiro, mais conhecido como \u201cCarteiro\u201d, e a esposa dele, ficaram feridos durante uma colis\u00e3o entre duas motos, no final da manh\u00e3 deste s\u00e1bado (25), na BR-361, entre as cidades de Olho d\u2019\u00c1gua e Pianc\u00f3. De acordo com informa\u00e7\u00f5es do pr\u00f3prio [&hellip;]<\/p>\n","protected":false},"author":1,"featured_media":1767,"comment_status":"open","ping_status":"open","sticky":false,"template":"","format":"standard","meta":{"_mi_skip_tracking":false,"_ti_tpc_template_sync":false,"_ti_tpc_template_id":"","_joinchat":[],"footnotes":""},"categories":[5,14,13,1,9,18,12,8],"tags":[],"class_list":["post-1764","post","type-post","status-publish","format-standard","has-post-thumbnail","hentry","category-brasil","category-cidades","category-cultural","category-uncategorized","category-esporte","category-mundo-brasil","category-paraiba","category-policial"],"_links":{"self":[{"href":"https:\/\/radar190.com.br\/index.php\/wp-json\/wp\/v2\/posts\/1764","targetHints":{"allow":["GET"]}}],"collection":[{"href":"https:\/\/radar190.com.br\/index.php\/wp-json\/wp\/v2\/posts"}],"about":[{"href":"https:\/\/radar190.com.br\/index.php\/wp-json\/wp\/v2\/types\/post"}],"author":[{"embeddable":true,"href":"https:\/\/radar190.com.br\/index.php\/wp-json\/wp\/v2\/users\/1"}],"replies":[{"embeddable":true,"href":"https:\/\/radar190.com.br\/index.php\/wp-json\/wp\/v2\/comments?post=1764"}],"version-history":[{"count":1,"href":"https:\/\/radar190.com.br\/index.php\/wp-json\/wp\/v2\/posts\/1764\/revisions"}],"predecessor-version":[{"id":1766,"href":"https:\/\/radar190.com.br\/index.php\/wp-json\/wp\/v2\/posts\/1764\/revisions\/1766"}],"wp:featuredmedia":[{"embeddable":true,"href":"https:\/\/radar190.com.br\/index.php\/wp-json\/wp\/v2\/media\/1767"}],"wp:attachment":[{"href":"https:\/\/radar190.com.br\/index.php\/wp-json\/wp\/v2\/media?parent=1764"}],"wp:term":[{"taxonomy":"category","embeddable":true,"href":"https:\/\/radar190.com.br\/index.php\/wp-json\/wp\/v2\/categories?post=1764"},{"taxonomy":"post_tag","embeddable":true,"href":"https:\/\/radar190.com.br\/index.php\/wp-json\/wp\/v2\/tags?post=1764"}],"curies":[{"name":"wp","href":"https:\/\/api.w.org\/{rel}","templated":true}]}}