{"id":1672,"date":"2023-02-06T08:44:35","date_gmt":"2023-02-06T11:44:35","guid":{"rendered":"https:\/\/radar190.com.br\/?p=1672"},"modified":"2023-02-06T08:46:33","modified_gmt":"2023-02-06T11:46:33","slug":"juri-popular-de-acusado-de-matar-menina-de-11-anos-acontece-nesta-segunda-feira-na-pb","status":"publish","type":"post","link":"https:\/\/radar190.com.br\/index.php\/2023\/02\/06\/juri-popular-de-acusado-de-matar-menina-de-11-anos-acontece-nesta-segunda-feira-na-pb\/","title":{"rendered":"J\u00fari popular de acusado de matar menina de 11 anos acontece nesta segunda-feira, na PB"},"content":{"rendered":"<div class='booster-block booster-read-block'>\n                <div class=\"twp-read-time\">\n                \t<i class=\"booster-icon twp-clock\"><\/i> <span>Read Time:<\/span>2 Minute, 6 Second                <\/div>\n\n            <\/div>\n<p>Corpo de Anielle foi encontrado no dia 8 de setembro de 2021, tr\u00eas dias ap\u00f3s o desaparecimento.<\/p>\n\n\n\n<h2 class=\"wp-block-heading\">J\u00fari popular<\/h2>\n\n\n\n<hr class=\"wp-block-separator has-alpha-channel-opacity\"\/>\n\n\n\n<p>O j\u00fari popular de Jos\u00e9 Alex da Silva, acusado de matar Anielle Teixeira, em Jo\u00e3o Pessoa, vai acontecer nesta segunda-feira (6). O corpo da menina de 11 anos foi encontrado no dia 8 de setembro de 2021, tr\u00eas dias ap\u00f3s o desaparecimento dela na orla de Cabo Branco, na capital.<\/p>\n\n\n\n<p>O julgamento vai acontecer no F\u00f3rum Criminal de Jo\u00e3o Pessoa, a partir das 9h.<\/p>\n\n\n\n<p>Ao ser preso, Jos\u00e9 Alex confessou ter matado a garota, mas negou que a estuprou. Depois, a defesa dele informou que o acusado alegou ter sido agredido para confessar o crime.<\/p>\n\n\n\n<p>Ap\u00f3s a conclus\u00e3o do inqu\u00e9rito policial do caso, o acusado foi indiciado pelo crime de homic\u00eddio qualificado. Cerca de 10 dias depois, ap\u00f3s o recebimento de um laudo feito pela per\u00edcia criminal, Jos\u00e9 Alex oi indiciado novamente por estupro de vulner\u00e1vel.<\/p>\n\n\n\n<figure class=\"wp-block-image size-full is-resized\"><img decoding=\"async\" src=\"https:\/\/radar190.com.br\/wp-content\/uploads\/2023\/02\/image-2.png\" alt=\"\" class=\"wp-image-1673\" width=\"500\" srcset=\"https:\/\/radar190.com.br\/wp-content\/uploads\/2023\/02\/image-2.png 984w, https:\/\/radar190.com.br\/wp-content\/uploads\/2023\/02\/image-2-300x257.png 300w, https:\/\/radar190.com.br\/wp-content\/uploads\/2023\/02\/image-2-768x658.png 768w\" sizes=\"(max-width: 984px) 100vw, 984px\" \/><\/figure>\n\n\n\n<p>Anielle Teixeira foi encontrada morta ap\u00f3s tr\u00eas do desaparecimento, em Jo\u00e3o Pessoa &#8211;&nbsp;&nbsp;Foto: TV Cabo Branco\/Reprodu\u00e7\u00e3o<\/p>\n\n\n\n<p><strong>Relembre o caso<\/strong><\/p>\n\n\n\n<p>O corpo de Anielle Teixeira, de 11 anos, que desapareceu no dia 5 de setembro de 2021, foi encontrado na madrugada do dia 8 do mesmo m\u00eas em uma mata no bairro de Miramar, em Jo\u00e3o Pessoa.<\/p>\n\n\n\n<p>Conforme informa\u00e7\u00f5es da Pol\u00edcia Civil, o corpo dela foi encontrado apenas com a blusa. Ela sumiu na madrugada de um domingo, depois de sair da praia do Cabo Branco de bicicleta com um homem.<\/p>\n\n\n\n<p>Na \u00e9poca, a delegada Luisa Correia adiantou que o corpo foi encontrado com sinais de decomposi\u00e7\u00e3o, o que levou a Pol\u00edcia Civil e a per\u00edcia a acreditarem que a crian\u00e7a foi morta logo ap\u00f3s a sa\u00edda da praia, no mesmo local em que o corpo foi encontrado.<\/p>\n\n\n\n<p>A delegada tamb\u00e9m informou que existem filmagens que mostram o suspeito, que est\u00e1 preso, entrando na mata onde Anielle foi encontrada e saindo do local sozinho.<\/p>\n\n\n\n<p>De acordo com a m\u00e3e da v\u00edtima, ela estava com os filhos dormindo em um quiosque, onde ela conhecia os donos, ap\u00f3s passar o s\u00e1bado na praia.<\/p>\n\n\n\n<p>A m\u00e3e explicou que as taxas de transportes por aplicativo estavam muito altas, ent\u00e3o resolveu ficar no local e ir embora de manh\u00e3 cedo. Por volta das 5h, Anielle sumiu.<\/p>\n\n\n\n<p>A irm\u00e3 mais nova da v\u00edtima teria informado para a m\u00e3e que Anielle teria sido convidada a sair com um homem em uma bicicleta e ela n\u00e3o quis ir com a irm\u00e3. Depois disso, a m<\/p>\n\n\n\n<blockquote class=\"wp-block-quote is-layout-flow wp-block-quote-is-layout-flow\">\n<p><strong>Fonte:<\/strong>&nbsp;G1<\/p>\n<\/blockquote>\n        <div class=\"booster-block booster-reactions-block\">\n            <div class=\"twp-reactions-icons\">\n                \n                <div class=\"twp-reacts-wrap\">\n                    <a react-data=\"be-react-1\" post-id=\"1672\" class=\"be-face-icons un-reacted\" href=\"javascript:void(0)\">\n                        <img decoding=\"async\" src=\"https:\/\/radar190.com.br\/wp-content\/plugins\/booster-extension\/\/assets\/icon\/happy.svg\" alt=\"Happy\">\n                    <\/a>\n                    <div class=\"twp-reaction-title\">\n                        Happy                    <\/div>\n                    <div class=\"twp-count-percent\">\n                                                    <span style=\"display: none;\" class=\"twp-react-count\">0<\/span>\n                        \n                                                <span class=\"twp-react-percent\"><span>0<\/span> %<\/span>\n                                            <\/div>\n                <\/div>\n\n                <div class=\"twp-reacts-wrap\">\n                    <a react-data=\"be-react-2\" post-id=\"1672\" class=\"be-face-icons un-reacted\" href=\"javascript:void(0)\">\n                        <img decoding=\"async\" src=\"https:\/\/radar190.com.br\/wp-content\/plugins\/booster-extension\/\/assets\/icon\/sad.svg\" alt=\"Sad\">\n                    <\/a>\n                    <div class=\"twp-reaction-title\">\n                        Sad                    <\/div>\n                    <div class=\"twp-count-percent\">\n                                                    <span style=\"display: none;\" class=\"twp-react-count\">0<\/span>\n                                                                        <span class=\"twp-react-percent\"><span>0<\/span> %<\/span>\n                                            <\/div>\n                <\/div>\n\n                <div class=\"twp-reacts-wrap\">\n                    <a react-data=\"be-react-3\" post-id=\"1672\" class=\"be-face-icons un-reacted\" href=\"javascript:void(0)\">\n                        <img decoding=\"async\" src=\"https:\/\/radar190.com.br\/wp-content\/plugins\/booster-extension\/\/assets\/icon\/excited.svg\" alt=\"Excited\">\n                    <\/a>\n                    <div class=\"twp-reaction-title\">\n                        Excited                    <\/div>\n                    <div class=\"twp-count-percent\">\n                                                    <span style=\"display: none;\" class=\"twp-react-count\">0<\/span>\n                                                                        <span class=\"twp-react-percent\"><span>0<\/span> %<\/span>\n                                            <\/div>\n                <\/div>\n\n                <div class=\"twp-reacts-wrap\">\n                    <a react-data=\"be-react-6\" post-id=\"1672\" class=\"be-face-icons un-reacted\" href=\"javascript:void(0)\">\n                        <img decoding=\"async\" src=\"https:\/\/radar190.com.br\/wp-content\/plugins\/booster-extension\/\/assets\/icon\/sleepy.svg\" alt=\"Sleepy\">\n                    <\/a>\n                    <div class=\"twp-reaction-title\">\n                        Sleepy                    <\/div>\n                    <div class=\"twp-count-percent\">\n                                                    <span style=\"display: none;\" class=\"twp-react-count\">0<\/span>\n                        \n                                                <span class=\"twp-react-percent\"><span>0<\/span> %<\/span>\n                                            <\/div>\n                <\/div>\n\n                <div class=\"twp-reacts-wrap\">\n                    <a react-data=\"be-react-4\" post-id=\"1672\" class=\"be-face-icons un-reacted\" href=\"javascript:void(0)\">\n                        <img decoding=\"async\" src=\"https:\/\/radar190.com.br\/wp-content\/plugins\/booster-extension\/\/assets\/icon\/angry.svg\" alt=\"Angry\">\n                    <\/a>\n                    <div class=\"twp-reaction-title\">Angry<\/div>\n                    <div class=\"twp-count-percent\">\n                                                    <span style=\"display: none;\" class=\"twp-react-count\">0<\/span>\n                                                                        <span class=\"twp-react-percent\"><span>0<\/span> %<\/span>\n                        \n                    <\/div>\n                <\/div>\n\n                <div class=\"twp-reacts-wrap\">\n                    <a react-data=\"be-react-5\" post-id=\"1672\" class=\"be-face-icons un-reacted\" href=\"javascript:void(0)\">\n                        <img decoding=\"async\" src=\"https:\/\/radar190.com.br\/wp-content\/plugins\/booster-extension\/\/assets\/icon\/surprise.svg\" alt=\"Surprise\">\n                    <\/a>\n                    <div class=\"twp-reaction-title\">Surprise<\/div>\n                    <div class=\"twp-count-percent\">\n                                                    <span style=\"display: none;\" class=\"twp-react-count\">0<\/span>\n                                                                        <span class=\"twp-react-percent\"><span>0<\/span> %<\/span>\n                                            <\/div>\n                <\/div>\n\n            <\/div>\n        <\/div>\n\n    ","protected":false},"excerpt":{"rendered":"<p>Corpo de Anielle foi encontrado no dia 8 de setembro de 2021, tr\u00eas dias ap\u00f3s o desaparecimento. J\u00fari popular O j\u00fari popular de Jos\u00e9 Alex da Silva, acusado de matar Anielle Teixeira, em Jo\u00e3o Pessoa, vai acontecer nesta segunda-feira (6). O corpo da menina de 11 anos foi encontrado no [&hellip;]<\/p>\n","protected":false},"author":1,"featured_media":1675,"comment_status":"open","ping_status":"open","sticky":false,"template":"","format":"standard","meta":{"_mi_skip_tracking":false,"_ti_tpc_template_sync":false,"_ti_tpc_template_id":"","_joinchat":[],"footnotes":""},"categories":[5,14,13,1,116,9,18,12,8],"tags":[],"class_list":["post-1672","post","type-post","status-publish","format-standard","has-post-thumbnail","hentry","category-brasil","category-cidades","category-cultural","category-uncategorized","category-editor-picks","category-esporte","category-mundo-brasil","category-paraiba","category-policial"],"_links":{"self":[{"href":"https:\/\/radar190.com.br\/index.php\/wp-json\/wp\/v2\/posts\/1672","targetHints":{"allow":["GET"]}}],"collection":[{"href":"https:\/\/radar190.com.br\/index.php\/wp-json\/wp\/v2\/posts"}],"about":[{"href":"https:\/\/radar190.com.br\/index.php\/wp-json\/wp\/v2\/types\/post"}],"author":[{"embeddable":true,"href":"https:\/\/radar190.com.br\/index.php\/wp-json\/wp\/v2\/users\/1"}],"replies":[{"embeddable":true,"href":"https:\/\/radar190.com.br\/index.php\/wp-json\/wp\/v2\/comments?post=1672"}],"version-history":[{"count":1,"href":"https:\/\/radar190.com.br\/index.php\/wp-json\/wp\/v2\/posts\/1672\/revisions"}],"predecessor-version":[{"id":1674,"href":"https:\/\/radar190.com.br\/index.php\/wp-json\/wp\/v2\/posts\/1672\/revisions\/1674"}],"wp:featuredmedia":[{"embeddable":true,"href":"https:\/\/radar190.com.br\/index.php\/wp-json\/wp\/v2\/media\/1675"}],"wp:attachment":[{"href":"https:\/\/radar190.com.br\/index.php\/wp-json\/wp\/v2\/media?parent=1672"}],"wp:term":[{"taxonomy":"category","embeddable":true,"href":"https:\/\/radar190.com.br\/index.php\/wp-json\/wp\/v2\/categories?post=1672"},{"taxonomy":"post_tag","embeddable":true,"href":"https:\/\/radar190.com.br\/index.php\/wp-json\/wp\/v2\/tags?post=1672"}],"curies":[{"name":"wp","href":"https:\/\/api.w.org\/{rel}","templated":true}]}}