{"id":1468,"date":"2022-10-25T07:33:11","date_gmt":"2022-10-25T10:33:11","guid":{"rendered":"https:\/\/radar190.com.br\/?p=1468"},"modified":"2022-10-25T07:42:29","modified_gmt":"2022-10-25T10:42:29","slug":"sargento-reformado-da-pm-acusado-de-matar-tecnico-em-internet-sera-julgado-hoje-em-cajazeiras-pb","status":"publish","type":"post","link":"https:\/\/radar190.com.br\/index.php\/2022\/10\/25\/sargento-reformado-da-pm-acusado-de-matar-tecnico-em-internet-sera-julgado-hoje-em-cajazeiras-pb\/","title":{"rendered":"Sargento reformado da PM, acusado de matar t\u00e9cnico em internet, ser\u00e1 julgado hoje em Cajazeiras PB"},"content":{"rendered":"<div class='booster-block booster-read-block'>\n                <div class=\"twp-read-time\">\n                \t<i class=\"booster-icon twp-clock\"><\/i> <span>Read Time:<\/span>2 Minute, 22 Second                <\/div>\n\n            <\/div>\n<p>O tribunal do J\u00fari de Cajazeiras julgar\u00e1 nesta ter\u00e7a-feira dia 25, o Sargento reformado da PM, Jos\u00e9 Anchieta Dantas, pelos crimes de morte de Ant\u00f4nio Ramalho Martins, conhecido como Hominha, al\u00e9m da tentativa de homic\u00eddio contra uma sobrinha da v\u00edtima fatal, ocorrida no dia 23 de dezembro de 2018 no bairro das Casas Populares em Cajazeiras.<\/p>\n\n\n\n<p>Narra os fatos que o sargento da Pol\u00edcia Militar Jos\u00e9 Anchieta Dantas, suspeito de matar um homem e ferir uma mulher ap\u00f3s uma discuss\u00e3o por causa de um som alto em uma festa na cidade de Cajazeiras, no Sert\u00e3o paraibano, foi preso ap\u00f3s se apresentar \u00e0 pol\u00edcia na segunda-feira (24). O crime aconteceu na manh\u00e3 do domingo (23) de dezembro de 2018.<\/p>\n\n\n\n<p>De acordo com a Pol\u00edcia Civil, o policial estava em casa e teria se incomodado com o barulho de uma comemora\u00e7\u00e3o que acontecia na vizinhan\u00e7a. Irritado, o sargento foi at\u00e9 o local para pedir que o volume do som fosse diminu\u00eddo.<\/p>\n\n\n\n<p>Conforme as imagens, o crime aconteceu \u00e0s 9h50 (hor\u00e1rio local) do domingo. A v\u00edtima que morreu, Ant\u00f4nio Ramalho, aparece discutindo com o sargento. A v\u00edtima sai do local sendo levada pela sobrinha quando, segundos depois, o policial sai numa moto, saca a arma e vai at\u00e9 os dois e atira contra tio e sobrinha e em seguida volta at\u00e9 a moto e foge.<\/p>\n\n\n\n<p>De acordo com o delegado Danilo Charbel, ap\u00f3s ouvir a sobrinha de Ant\u00f4nio e outros familiares, e com base nos exames feitos nas v\u00edtimas, a pol\u00edcia pediu a pris\u00e3o preventiva do sargento.<\/p>\n\n\n\n<p>\u201cO policial, juntamente com a arma que se encontrava com ele, que pertence \u00e0 PM, um rev\u00f3lver calibre 38 com cinco muni\u00e7\u00f5es intactas, se apresentou perante o superior hier\u00e1rquico dele, o coronel Guedes, que nos comunicou sobre a apresenta\u00e7\u00e3o espont\u00e2nea. Houve o decreto do Poder Judici\u00e1rio da pris\u00e3o preventiva e no mesmo momento, ele foi preso e interrogado\u201d, explicou o delegado.<\/p>\n\n\n\n<p>Ant\u00f4nio Ramalho chegou a ser socorrido para o Hospital Regional de Cajazeiras, onde passou por reanima\u00e7\u00e3o, mas morreu minutos depois. A sobrinha dele foi atingida por um tiro no ombro, passou por cirurgia e foi liberada<\/p>\n\n\n\n<figure class=\"wp-block-image size-full\"><img loading=\"lazy\" decoding=\"async\" width=\"640\" height=\"361\" src=\"https:\/\/radar190.com.br\/wp-content\/uploads\/2022\/10\/image-3.png\" alt=\"\" class=\"wp-image-1469\" srcset=\"https:\/\/radar190.com.br\/wp-content\/uploads\/2022\/10\/image-3.png 640w, https:\/\/radar190.com.br\/wp-content\/uploads\/2022\/10\/image-3-300x169.png 300w\" sizes=\"auto, (max-width: 640px) 100vw, 640px\" \/><\/figure>\n\n\n\n<p>Outro crime.<\/p>\n\n\n\n<p>No ano de 2013, Jos\u00e9 Anchieta Dantas foi preso, por determina\u00e7\u00e3o do juiz Jos\u00e9 Djaci Soares, da 1\u00aa Vara do F\u00f3rum da cidade de Cajazeiras na \u00e9poca. Ele foi acusado de matar Marciano de Freitas Trajano, no dia 22 de maio de 2012 no munic\u00edpio.<\/p>\n\n\n\n<p>De acordo com as investiga\u00e7\u00f5es da 9\u00ba Delegacia Regional de Pol\u00edcia Civil, a v\u00edtima foi morta com um tiro no peito, ap\u00f3s se recusar a realizar um conserto em um aparelho de ar condicionado do acusado. Testemunhas relataram, no entanto, que no dia 15 de maio de 2012, o filho do Cabo Anchieta teria sido agredido por alguns rapazes, dentre eles Marciano e essa teria sido a verdadeira motiva\u00e7\u00e3o para o crime.<\/p>\n        <div class=\"booster-block booster-reactions-block\">\n            <div class=\"twp-reactions-icons\">\n                \n                <div class=\"twp-reacts-wrap\">\n                    <a react-data=\"be-react-1\" post-id=\"1468\" class=\"be-face-icons un-reacted\" href=\"javascript:void(0)\">\n                        <img decoding=\"async\" src=\"https:\/\/radar190.com.br\/wp-content\/plugins\/booster-extension\/\/assets\/icon\/happy.svg\" alt=\"Happy\">\n                    <\/a>\n                    <div class=\"twp-reaction-title\">\n                        Happy                    <\/div>\n                    <div class=\"twp-count-percent\">\n                                                    <span style=\"display: none;\" class=\"twp-react-count\">0<\/span>\n                        \n                                                <span class=\"twp-react-percent\"><span>0<\/span> %<\/span>\n                                            <\/div>\n                <\/div>\n\n                <div class=\"twp-reacts-wrap\">\n                    <a react-data=\"be-react-2\" post-id=\"1468\" class=\"be-face-icons un-reacted\" href=\"javascript:void(0)\">\n                        <img decoding=\"async\" src=\"https:\/\/radar190.com.br\/wp-content\/plugins\/booster-extension\/\/assets\/icon\/sad.svg\" alt=\"Sad\">\n                    <\/a>\n                    <div class=\"twp-reaction-title\">\n                        Sad                    <\/div>\n                    <div class=\"twp-count-percent\">\n                                                    <span style=\"display: none;\" class=\"twp-react-count\">0<\/span>\n                                                                        <span class=\"twp-react-percent\"><span>0<\/span> %<\/span>\n                                            <\/div>\n                <\/div>\n\n                <div class=\"twp-reacts-wrap\">\n                    <a react-data=\"be-react-3\" post-id=\"1468\" class=\"be-face-icons un-reacted\" href=\"javascript:void(0)\">\n                        <img decoding=\"async\" src=\"https:\/\/radar190.com.br\/wp-content\/plugins\/booster-extension\/\/assets\/icon\/excited.svg\" alt=\"Excited\">\n                    <\/a>\n                    <div class=\"twp-reaction-title\">\n                        Excited                    <\/div>\n                    <div class=\"twp-count-percent\">\n                                                    <span style=\"display: none;\" class=\"twp-react-count\">0<\/span>\n                                                                        <span class=\"twp-react-percent\"><span>0<\/span> %<\/span>\n                                            <\/div>\n                <\/div>\n\n                <div class=\"twp-reacts-wrap\">\n                    <a react-data=\"be-react-6\" post-id=\"1468\" class=\"be-face-icons un-reacted\" href=\"javascript:void(0)\">\n                        <img decoding=\"async\" src=\"https:\/\/radar190.com.br\/wp-content\/plugins\/booster-extension\/\/assets\/icon\/sleepy.svg\" alt=\"Sleepy\">\n                    <\/a>\n                    <div class=\"twp-reaction-title\">\n                        Sleepy                    <\/div>\n                    <div class=\"twp-count-percent\">\n                                                    <span style=\"display: none;\" class=\"twp-react-count\">0<\/span>\n                        \n                                                <span class=\"twp-react-percent\"><span>0<\/span> %<\/span>\n                                            <\/div>\n                <\/div>\n\n                <div class=\"twp-reacts-wrap\">\n                    <a react-data=\"be-react-4\" post-id=\"1468\" class=\"be-face-icons un-reacted\" href=\"javascript:void(0)\">\n                        <img decoding=\"async\" src=\"https:\/\/radar190.com.br\/wp-content\/plugins\/booster-extension\/\/assets\/icon\/angry.svg\" alt=\"Angry\">\n                    <\/a>\n                    <div class=\"twp-reaction-title\">Angry<\/div>\n                    <div class=\"twp-count-percent\">\n                                                    <span style=\"display: none;\" class=\"twp-react-count\">0<\/span>\n                                                                        <span class=\"twp-react-percent\"><span>0<\/span> %<\/span>\n                        \n                    <\/div>\n                <\/div>\n\n                <div class=\"twp-reacts-wrap\">\n                    <a react-data=\"be-react-5\" post-id=\"1468\" class=\"be-face-icons un-reacted\" href=\"javascript:void(0)\">\n                        <img decoding=\"async\" src=\"https:\/\/radar190.com.br\/wp-content\/plugins\/booster-extension\/\/assets\/icon\/surprise.svg\" alt=\"Surprise\">\n                    <\/a>\n                    <div class=\"twp-reaction-title\">Surprise<\/div>\n                    <div class=\"twp-count-percent\">\n                                                    <span style=\"display: none;\" class=\"twp-react-count\">0<\/span>\n                                                                        <span class=\"twp-react-percent\"><span>0<\/span> %<\/span>\n                                            <\/div>\n                <\/div>\n\n            <\/div>\n        <\/div>\n\n    ","protected":false},"excerpt":{"rendered":"<p>O tribunal do J\u00fari de Cajazeiras julgar\u00e1 nesta ter\u00e7a-feira dia 25, o Sargento reformado da PM, Jos\u00e9 Anchieta Dantas, pelos crimes de morte de Ant\u00f4nio Ramalho Martins, conhecido como Hominha, al\u00e9m da tentativa de homic\u00eddio contra uma sobrinha da v\u00edtima fatal, ocorrida no dia 23 de dezembro de 2018 no [&hellip;]<\/p>\n","protected":false},"author":1,"featured_media":1471,"comment_status":"open","ping_status":"open","sticky":false,"template":"","format":"standard","meta":{"_mi_skip_tracking":false,"_ti_tpc_template_sync":false,"_ti_tpc_template_id":"","_joinchat":[],"footnotes":""},"categories":[5,14,13,1,9,18,12,8],"tags":[],"class_list":["post-1468","post","type-post","status-publish","format-standard","has-post-thumbnail","hentry","category-brasil","category-cidades","category-cultural","category-uncategorized","category-esporte","category-mundo-brasil","category-paraiba","category-policial"],"_links":{"self":[{"href":"https:\/\/radar190.com.br\/index.php\/wp-json\/wp\/v2\/posts\/1468","targetHints":{"allow":["GET"]}}],"collection":[{"href":"https:\/\/radar190.com.br\/index.php\/wp-json\/wp\/v2\/posts"}],"about":[{"href":"https:\/\/radar190.com.br\/index.php\/wp-json\/wp\/v2\/types\/post"}],"author":[{"embeddable":true,"href":"https:\/\/radar190.com.br\/index.php\/wp-json\/wp\/v2\/users\/1"}],"replies":[{"embeddable":true,"href":"https:\/\/radar190.com.br\/index.php\/wp-json\/wp\/v2\/comments?post=1468"}],"version-history":[{"count":1,"href":"https:\/\/radar190.com.br\/index.php\/wp-json\/wp\/v2\/posts\/1468\/revisions"}],"predecessor-version":[{"id":1470,"href":"https:\/\/radar190.com.br\/index.php\/wp-json\/wp\/v2\/posts\/1468\/revisions\/1470"}],"wp:featuredmedia":[{"embeddable":true,"href":"https:\/\/radar190.com.br\/index.php\/wp-json\/wp\/v2\/media\/1471"}],"wp:attachment":[{"href":"https:\/\/radar190.com.br\/index.php\/wp-json\/wp\/v2\/media?parent=1468"}],"wp:term":[{"taxonomy":"category","embeddable":true,"href":"https:\/\/radar190.com.br\/index.php\/wp-json\/wp\/v2\/categories?post=1468"},{"taxonomy":"post_tag","embeddable":true,"href":"https:\/\/radar190.com.br\/index.php\/wp-json\/wp\/v2\/tags?post=1468"}],"curies":[{"name":"wp","href":"https:\/\/api.w.org\/{rel}","templated":true}]}}