{"id":1400,"date":"2022-09-04T17:07:29","date_gmt":"2022-09-04T20:07:29","guid":{"rendered":"http:\/\/radar190.com.br\/?p=1400"},"modified":"2022-09-04T17:12:50","modified_gmt":"2022-09-04T20:12:50","slug":"monte-horebe-conclui-com-sucesso-mais-um-ciclo-do-orcamento-democratico-municipal","status":"publish","type":"post","link":"https:\/\/radar190.com.br\/index.php\/2022\/09\/04\/monte-horebe-conclui-com-sucesso-mais-um-ciclo-do-orcamento-democratico-municipal\/","title":{"rendered":"Monte Horebe conclui com sucesso mais um ciclo do Or\u00e7amento Democr\u00e1tico Municipal"},"content":{"rendered":"<div class='booster-block booster-read-block'>\n                <div class=\"twp-read-time\">\n                \t<i class=\"booster-icon twp-clock\"><\/i> <span>Read Time:<\/span>2 Minute, 3 Second                <\/div>\n\n            <\/div>\n<p>A Prefeitura de Monte Horebe concluiu no \u00faltimo s\u00e1bado mais um ciclo do Or\u00e7amento Democr\u00e1tico Municipal \u2013 ODM 2022. A experi\u00eancia iniciada em 2017 teve agora a sua quinta edi\u00e7\u00e3o e se imp\u00f5e de forma definitiva pelo \u00eaxito conquistado. O modelo de atua\u00e7\u00e3o \u00e9 caracterizado pela linearidade do relacionamento entre gest\u00e3o e popula\u00e7\u00e3o e, principalmente, pela lealdade da Prefeitura aos compromissos <a><\/a>estabelecidos em cada reuni\u00e3o plen\u00e1ria. Os resultados do ODM em Monte Horebe configuram uma experi\u00eancia democr\u00e1tica de refer\u00eancia para todos os governos municipais e estaduais que se pretenderem democr\u00e1ticos.<\/p>\n\n\n\n<p>Escolas, gin\u00e1sios, pra\u00e7as, postos de sa\u00fade, policl\u00ednica, estradas, transportes, amplia\u00e7\u00e3o do sistema de sa\u00fade, de educa\u00e7\u00e3o e a\u00e7\u00e3o social, s\u00e3o algumas das a\u00e7\u00f5es e obras pautadas pelo Or\u00e7amento Democr\u00e1tico que foram transformadas em realidade e que agora beneficiam a popula\u00e7\u00e3o diretamente.<\/p>\n\n\n\n<p>Para Maria das Gra\u00e7as, cidad\u00e3 de Monte Horebe, \u201co ODM nos motiva a sair de casa pra vir discutir com a Prefeitura porque a gente v\u00ea as nossas decis\u00f5es serem respeitadas. A gente decide e a Prefeitura obedece. Tinha que ser assim em todo canto, a prefeitura fazendo o que a popula\u00e7\u00e3o precisa\u201d afirma a moradora. Amanda, outra moradora de Monte Horebe, diz que \u201c\u00e9 muito importante que a gente possa conversar diretamente com o prefeito e sua equipe e depois ver que o que foi combinado foi respeitado. N\u00e3o podemos perder esse direito e precisamos participar mais gente ainda\u201d.<\/p>\n\n\n\n<p>O ODM 2022 foi dividido em 3 etapas. A primeira reuni\u00e3o plen\u00e1ria aconteceu no S\u00edtio Braga, a segunda no S\u00edtio Capim e, no \u00faltimo s\u00e1bado, a Plen\u00e1ria Final do ODM 2022 foi uma festa democr\u00e1tica pela participa\u00e7\u00e3o popular que, al\u00e9m do exerc\u00edcio pol\u00edtico, tamb\u00e9m teve arte, cultura e muita confraterniza\u00e7\u00e3o.<\/p>\n\n\n\n<p>O prefeito Marcos Eron declarou a sua satisfa\u00e7\u00e3o com mais um ODM: \u201cEstamos muito felizes de ver no que se transformou o ODM em Monte Horebe. Quando iniciamos em 2017, sem nenhuma experi\u00eancia, as pessoas n\u00e3o acreditavam na import\u00e2ncia destas reuni\u00f5es. Fomos fazendo e aprendendo, a popula\u00e7\u00e3o percebeu o respeito \u00e0s decis\u00f5es da maioria e hoje temos concretizada uma experi\u00eancia de cidadania e democracia com resultados claros e palp\u00e1veis. Pra todos n\u00f3s da gest\u00e3o e da popula\u00e7\u00e3o \u00e9 uma hist\u00f3ria de aprendizado e de sucesso, instrumento que \u00e9 um verdadeiro patrim\u00f4nio de Monte Horebe que precisa ser continuado e aprimorado a cada ano.<\/p>\n\n\n\n<figure class=\"wp-block-image size-full\"><img loading=\"lazy\" decoding=\"async\" width=\"480\" height=\"342\" src=\"http:\/\/radar190.com.br\/wp-content\/uploads\/2022\/09\/305345984_133752826043451_3540215202567378795_n.jpg\" alt=\"\" class=\"wp-image-1401\" srcset=\"https:\/\/radar190.com.br\/wp-content\/uploads\/2022\/09\/305345984_133752826043451_3540215202567378795_n.jpg 480w, https:\/\/radar190.com.br\/wp-content\/uploads\/2022\/09\/305345984_133752826043451_3540215202567378795_n-300x214.jpg 300w\" sizes=\"auto, (max-width: 480px) 100vw, 480px\" \/><\/figure>\n\n\n\n<p>As decis\u00f5es tomadas em cada uma das reuni\u00f5es plen\u00e1rias entram agora na pauta da gest\u00e3o para serem transformadas em a\u00e7\u00f5es e obras.<\/p>\n\n\n\n<p>Monte Horebe \u2013 Cidade Educadora<\/p>\n        <div class=\"booster-block booster-reactions-block\">\n            <div class=\"twp-reactions-icons\">\n                \n                <div class=\"twp-reacts-wrap\">\n                    <a react-data=\"be-react-1\" post-id=\"1400\" class=\"be-face-icons un-reacted\" href=\"javascript:void(0)\">\n                        <img decoding=\"async\" src=\"https:\/\/radar190.com.br\/wp-content\/plugins\/booster-extension\/\/assets\/icon\/happy.svg\" alt=\"Happy\">\n                    <\/a>\n                    <div class=\"twp-reaction-title\">\n                        Happy                    <\/div>\n                    <div class=\"twp-count-percent\">\n                                                    <span style=\"display: none;\" class=\"twp-react-count\">0<\/span>\n                        \n                                                <span class=\"twp-react-percent\"><span>0<\/span> %<\/span>\n                                            <\/div>\n                <\/div>\n\n                <div class=\"twp-reacts-wrap\">\n                    <a react-data=\"be-react-2\" post-id=\"1400\" class=\"be-face-icons un-reacted\" href=\"javascript:void(0)\">\n                        <img decoding=\"async\" src=\"https:\/\/radar190.com.br\/wp-content\/plugins\/booster-extension\/\/assets\/icon\/sad.svg\" alt=\"Sad\">\n                    <\/a>\n                    <div class=\"twp-reaction-title\">\n                        Sad                    <\/div>\n                    <div class=\"twp-count-percent\">\n                                                    <span style=\"display: none;\" class=\"twp-react-count\">0<\/span>\n                                                                        <span class=\"twp-react-percent\"><span>0<\/span> %<\/span>\n                                            <\/div>\n                <\/div>\n\n                <div class=\"twp-reacts-wrap\">\n                    <a react-data=\"be-react-3\" post-id=\"1400\" class=\"be-face-icons un-reacted\" href=\"javascript:void(0)\">\n                        <img decoding=\"async\" src=\"https:\/\/radar190.com.br\/wp-content\/plugins\/booster-extension\/\/assets\/icon\/excited.svg\" alt=\"Excited\">\n                    <\/a>\n                    <div class=\"twp-reaction-title\">\n                        Excited                    <\/div>\n                    <div class=\"twp-count-percent\">\n                                                    <span style=\"display: none;\" class=\"twp-react-count\">0<\/span>\n                                                                        <span class=\"twp-react-percent\"><span>0<\/span> %<\/span>\n                                            <\/div>\n                <\/div>\n\n                <div class=\"twp-reacts-wrap\">\n                    <a react-data=\"be-react-6\" post-id=\"1400\" class=\"be-face-icons un-reacted\" href=\"javascript:void(0)\">\n                        <img decoding=\"async\" src=\"https:\/\/radar190.com.br\/wp-content\/plugins\/booster-extension\/\/assets\/icon\/sleepy.svg\" alt=\"Sleepy\">\n                    <\/a>\n                    <div class=\"twp-reaction-title\">\n                        Sleepy                    <\/div>\n                    <div class=\"twp-count-percent\">\n                                                    <span style=\"display: none;\" class=\"twp-react-count\">0<\/span>\n                        \n                                                <span class=\"twp-react-percent\"><span>0<\/span> %<\/span>\n                                            <\/div>\n                <\/div>\n\n                <div class=\"twp-reacts-wrap\">\n                    <a react-data=\"be-react-4\" post-id=\"1400\" class=\"be-face-icons un-reacted\" href=\"javascript:void(0)\">\n                        <img decoding=\"async\" src=\"https:\/\/radar190.com.br\/wp-content\/plugins\/booster-extension\/\/assets\/icon\/angry.svg\" alt=\"Angry\">\n                    <\/a>\n                    <div class=\"twp-reaction-title\">Angry<\/div>\n                    <div class=\"twp-count-percent\">\n                                                    <span style=\"display: none;\" class=\"twp-react-count\">0<\/span>\n                                                                        <span class=\"twp-react-percent\"><span>0<\/span> %<\/span>\n                        \n                    <\/div>\n                <\/div>\n\n                <div class=\"twp-reacts-wrap\">\n                    <a react-data=\"be-react-5\" post-id=\"1400\" class=\"be-face-icons un-reacted\" href=\"javascript:void(0)\">\n                        <img decoding=\"async\" src=\"https:\/\/radar190.com.br\/wp-content\/plugins\/booster-extension\/\/assets\/icon\/surprise.svg\" alt=\"Surprise\">\n                    <\/a>\n                    <div class=\"twp-reaction-title\">Surprise<\/div>\n                    <div class=\"twp-count-percent\">\n                                                    <span style=\"display: none;\" class=\"twp-react-count\">0<\/span>\n                                                                        <span class=\"twp-react-percent\"><span>0<\/span> %<\/span>\n                                            <\/div>\n                <\/div>\n\n            <\/div>\n        <\/div>\n\n    ","protected":false},"excerpt":{"rendered":"<p>A Prefeitura de Monte Horebe concluiu no \u00faltimo s\u00e1bado mais um ciclo do Or\u00e7amento Democr\u00e1tico Municipal \u2013 ODM 2022. A experi\u00eancia iniciada em 2017 teve agora a sua quinta edi\u00e7\u00e3o e se imp\u00f5e de forma definitiva pelo \u00eaxito conquistado. O modelo de atua\u00e7\u00e3o \u00e9 caracterizado pela linearidade do relacionamento entre [&hellip;]<\/p>\n","protected":false},"author":1,"featured_media":1403,"comment_status":"open","ping_status":"open","sticky":false,"template":"","format":"standard","meta":{"_mi_skip_tracking":false,"_ti_tpc_template_sync":false,"_ti_tpc_template_id":"","_joinchat":[],"footnotes":""},"categories":[5,14,13,1,9,18,12,8],"tags":[],"class_list":["post-1400","post","type-post","status-publish","format-standard","has-post-thumbnail","hentry","category-brasil","category-cidades","category-cultural","category-uncategorized","category-esporte","category-mundo-brasil","category-paraiba","category-policial"],"_links":{"self":[{"href":"https:\/\/radar190.com.br\/index.php\/wp-json\/wp\/v2\/posts\/1400","targetHints":{"allow":["GET"]}}],"collection":[{"href":"https:\/\/radar190.com.br\/index.php\/wp-json\/wp\/v2\/posts"}],"about":[{"href":"https:\/\/radar190.com.br\/index.php\/wp-json\/wp\/v2\/types\/post"}],"author":[{"embeddable":true,"href":"https:\/\/radar190.com.br\/index.php\/wp-json\/wp\/v2\/users\/1"}],"replies":[{"embeddable":true,"href":"https:\/\/radar190.com.br\/index.php\/wp-json\/wp\/v2\/comments?post=1400"}],"version-history":[{"count":1,"href":"https:\/\/radar190.com.br\/index.php\/wp-json\/wp\/v2\/posts\/1400\/revisions"}],"predecessor-version":[{"id":1402,"href":"https:\/\/radar190.com.br\/index.php\/wp-json\/wp\/v2\/posts\/1400\/revisions\/1402"}],"wp:featuredmedia":[{"embeddable":true,"href":"https:\/\/radar190.com.br\/index.php\/wp-json\/wp\/v2\/media\/1403"}],"wp:attachment":[{"href":"https:\/\/radar190.com.br\/index.php\/wp-json\/wp\/v2\/media?parent=1400"}],"wp:term":[{"taxonomy":"category","embeddable":true,"href":"https:\/\/radar190.com.br\/index.php\/wp-json\/wp\/v2\/categories?post=1400"},{"taxonomy":"post_tag","embeddable":true,"href":"https:\/\/radar190.com.br\/index.php\/wp-json\/wp\/v2\/tags?post=1400"}],"curies":[{"name":"wp","href":"https:\/\/api.w.org\/{rel}","templated":true}]}}