{"id":1349,"date":"2022-08-28T08:13:59","date_gmt":"2022-08-28T11:13:59","guid":{"rendered":"http:\/\/radar190.com.br\/?p=1349"},"modified":"2022-08-28T08:15:40","modified_gmt":"2022-08-28T11:15:40","slug":"segue-o-trabalho-ruas-de-sao-jose-de-caiana-ja-comecou-a-ser-preparada-para-receber-pavimentacao-em-calcamento","status":"publish","type":"post","link":"https:\/\/radar190.com.br\/index.php\/2022\/08\/28\/segue-o-trabalho-ruas-de-sao-jose-de-caiana-ja-comecou-a-ser-preparada-para-receber-pavimentacao-em-calcamento\/","title":{"rendered":"SEGUE O TRABALHO &#8211; Ruas de S\u00e3o Jos\u00e9 de Caiana j\u00e1 come\u00e7ou a ser preparada para receber pavimenta\u00e7\u00e3o em Cal\u00e7amento"},"content":{"rendered":"<div class='booster-block booster-read-block'>\n                <div class=\"twp-read-time\">\n                \t<i class=\"booster-icon twp-clock\"><\/i> <span>Read Time:<\/span>46 Second                <\/div>\n\n            <\/div>\n<p>O servi\u00e7o de nivelamento da Rua Jos\u00e9 Pereira de Lina, em S\u00e3o Jos\u00e9 de Caiana, j\u00e1 come\u00e7ou a ser preparada para receber pavimenta\u00e7\u00e3o em cal\u00e7amento. Obra h\u00e1 muito tempo \u00e9 reivindicado pelos moradores que comemoram o in\u00edcio dos trabalhos realizados pela Prefeitura de Caiana, e com a presen\u00e7a do prefeito Manoel Moleque acompanhando de perto esses trabalhos.<\/p>\n\n\n\n<figure class=\"wp-block-image size-large is-resized\"><img decoding=\"async\" src=\"http:\/\/radar190.com.br\/wp-content\/uploads\/2022\/08\/image-15-1024x576.png\" alt=\"\" class=\"wp-image-1350\" width=\"550\" srcset=\"https:\/\/radar190.com.br\/wp-content\/uploads\/2022\/08\/image-15-1024x576.png 1024w, https:\/\/radar190.com.br\/wp-content\/uploads\/2022\/08\/image-15-300x169.png 300w, https:\/\/radar190.com.br\/wp-content\/uploads\/2022\/08\/image-15-768x432.png 768w, https:\/\/radar190.com.br\/wp-content\/uploads\/2022\/08\/image-15.png 1280w\" sizes=\"(max-width: 1024px) 100vw, 1024px\" \/><\/figure>\n\n\n\n<p>O Gestor destaca que \u201cessa \u00e9 mais uma frente de obra autorizada pelo prefeito Municipal Manoel visando melhorar a qualidade de vida dos moradores, acabando com a lama e a poeira, valorizando os im\u00f3veis e contribuindo para mobilidade urbana da nossa cidade\u201d.<\/p>\n\n\n\n<p>Ele ressalta que \u201cessa \u00e9 mais uma conquista para a popula\u00e7\u00e3o que ter\u00e1 maior comodidade e seguran\u00e7a para trafegar pelas ruas, pois n\u00e3o sofrer\u00e3o mais com o per\u00edodo de chuvas que causa grandes estragos no munic\u00edpio, al\u00e9m de diminuir a poeira nas resid\u00eancias e trazer benef\u00edcios \u00e0 sa\u00fade dos moradores\u201d.<\/p>\n\n\n\n<p>Por RADAR 190<\/p>\n        <div class=\"booster-block booster-reactions-block\">\n            <div class=\"twp-reactions-icons\">\n                \n                <div class=\"twp-reacts-wrap\">\n                    <a react-data=\"be-react-1\" post-id=\"1349\" class=\"be-face-icons un-reacted\" href=\"javascript:void(0)\">\n                        <img decoding=\"async\" src=\"https:\/\/radar190.com.br\/wp-content\/plugins\/booster-extension\/\/assets\/icon\/happy.svg\" alt=\"Happy\">\n                    <\/a>\n                    <div class=\"twp-reaction-title\">\n                        Happy                    <\/div>\n                    <div class=\"twp-count-percent\">\n                                                    <span style=\"display: none;\" class=\"twp-react-count\">0<\/span>\n                        \n                                                <span class=\"twp-react-percent\"><span>0<\/span> %<\/span>\n                                            <\/div>\n                <\/div>\n\n                <div class=\"twp-reacts-wrap\">\n                    <a react-data=\"be-react-2\" post-id=\"1349\" class=\"be-face-icons un-reacted\" href=\"javascript:void(0)\">\n                        <img decoding=\"async\" src=\"https:\/\/radar190.com.br\/wp-content\/plugins\/booster-extension\/\/assets\/icon\/sad.svg\" alt=\"Sad\">\n                    <\/a>\n                    <div class=\"twp-reaction-title\">\n                        Sad                    <\/div>\n                    <div class=\"twp-count-percent\">\n                                                    <span style=\"display: none;\" class=\"twp-react-count\">0<\/span>\n                                                                        <span class=\"twp-react-percent\"><span>0<\/span> %<\/span>\n                                            <\/div>\n                <\/div>\n\n                <div class=\"twp-reacts-wrap\">\n                    <a react-data=\"be-react-3\" post-id=\"1349\" class=\"be-face-icons un-reacted\" href=\"javascript:void(0)\">\n                        <img decoding=\"async\" src=\"https:\/\/radar190.com.br\/wp-content\/plugins\/booster-extension\/\/assets\/icon\/excited.svg\" alt=\"Excited\">\n                    <\/a>\n                    <div class=\"twp-reaction-title\">\n                        Excited                    <\/div>\n                    <div class=\"twp-count-percent\">\n                                                    <span style=\"display: none;\" class=\"twp-react-count\">0<\/span>\n                                                                        <span class=\"twp-react-percent\"><span>0<\/span> %<\/span>\n                                            <\/div>\n                <\/div>\n\n                <div class=\"twp-reacts-wrap\">\n                    <a react-data=\"be-react-6\" post-id=\"1349\" class=\"be-face-icons un-reacted\" href=\"javascript:void(0)\">\n                        <img decoding=\"async\" src=\"https:\/\/radar190.com.br\/wp-content\/plugins\/booster-extension\/\/assets\/icon\/sleepy.svg\" alt=\"Sleepy\">\n                    <\/a>\n                    <div class=\"twp-reaction-title\">\n                        Sleepy                    <\/div>\n                    <div class=\"twp-count-percent\">\n                                                    <span style=\"display: none;\" class=\"twp-react-count\">0<\/span>\n                        \n                                                <span class=\"twp-react-percent\"><span>0<\/span> %<\/span>\n                                            <\/div>\n                <\/div>\n\n                <div class=\"twp-reacts-wrap\">\n                    <a react-data=\"be-react-4\" post-id=\"1349\" class=\"be-face-icons un-reacted\" href=\"javascript:void(0)\">\n                        <img decoding=\"async\" src=\"https:\/\/radar190.com.br\/wp-content\/plugins\/booster-extension\/\/assets\/icon\/angry.svg\" alt=\"Angry\">\n                    <\/a>\n                    <div class=\"twp-reaction-title\">Angry<\/div>\n                    <div class=\"twp-count-percent\">\n                                                    <span style=\"display: none;\" class=\"twp-react-count\">0<\/span>\n                                                                        <span class=\"twp-react-percent\"><span>0<\/span> %<\/span>\n                        \n                    <\/div>\n                <\/div>\n\n                <div class=\"twp-reacts-wrap\">\n                    <a react-data=\"be-react-5\" post-id=\"1349\" class=\"be-face-icons un-reacted\" href=\"javascript:void(0)\">\n                        <img decoding=\"async\" src=\"https:\/\/radar190.com.br\/wp-content\/plugins\/booster-extension\/\/assets\/icon\/surprise.svg\" alt=\"Surprise\">\n                    <\/a>\n                    <div class=\"twp-reaction-title\">Surprise<\/div>\n                    <div class=\"twp-count-percent\">\n                                                    <span style=\"display: none;\" class=\"twp-react-count\">0<\/span>\n                                                                        <span class=\"twp-react-percent\"><span>0<\/span> %<\/span>\n                                            <\/div>\n                <\/div>\n\n            <\/div>\n        <\/div>\n\n    ","protected":false},"excerpt":{"rendered":"<p>O servi\u00e7o de nivelamento da Rua Jos\u00e9 Pereira de Lina, em S\u00e3o Jos\u00e9 de Caiana, j\u00e1 come\u00e7ou a ser preparada para receber pavimenta\u00e7\u00e3o em cal\u00e7amento. Obra h\u00e1 muito tempo \u00e9 reivindicado pelos moradores que comemoram o in\u00edcio dos trabalhos realizados pela Prefeitura de Caiana, e com a presen\u00e7a do prefeito [&hellip;]<\/p>\n","protected":false},"author":1,"featured_media":1352,"comment_status":"open","ping_status":"open","sticky":false,"template":"","format":"standard","meta":{"_mi_skip_tracking":false,"_ti_tpc_template_sync":false,"_ti_tpc_template_id":"","_joinchat":[],"footnotes":""},"categories":[5,14,13,1,9,18,12,8],"tags":[],"class_list":["post-1349","post","type-post","status-publish","format-standard","has-post-thumbnail","hentry","category-brasil","category-cidades","category-cultural","category-uncategorized","category-esporte","category-mundo-brasil","category-paraiba","category-policial"],"_links":{"self":[{"href":"https:\/\/radar190.com.br\/index.php\/wp-json\/wp\/v2\/posts\/1349","targetHints":{"allow":["GET"]}}],"collection":[{"href":"https:\/\/radar190.com.br\/index.php\/wp-json\/wp\/v2\/posts"}],"about":[{"href":"https:\/\/radar190.com.br\/index.php\/wp-json\/wp\/v2\/types\/post"}],"author":[{"embeddable":true,"href":"https:\/\/radar190.com.br\/index.php\/wp-json\/wp\/v2\/users\/1"}],"replies":[{"embeddable":true,"href":"https:\/\/radar190.com.br\/index.php\/wp-json\/wp\/v2\/comments?post=1349"}],"version-history":[{"count":1,"href":"https:\/\/radar190.com.br\/index.php\/wp-json\/wp\/v2\/posts\/1349\/revisions"}],"predecessor-version":[{"id":1351,"href":"https:\/\/radar190.com.br\/index.php\/wp-json\/wp\/v2\/posts\/1349\/revisions\/1351"}],"wp:featuredmedia":[{"embeddable":true,"href":"https:\/\/radar190.com.br\/index.php\/wp-json\/wp\/v2\/media\/1352"}],"wp:attachment":[{"href":"https:\/\/radar190.com.br\/index.php\/wp-json\/wp\/v2\/media?parent=1349"}],"wp:term":[{"taxonomy":"category","embeddable":true,"href":"https:\/\/radar190.com.br\/index.php\/wp-json\/wp\/v2\/categories?post=1349"},{"taxonomy":"post_tag","embeddable":true,"href":"https:\/\/radar190.com.br\/index.php\/wp-json\/wp\/v2\/tags?post=1349"}],"curies":[{"name":"wp","href":"https:\/\/api.w.org\/{rel}","templated":true}]}}