{"id":1319,"date":"2022-08-25T08:04:30","date_gmt":"2022-08-25T11:04:30","guid":{"rendered":"http:\/\/radar190.com.br\/?p=1319"},"modified":"2022-08-25T08:05:53","modified_gmt":"2022-08-25T11:05:53","slug":"tce-nega-recurso-e-mantem-reprovacao-das-contas-da-gestao-do-governador-joao-azevedo-relativas-a-2019","status":"publish","type":"post","link":"https:\/\/radar190.com.br\/index.php\/2022\/08\/25\/tce-nega-recurso-e-mantem-reprovacao-das-contas-da-gestao-do-governador-joao-azevedo-relativas-a-2019\/","title":{"rendered":"TCE nega recurso e mant\u00e9m reprova\u00e7\u00e3o das contas da gest\u00e3o do governador Jo\u00e3o Azev\u00eado relativas a 2019"},"content":{"rendered":"<div class='booster-block booster-read-block'>\n                <div class=\"twp-read-time\">\n                \t<i class=\"booster-icon twp-clock\"><\/i> <span>Read Time:<\/span>2 Minute, 51 Second                <\/div>\n\n            <\/div>\n<p>O Tribunal reprovou as contas porque entendeu que houve descumprimento de \u00edndice constitucional e excesso de servidores sem v\u00ednculos p\u00fablicos, pagos a t\u00edtulo de codificados, s\u00f3 com CPF.<\/p>\n\n\n\n<p>O pleno do Tribunal de Contas do Estado negou, por unanimidade, o recurso de reconsidera\u00e7\u00e3o feito pelo governador Jo\u00e3o Azev\u00eado (PSB) contra ac\u00f3rd\u00e3o da Corte que reprovou a presta\u00e7\u00e3o de contas do exerc\u00edcio de 2019.<\/p>\n\n\n\n<p><a href=\"https:\/\/jornaldaparaiba.com.br\/politica\/conversa-politica\/2022\/05\/02\/tce-reprova-as-contas-da-gestao-do-governador-joao-azevedo-relativas-a-2019\">No \u00faltimo dia 02 de maio, o Tribunal reprovou as contas da gest\u00e3o porque entendeu que houve descumprimento de \u00edndice constitucional e excesso de servidores sem v\u00ednculos p\u00fablicos,<\/a>&nbsp;pagos a t\u00edtulo de codificados, s\u00f3 com CPF.<\/p>\n\n\n\n<p>Dentre as irregularidades, est\u00e3o o pagamento a 89 mil \u2018codificados\u2019 (pessoas contratadas apenas pelo CPF, sem v\u00ednculo com a administra\u00e7\u00e3o), na ordem de R$ 235 milh\u00f5es, descumprimento do percentual m\u00ednimo com Sa\u00fade e Educa\u00e7\u00e3o e de pagamento de \u2018bolsa desempenho\u2019 via decreto.<\/p>\n\n\n\n<p>O procurador-geral F\u00e1bio Andrade alegou que as contrata\u00e7\u00f5es eram constitucionais e foram realizadas por excepcional interesse p\u00fablico, em grande parte remanescente de governos anteriores.<\/p>\n\n\n\n<p>Andrade ainda comparou a situa\u00e7\u00e3o do estado com com outros casos de reprova\u00e7\u00e3o de contas, em situa\u00e7\u00f5es semelhantes, citando at\u00e9 uma decis\u00e3o em rela\u00e7\u00e3o \u00e0 gest\u00e3o da Prefeitura de Jo\u00e3o Pessoa.<\/p>\n\n\n\n<p>Mas o relator das contas, conselheiro Andr\u00e9 Carlo Torres Pontes, explicou que os fatos n\u00e3o t\u00eam correla\u00e7\u00e3o. Segundo ele, a quest\u00e3o dos codificados \u00e9 peculiar ao Estado, e vem perdurando desde o ano de 2013, quando o TCE fez os primeiros alertas da grave irregularidade.<\/p>\n\n\n\n<p>Torres afirmou que em 2016, quando da aprecia\u00e7\u00e3o da presta\u00e7\u00e3o de contas, a Corte fez recomenda\u00e7\u00f5es \u00e0 gest\u00e3o governamental, quanto \u00e0 figura dos codificados. Explicou que s\u00e3o servidores que percebiam sal\u00e1rios apenas com a identifica\u00e7\u00e3o do CPF, sem qualquer tipo de justificativa contratual e lota\u00e7\u00e3o funcional. Ainda na an\u00e1lise de 2019 foram emitidos 14 alertas \u00e0 gest\u00e3o.<\/p>\n\n\n\n<p><a href=\"https:\/\/jornaldaparaiba.com.br\/politica\/conversa-politica\/2022\/08\/24\/tjp-denuncia-manoel-ivonete-ludgerio\"><\/a><\/p>\n\n\n\n<p><a href=\"https:\/\/jornaldaparaiba.com.br\/politica\/conversa-politica\/2022\/08\/24\/tjp-denuncia-manoel-ivonete-ludgerio\"><strong>Veja tamb\u00e9m<\/strong>&nbsp;Manoel e Ivonete Ludg\u00e9rio voltam a virar r\u00e9us por contrata\u00e7\u00e3o de \u2018fantasma\u2019<\/a><\/p>\n\n\n\n<p>\u00c9 compet\u00eancia de o TCE verificar a legalidade dos atos p\u00fablicos, e percebe-se que as despesas com os codificados naquele exerc\u00edcio, em torno de R$ 235 milh\u00f5es, estavam \u00e0 margem da legisla\u00e7\u00e3o\u201d, frisou.<\/p>\n\n\n\n<p>O MP de Contas havia emitido parecer pela reprova\u00e7\u00e3o das contas.<\/p>\n\n\n\n<p>Quando reprovadas, as contas s\u00e3o enviadas para a Assembleia Legislativa, que deve referendar a reprova\u00e7\u00e3o ou n\u00e3o.<\/p>\n\n\n\n<p>data:image\/gif;base64,R0lGODlhAQABAAAAACH5BAEKAAEALAAAAAABAAEAAAICTAEAOw==<\/p>\n\n\n\n<h2 class=\"wp-block-heading\">Defesa<\/h2>\n\n\n\n<p>O procurador-geral do estado, F\u00e1bio Andrade, defendeu a inclus\u00e3o das despesas com a contrata\u00e7\u00e3o de prestadores de sa\u00fade sejam inclu\u00eddas no c\u00e1lculo dos gastos com Sa\u00fade, assim como prev\u00ea a legisla\u00e7\u00e3o (LC 141\/12). A medida permitiria que o governo cumprisse o \u00edndice m\u00ednimo constitucional para a \u00e1rea.<\/p>\n\n\n\n<p>\u201cO problema dos prestadores de servi\u00e7o, ou codificados, como se queira chamar, h\u00e1 um fato concreto, p\u00fablico, hist\u00f3rico, que remonta a d\u00e9cadas e foi a gest\u00e3o do governador Jo\u00e3o Azev\u00eado que est\u00e1 resolvendo esse problema. Espero que ele seja tratado como algu\u00e9m que tem buscado resolver\u201d, comentou F\u00e1bio Andrade, em maio, quando a conta foi reprovada.<\/p>\n\n\n\n<p>Em rela\u00e7\u00e3o \u00e0 Educa\u00e7\u00e3o, que o TCE aponta apenas o percentual de 24,7%, faltando 0,3%, F\u00e1bio Andrade solicitou que fosse considerado no c\u00f4mputo do \u00edndice constitucional os gastos com a UEPB na pasta.<\/p>\n\n\n\n<p>O conselheiro Carlo Torres afirmou que mesmo incluindo a UEPB n\u00e3o seria alcan\u00e7ado o percentual m\u00ednimo previsto pela Constitui\u00e7\u00e3o. Em rela\u00e7\u00e3o \u00e0 Sa\u00fade, o relator pontuou que n\u00e3o se pode considerar a soma dos gastos com codificados por causa de julgados precedentes, assim como dito pelo MPC.<\/p>\n\n\n\n<figure class=\"wp-block-image size-full\"><img loading=\"lazy\" decoding=\"async\" width=\"570\" height=\"380\" src=\"http:\/\/radar190.com.br\/wp-content\/uploads\/2022\/08\/18988_484368908392802_9001916667298826370_n-1.jpg\" alt=\"\" class=\"wp-image-1320\" srcset=\"https:\/\/radar190.com.br\/wp-content\/uploads\/2022\/08\/18988_484368908392802_9001916667298826370_n-1.jpg 570w, https:\/\/radar190.com.br\/wp-content\/uploads\/2022\/08\/18988_484368908392802_9001916667298826370_n-1-300x200.jpg 300w\" sizes=\"auto, (max-width: 570px) 100vw, 570px\" \/><\/figure>\n        <div class=\"booster-block booster-reactions-block\">\n            <div class=\"twp-reactions-icons\">\n                \n                <div class=\"twp-reacts-wrap\">\n                    <a react-data=\"be-react-1\" post-id=\"1319\" class=\"be-face-icons un-reacted\" href=\"javascript:void(0)\">\n                        <img decoding=\"async\" src=\"https:\/\/radar190.com.br\/wp-content\/plugins\/booster-extension\/\/assets\/icon\/happy.svg\" alt=\"Happy\">\n                    <\/a>\n                    <div class=\"twp-reaction-title\">\n                        Happy                    <\/div>\n                    <div class=\"twp-count-percent\">\n                                                    <span style=\"display: none;\" class=\"twp-react-count\">0<\/span>\n                        \n                                                <span class=\"twp-react-percent\"><span>0<\/span> %<\/span>\n                                            <\/div>\n                <\/div>\n\n                <div class=\"twp-reacts-wrap\">\n                    <a react-data=\"be-react-2\" post-id=\"1319\" class=\"be-face-icons un-reacted\" href=\"javascript:void(0)\">\n                        <img decoding=\"async\" src=\"https:\/\/radar190.com.br\/wp-content\/plugins\/booster-extension\/\/assets\/icon\/sad.svg\" alt=\"Sad\">\n                    <\/a>\n                    <div class=\"twp-reaction-title\">\n                        Sad                    <\/div>\n                    <div class=\"twp-count-percent\">\n                                                    <span style=\"display: none;\" class=\"twp-react-count\">0<\/span>\n                                                                        <span class=\"twp-react-percent\"><span>0<\/span> %<\/span>\n                                            <\/div>\n                <\/div>\n\n                <div class=\"twp-reacts-wrap\">\n                    <a react-data=\"be-react-3\" post-id=\"1319\" class=\"be-face-icons un-reacted\" href=\"javascript:void(0)\">\n                        <img decoding=\"async\" src=\"https:\/\/radar190.com.br\/wp-content\/plugins\/booster-extension\/\/assets\/icon\/excited.svg\" alt=\"Excited\">\n                    <\/a>\n                    <div class=\"twp-reaction-title\">\n                        Excited                    <\/div>\n                    <div class=\"twp-count-percent\">\n                                                    <span style=\"display: none;\" class=\"twp-react-count\">0<\/span>\n                                                                        <span class=\"twp-react-percent\"><span>0<\/span> %<\/span>\n                                            <\/div>\n                <\/div>\n\n                <div class=\"twp-reacts-wrap\">\n                    <a react-data=\"be-react-6\" post-id=\"1319\" class=\"be-face-icons un-reacted\" href=\"javascript:void(0)\">\n                        <img decoding=\"async\" src=\"https:\/\/radar190.com.br\/wp-content\/plugins\/booster-extension\/\/assets\/icon\/sleepy.svg\" alt=\"Sleepy\">\n                    <\/a>\n                    <div class=\"twp-reaction-title\">\n                        Sleepy                    <\/div>\n                    <div class=\"twp-count-percent\">\n                                                    <span style=\"display: none;\" class=\"twp-react-count\">0<\/span>\n                        \n                                                <span class=\"twp-react-percent\"><span>0<\/span> %<\/span>\n                                            <\/div>\n                <\/div>\n\n                <div class=\"twp-reacts-wrap\">\n                    <a react-data=\"be-react-4\" post-id=\"1319\" class=\"be-face-icons un-reacted\" href=\"javascript:void(0)\">\n                        <img decoding=\"async\" src=\"https:\/\/radar190.com.br\/wp-content\/plugins\/booster-extension\/\/assets\/icon\/angry.svg\" alt=\"Angry\">\n                    <\/a>\n                    <div class=\"twp-reaction-title\">Angry<\/div>\n                    <div class=\"twp-count-percent\">\n                                                    <span style=\"display: none;\" class=\"twp-react-count\">0<\/span>\n                                                                        <span class=\"twp-react-percent\"><span>0<\/span> %<\/span>\n                        \n                    <\/div>\n                <\/div>\n\n                <div class=\"twp-reacts-wrap\">\n                    <a react-data=\"be-react-5\" post-id=\"1319\" class=\"be-face-icons un-reacted\" href=\"javascript:void(0)\">\n                        <img decoding=\"async\" src=\"https:\/\/radar190.com.br\/wp-content\/plugins\/booster-extension\/\/assets\/icon\/surprise.svg\" alt=\"Surprise\">\n                    <\/a>\n                    <div class=\"twp-reaction-title\">Surprise<\/div>\n                    <div class=\"twp-count-percent\">\n                                                    <span style=\"display: none;\" class=\"twp-react-count\">0<\/span>\n                                                                        <span class=\"twp-react-percent\"><span>0<\/span> %<\/span>\n                                            <\/div>\n                <\/div>\n\n            <\/div>\n        <\/div>\n\n    ","protected":false},"excerpt":{"rendered":"<p>O Tribunal reprovou as contas porque entendeu que houve descumprimento de \u00edndice constitucional e excesso de servidores sem v\u00ednculos p\u00fablicos, pagos a t\u00edtulo de codificados, s\u00f3 com CPF. O pleno do Tribunal de Contas do Estado negou, por unanimidade, o recurso de reconsidera\u00e7\u00e3o feito pelo governador Jo\u00e3o Azev\u00eado (PSB) contra [&hellip;]<\/p>\n","protected":false},"author":1,"featured_media":1322,"comment_status":"open","ping_status":"open","sticky":false,"template":"","format":"standard","meta":{"_mi_skip_tracking":false,"_ti_tpc_template_sync":false,"_ti_tpc_template_id":"","_joinchat":[],"footnotes":""},"categories":[5,14,13,1,9,18,12,8],"tags":[],"class_list":["post-1319","post","type-post","status-publish","format-standard","has-post-thumbnail","hentry","category-brasil","category-cidades","category-cultural","category-uncategorized","category-esporte","category-mundo-brasil","category-paraiba","category-policial"],"_links":{"self":[{"href":"https:\/\/radar190.com.br\/index.php\/wp-json\/wp\/v2\/posts\/1319","targetHints":{"allow":["GET"]}}],"collection":[{"href":"https:\/\/radar190.com.br\/index.php\/wp-json\/wp\/v2\/posts"}],"about":[{"href":"https:\/\/radar190.com.br\/index.php\/wp-json\/wp\/v2\/types\/post"}],"author":[{"embeddable":true,"href":"https:\/\/radar190.com.br\/index.php\/wp-json\/wp\/v2\/users\/1"}],"replies":[{"embeddable":true,"href":"https:\/\/radar190.com.br\/index.php\/wp-json\/wp\/v2\/comments?post=1319"}],"version-history":[{"count":1,"href":"https:\/\/radar190.com.br\/index.php\/wp-json\/wp\/v2\/posts\/1319\/revisions"}],"predecessor-version":[{"id":1321,"href":"https:\/\/radar190.com.br\/index.php\/wp-json\/wp\/v2\/posts\/1319\/revisions\/1321"}],"wp:featuredmedia":[{"embeddable":true,"href":"https:\/\/radar190.com.br\/index.php\/wp-json\/wp\/v2\/media\/1322"}],"wp:attachment":[{"href":"https:\/\/radar190.com.br\/index.php\/wp-json\/wp\/v2\/media?parent=1319"}],"wp:term":[{"taxonomy":"category","embeddable":true,"href":"https:\/\/radar190.com.br\/index.php\/wp-json\/wp\/v2\/categories?post=1319"},{"taxonomy":"post_tag","embeddable":true,"href":"https:\/\/radar190.com.br\/index.php\/wp-json\/wp\/v2\/tags?post=1319"}],"curies":[{"name":"wp","href":"https:\/\/api.w.org\/{rel}","templated":true}]}}