{"id":1288,"date":"2022-08-16T05:53:49","date_gmt":"2022-08-16T08:53:49","guid":{"rendered":"http:\/\/radar190.com.br\/?p=1288"},"modified":"2022-08-16T05:56:10","modified_gmt":"2022-08-16T08:56:10","slug":"em-entrevista-mae-de-jovem-encontrado-morto-desabafa-nao-quero-justica-policia-nao-descarta-ligacao-com-rivalidade-entre-faccoes-video","status":"publish","type":"post","link":"https:\/\/radar190.com.br\/index.php\/2022\/08\/16\/em-entrevista-mae-de-jovem-encontrado-morto-desabafa-nao-quero-justica-policia-nao-descarta-ligacao-com-rivalidade-entre-faccoes-video\/","title":{"rendered":"Em entrevista, m\u00e3e de jovem encontrado morto desabafa: \u201cN\u00e3o quero justi\u00e7a\u201d; Pol\u00edcia n\u00e3o descarta liga\u00e7\u00e3o com rivalidade entre fac\u00e7\u00f5es. V\u00cdDEO"},"content":{"rendered":"<div class='booster-block booster-read-block'>\n                <div class=\"twp-read-time\">\n                \t<i class=\"booster-icon twp-clock\"><\/i> <span>Read Time:<\/span>1 Minute, 43 Second                <\/div>\n\n            <\/div>\n<p>No in\u00edcio da tarde deste domingo, dia 14 de agosto, o corpo do jovem Pedro C\u00edcero Almeida de Ara\u00fajo, de 23 anos, que estava desaparecido deste a \u00faltima quinta-feira (11), foi encontrado em estado de decomposi\u00e7\u00e3o no S\u00edtio Recanto, zona rural do munic\u00edpio de S\u00e3o Jos\u00e9 de Espinharas. A princ\u00edpio pensou-se que seria na zona rural rural de Santa Gertrudes.<\/p>\n\n\n\n<p>O carro do jovem, modelo Volkswagen Polo, j\u00e1 havia sido encontrado incendiado na sexta-feira (12), na estrada que d\u00e1 acesso ao Lix\u00e3o de Patos.<\/p>\n\n\n\n<p>O corpo foi encontrado pela pr\u00f3pria m\u00e3e do jovem, a senhora Als\u00e2ngela Almeida, que apesar da situa\u00e7\u00e3o do cad\u00e1ver, com sinais de viol\u00eancia e decomposi\u00e7\u00e3o, o reconheceu por uma tatuagem nas costas e tamb\u00e9m o anel que ele utilizava.<\/p>\n\n\n\n<figure class=\"wp-block-image size-full\"><img loading=\"lazy\" decoding=\"async\" width=\"639\" height=\"426\" src=\"http:\/\/radar190.com.br\/wp-content\/uploads\/2022\/08\/image-7.png\" alt=\"\" class=\"wp-image-1289\" srcset=\"https:\/\/radar190.com.br\/wp-content\/uploads\/2022\/08\/image-7.png 639w, https:\/\/radar190.com.br\/wp-content\/uploads\/2022\/08\/image-7-300x200.png 300w\" sizes=\"auto, (max-width: 639px) 100vw, 639px\" \/><\/figure>\n\n\n\n<p>Em entrevista \u00e0 jornalista Roberta Bezerra, da TV Sol, dona Als\u00e2ngela fez um desabafo emocionante, disse que n\u00e3o quer justi\u00e7a e que sentiu a morte do filho na sexta-feira (12), enquanto rezava um ter\u00e7o: \u201cPerdoo, n\u00e3o quero justi\u00e7a, a justi\u00e7a de Deus tarda um pouquinho, mas n\u00e3o falha. Meu filho morreu foi sexta-feira, a m\u00e3e sente, eu sei o que t\u00f4 dizendo. Eu senti a morte do meu filho aqui quando tava rezando um ter\u00e7o, o meu ter\u00e7o caiu da minha m\u00e3o do nada. Eu segurando o ter\u00e7o firme e forte, meu ter\u00e7o caiu\u201d, disse.<\/p>\n\n\n\n<p>Foram identificados pelo menos seis disparos de arma de fogo. O corpo foi encaminhado para o Numol de Cajazeiras e ir\u00e1 passar pela per\u00edcia cadav\u00e9rica. O laudo deve sair em cerca de 30 dias.<\/p>\n\n\n\n<p>Pedro era casado, tinha duas filhas g\u00eameas e residia na Travessa Le\u00f4ncio Wanderley, comunidade conhecida por Beco do Coloral, Centro de Patos. Segundo o delegado, ele tinha envolvimento em homic\u00eddios e tentativas na cidade de Patos e foi preso pela \u00faltima vez no dia 12 de julho deste ano, sendo solto dias depois.<\/p>\n\n\n\n<p>A Pol\u00edcia Civil n\u00e3o descarta que a morte do jovem tenha liga\u00e7\u00e3o com rivalidade entre fac\u00e7\u00f5es criminosas da cidade.<\/p>\n\n\n\n<figure class=\"wp-block-embed is-type-video is-provider-youtube wp-block-embed-youtube wp-embed-aspect-16-9 wp-has-aspect-ratio\"><div class=\"wp-block-embed__wrapper\">\n<iframe loading=\"lazy\" title=\"ASSASSINATO DE PEDRO C\u00cdCERO: \u201c N\u00e3o quero justi\u00e7a\u201d, diz m\u00e3e do jovem\" width=\"640\" height=\"360\" src=\"https:\/\/www.youtube.com\/embed\/MiIC8KzHSLw?start=3&#038;feature=oembed\" frameborder=\"0\" allow=\"accelerometer; autoplay; clipboard-write; encrypted-media; gyroscope; picture-in-picture; web-share\" referrerpolicy=\"strict-origin-when-cross-origin\" allowfullscreen><\/iframe>\n<\/div><\/figure>\n\n\n\n<p>TV Sol&nbsp;<\/p>\n        <div class=\"booster-block booster-reactions-block\">\n            <div class=\"twp-reactions-icons\">\n                \n                <div class=\"twp-reacts-wrap\">\n                    <a react-data=\"be-react-1\" post-id=\"1288\" class=\"be-face-icons un-reacted\" href=\"javascript:void(0)\">\n                        <img decoding=\"async\" src=\"https:\/\/radar190.com.br\/wp-content\/plugins\/booster-extension\/\/assets\/icon\/happy.svg\" alt=\"Happy\">\n                    <\/a>\n                    <div class=\"twp-reaction-title\">\n                        Happy                    <\/div>\n                    <div class=\"twp-count-percent\">\n                                                    <span style=\"display: none;\" class=\"twp-react-count\">0<\/span>\n                        \n                                                <span class=\"twp-react-percent\"><span>0<\/span> %<\/span>\n                                            <\/div>\n                <\/div>\n\n                <div class=\"twp-reacts-wrap\">\n                    <a react-data=\"be-react-2\" post-id=\"1288\" class=\"be-face-icons un-reacted\" href=\"javascript:void(0)\">\n                        <img decoding=\"async\" src=\"https:\/\/radar190.com.br\/wp-content\/plugins\/booster-extension\/\/assets\/icon\/sad.svg\" alt=\"Sad\">\n                    <\/a>\n                    <div class=\"twp-reaction-title\">\n                        Sad                    <\/div>\n                    <div class=\"twp-count-percent\">\n                                                    <span style=\"display: none;\" class=\"twp-react-count\">0<\/span>\n                                                                        <span class=\"twp-react-percent\"><span>0<\/span> %<\/span>\n                                            <\/div>\n                <\/div>\n\n                <div class=\"twp-reacts-wrap\">\n                    <a react-data=\"be-react-3\" post-id=\"1288\" class=\"be-face-icons un-reacted\" href=\"javascript:void(0)\">\n                        <img decoding=\"async\" src=\"https:\/\/radar190.com.br\/wp-content\/plugins\/booster-extension\/\/assets\/icon\/excited.svg\" alt=\"Excited\">\n                    <\/a>\n                    <div class=\"twp-reaction-title\">\n                        Excited                    <\/div>\n                    <div class=\"twp-count-percent\">\n                                                    <span style=\"display: none;\" class=\"twp-react-count\">0<\/span>\n                                                                        <span class=\"twp-react-percent\"><span>0<\/span> %<\/span>\n                                            <\/div>\n                <\/div>\n\n                <div class=\"twp-reacts-wrap\">\n                    <a react-data=\"be-react-6\" post-id=\"1288\" class=\"be-face-icons un-reacted\" href=\"javascript:void(0)\">\n                        <img decoding=\"async\" src=\"https:\/\/radar190.com.br\/wp-content\/plugins\/booster-extension\/\/assets\/icon\/sleepy.svg\" alt=\"Sleepy\">\n                    <\/a>\n                    <div class=\"twp-reaction-title\">\n                        Sleepy                    <\/div>\n                    <div class=\"twp-count-percent\">\n                                                    <span style=\"display: none;\" class=\"twp-react-count\">0<\/span>\n                        \n                                                <span class=\"twp-react-percent\"><span>0<\/span> %<\/span>\n                                            <\/div>\n                <\/div>\n\n                <div class=\"twp-reacts-wrap\">\n                    <a react-data=\"be-react-4\" post-id=\"1288\" class=\"be-face-icons un-reacted\" href=\"javascript:void(0)\">\n                        <img decoding=\"async\" src=\"https:\/\/radar190.com.br\/wp-content\/plugins\/booster-extension\/\/assets\/icon\/angry.svg\" alt=\"Angry\">\n                    <\/a>\n                    <div class=\"twp-reaction-title\">Angry<\/div>\n                    <div class=\"twp-count-percent\">\n                                                    <span style=\"display: none;\" class=\"twp-react-count\">0<\/span>\n                                                                        <span class=\"twp-react-percent\"><span>0<\/span> %<\/span>\n                        \n                    <\/div>\n                <\/div>\n\n                <div class=\"twp-reacts-wrap\">\n                    <a react-data=\"be-react-5\" post-id=\"1288\" class=\"be-face-icons un-reacted\" href=\"javascript:void(0)\">\n                        <img decoding=\"async\" src=\"https:\/\/radar190.com.br\/wp-content\/plugins\/booster-extension\/\/assets\/icon\/surprise.svg\" alt=\"Surprise\">\n                    <\/a>\n                    <div class=\"twp-reaction-title\">Surprise<\/div>\n                    <div class=\"twp-count-percent\">\n                                                    <span style=\"display: none;\" class=\"twp-react-count\">0<\/span>\n                                                                        <span class=\"twp-react-percent\"><span>0<\/span> %<\/span>\n                                            <\/div>\n                <\/div>\n\n            <\/div>\n        <\/div>\n\n    ","protected":false},"excerpt":{"rendered":"<p>No in\u00edcio da tarde deste domingo, dia 14 de agosto, o corpo do jovem Pedro C\u00edcero Almeida de Ara\u00fajo, de 23 anos, que estava desaparecido deste a \u00faltima quinta-feira (11), foi encontrado em estado de decomposi\u00e7\u00e3o no S\u00edtio Recanto, zona rural do munic\u00edpio de S\u00e3o Jos\u00e9 de Espinharas. A princ\u00edpio [&hellip;]<\/p>\n","protected":false},"author":1,"featured_media":1292,"comment_status":"open","ping_status":"open","sticky":false,"template":"","format":"standard","meta":{"_mi_skip_tracking":false,"_ti_tpc_template_sync":false,"_ti_tpc_template_id":"","_joinchat":[],"footnotes":""},"categories":[5,14,13,1,9,18,12,8],"tags":[],"class_list":["post-1288","post","type-post","status-publish","format-standard","has-post-thumbnail","hentry","category-brasil","category-cidades","category-cultural","category-uncategorized","category-esporte","category-mundo-brasil","category-paraiba","category-policial"],"_links":{"self":[{"href":"https:\/\/radar190.com.br\/index.php\/wp-json\/wp\/v2\/posts\/1288","targetHints":{"allow":["GET"]}}],"collection":[{"href":"https:\/\/radar190.com.br\/index.php\/wp-json\/wp\/v2\/posts"}],"about":[{"href":"https:\/\/radar190.com.br\/index.php\/wp-json\/wp\/v2\/types\/post"}],"author":[{"embeddable":true,"href":"https:\/\/radar190.com.br\/index.php\/wp-json\/wp\/v2\/users\/1"}],"replies":[{"embeddable":true,"href":"https:\/\/radar190.com.br\/index.php\/wp-json\/wp\/v2\/comments?post=1288"}],"version-history":[{"count":2,"href":"https:\/\/radar190.com.br\/index.php\/wp-json\/wp\/v2\/posts\/1288\/revisions"}],"predecessor-version":[{"id":1291,"href":"https:\/\/radar190.com.br\/index.php\/wp-json\/wp\/v2\/posts\/1288\/revisions\/1291"}],"wp:featuredmedia":[{"embeddable":true,"href":"https:\/\/radar190.com.br\/index.php\/wp-json\/wp\/v2\/media\/1292"}],"wp:attachment":[{"href":"https:\/\/radar190.com.br\/index.php\/wp-json\/wp\/v2\/media?parent=1288"}],"wp:term":[{"taxonomy":"category","embeddable":true,"href":"https:\/\/radar190.com.br\/index.php\/wp-json\/wp\/v2\/categories?post=1288"},{"taxonomy":"post_tag","embeddable":true,"href":"https:\/\/radar190.com.br\/index.php\/wp-json\/wp\/v2\/tags?post=1288"}],"curies":[{"name":"wp","href":"https:\/\/api.w.org\/{rel}","templated":true}]}}