{"id":1236,"date":"2022-07-30T09:15:17","date_gmt":"2022-07-30T12:15:17","guid":{"rendered":"http:\/\/radar190.com.br\/?p=1236"},"modified":"2022-07-30T09:27:25","modified_gmt":"2022-07-30T12:27:25","slug":"com-recursos-proprios-prefeitura-entrega-mais-instrumentos-musicais-em-monte-horebe","status":"publish","type":"post","link":"https:\/\/radar190.com.br\/index.php\/2022\/07\/30\/com-recursos-proprios-prefeitura-entrega-mais-instrumentos-musicais-em-monte-horebe\/","title":{"rendered":"Com recursos pr\u00f3prios: Prefeitura entrega mais instrumentos musicais em  Monte Horebe"},"content":{"rendered":"<div class='booster-block booster-read-block'>\n                <div class=\"twp-read-time\">\n                \t<i class=\"booster-icon twp-clock\"><\/i> <span>Read Time:<\/span>1 Minute, 19 Second                <\/div>\n\n            <\/div>\n<p>O Servi\u00e7o de Conviv\u00eancia e Fortalecimento de V\u00ednculos &#8211; SCFV, ligado \u00e0 Secretaria Municipal de A\u00e7\u00e3o Social de Monte Horebe, j\u00e1 contempla mais de 400 crian\u00e7as e adolescentes em atividades de forma\u00e7\u00e3o cultural, com foco nas artes e esportes, e esta semana recebeu mais um importante refor\u00e7o estrutural.<\/p>\n\n\n\n<p>Os jovens ligados ao Servi\u00e7o comemoram a entrega de novos instrumentos de sopro que v\u00eam fortalecer a Banda de M\u00fasica do SCFV e ampliar o acesso da comunidade ao programa desenvolvido pela Secretaria Municipal de A\u00e7\u00e3o Social.<\/p>\n\n\n\n<p>O coordenador do SCFV, Walacy Cardoso, fez a entrega oficial dos instrumentos aos componentes da Banda e ressaltou a import\u00e2ncia do investimento que a gest\u00e3o vem fazendo para contribuir na forma\u00e7\u00e3o social e cultural dos jovens horebenses, atrav\u00e9s do Servi\u00e7o de Conviv\u00eancia. A oficina de m\u00fasica \u00e9 monitorada por Adriano Pereira e Leandro Fausto. Com a mais recente aquisi\u00e7\u00e3o de instrumentos, principalmente saxofones, o SCFV melhora a qualidade na capacita\u00e7\u00e3o musical e facilita a forma\u00e7\u00e3o e express\u00e3o cultural dos alunos.<\/p>\n\n\n\n<p>O prefeito Marcos Eron justifica os investimentos: \u201cOs resultados conquistados com o trabalho do Servi\u00e7o de Conviv\u00eancia promovem mais qualidade de vida para um n\u00famero crescente de jovens e adolescentes. O benef\u00edcio j\u00e1 contempla diretamente aproximadamente 400 alunos em atividades esportivas e art\u00edsticas. Eles compensam os esfor\u00e7os da Prefeitura com muita dedica\u00e7\u00e3o e alegria nos treinos, ensaios e apresenta\u00e7\u00f5es dentro e fora de Monte Horebe. Aos alunos e aos respons\u00e1veis por este belo trabalho, os meus agradecimentos\u201d, afirma Marcos Eron.<\/p>\n\n\n\n<p>Todos os novos instrumentos foram adquiridos com recursos pr\u00f3prios do munic\u00edpio.<\/p>\n\n\n\n<figure class=\"wp-block-image size-large is-resized\"><img loading=\"lazy\" decoding=\"async\" src=\"http:\/\/radar190.com.br\/wp-content\/uploads\/2022\/07\/image-26-1024x473.png\" alt=\"\" class=\"wp-image-1237\" width=\"564\" height=\"261\" srcset=\"https:\/\/radar190.com.br\/wp-content\/uploads\/2022\/07\/image-26-1024x473.png 1024w, https:\/\/radar190.com.br\/wp-content\/uploads\/2022\/07\/image-26-300x139.png 300w, https:\/\/radar190.com.br\/wp-content\/uploads\/2022\/07\/image-26-768x355.png 768w, https:\/\/radar190.com.br\/wp-content\/uploads\/2022\/07\/image-26.png 1032w\" sizes=\"auto, (max-width: 564px) 100vw, 564px\" \/><\/figure>\n\n\n\n<p>Prefeitura Municipal de Monte Horebe<\/p>\n\n\n\n<p>Monte Horebe \u2013 Cidade Educadora<\/p>\n        <div class=\"booster-block booster-reactions-block\">\n            <div class=\"twp-reactions-icons\">\n                \n                <div class=\"twp-reacts-wrap\">\n                    <a react-data=\"be-react-1\" post-id=\"1236\" class=\"be-face-icons un-reacted\" href=\"javascript:void(0)\">\n                        <img decoding=\"async\" src=\"https:\/\/radar190.com.br\/wp-content\/plugins\/booster-extension\/\/assets\/icon\/happy.svg\" alt=\"Happy\">\n                    <\/a>\n                    <div class=\"twp-reaction-title\">\n                        Happy                    <\/div>\n                    <div class=\"twp-count-percent\">\n                                                    <span style=\"display: none;\" class=\"twp-react-count\">0<\/span>\n                        \n                                                <span class=\"twp-react-percent\"><span>0<\/span> %<\/span>\n                                            <\/div>\n                <\/div>\n\n                <div class=\"twp-reacts-wrap\">\n                    <a react-data=\"be-react-2\" post-id=\"1236\" class=\"be-face-icons un-reacted\" href=\"javascript:void(0)\">\n                        <img decoding=\"async\" src=\"https:\/\/radar190.com.br\/wp-content\/plugins\/booster-extension\/\/assets\/icon\/sad.svg\" alt=\"Sad\">\n                    <\/a>\n                    <div class=\"twp-reaction-title\">\n                        Sad                    <\/div>\n                    <div class=\"twp-count-percent\">\n                                                    <span style=\"display: none;\" class=\"twp-react-count\">0<\/span>\n                                                                        <span class=\"twp-react-percent\"><span>0<\/span> %<\/span>\n                                            <\/div>\n                <\/div>\n\n                <div class=\"twp-reacts-wrap\">\n                    <a react-data=\"be-react-3\" post-id=\"1236\" class=\"be-face-icons un-reacted\" href=\"javascript:void(0)\">\n                        <img decoding=\"async\" src=\"https:\/\/radar190.com.br\/wp-content\/plugins\/booster-extension\/\/assets\/icon\/excited.svg\" alt=\"Excited\">\n                    <\/a>\n                    <div class=\"twp-reaction-title\">\n                        Excited                    <\/div>\n                    <div class=\"twp-count-percent\">\n                                                    <span style=\"display: none;\" class=\"twp-react-count\">0<\/span>\n                                                                        <span class=\"twp-react-percent\"><span>0<\/span> %<\/span>\n                                            <\/div>\n                <\/div>\n\n                <div class=\"twp-reacts-wrap\">\n                    <a react-data=\"be-react-6\" post-id=\"1236\" class=\"be-face-icons un-reacted\" href=\"javascript:void(0)\">\n                        <img decoding=\"async\" src=\"https:\/\/radar190.com.br\/wp-content\/plugins\/booster-extension\/\/assets\/icon\/sleepy.svg\" alt=\"Sleepy\">\n                    <\/a>\n                    <div class=\"twp-reaction-title\">\n                        Sleepy                    <\/div>\n                    <div class=\"twp-count-percent\">\n                                                    <span style=\"display: none;\" class=\"twp-react-count\">0<\/span>\n                        \n                                                <span class=\"twp-react-percent\"><span>0<\/span> %<\/span>\n                                            <\/div>\n                <\/div>\n\n                <div class=\"twp-reacts-wrap\">\n                    <a react-data=\"be-react-4\" post-id=\"1236\" class=\"be-face-icons un-reacted\" href=\"javascript:void(0)\">\n                        <img decoding=\"async\" src=\"https:\/\/radar190.com.br\/wp-content\/plugins\/booster-extension\/\/assets\/icon\/angry.svg\" alt=\"Angry\">\n                    <\/a>\n                    <div class=\"twp-reaction-title\">Angry<\/div>\n                    <div class=\"twp-count-percent\">\n                                                    <span style=\"display: none;\" class=\"twp-react-count\">0<\/span>\n                                                                        <span class=\"twp-react-percent\"><span>0<\/span> %<\/span>\n                        \n                    <\/div>\n                <\/div>\n\n                <div class=\"twp-reacts-wrap\">\n                    <a react-data=\"be-react-5\" post-id=\"1236\" class=\"be-face-icons un-reacted\" href=\"javascript:void(0)\">\n                        <img decoding=\"async\" src=\"https:\/\/radar190.com.br\/wp-content\/plugins\/booster-extension\/\/assets\/icon\/surprise.svg\" alt=\"Surprise\">\n                    <\/a>\n                    <div class=\"twp-reaction-title\">Surprise<\/div>\n                    <div class=\"twp-count-percent\">\n                                                    <span style=\"display: none;\" class=\"twp-react-count\">0<\/span>\n                                                                        <span class=\"twp-react-percent\"><span>0<\/span> %<\/span>\n                                            <\/div>\n                <\/div>\n\n            <\/div>\n        <\/div>\n\n    ","protected":false},"excerpt":{"rendered":"<p>O Servi\u00e7o de Conviv\u00eancia e Fortalecimento de V\u00ednculos &#8211; SCFV, ligado \u00e0 Secretaria Municipal de A\u00e7\u00e3o Social de Monte Horebe, j\u00e1 contempla mais de 400 crian\u00e7as e adolescentes em atividades de forma\u00e7\u00e3o cultural, com foco nas artes e esportes, e esta semana recebeu mais um importante refor\u00e7o estrutural. Os jovens [&hellip;]<\/p>\n","protected":false},"author":1,"featured_media":1239,"comment_status":"open","ping_status":"open","sticky":false,"template":"","format":"standard","meta":{"_mi_skip_tracking":false,"_ti_tpc_template_sync":false,"_ti_tpc_template_id":"","_joinchat":[],"footnotes":""},"categories":[5,14,13,1,9,18,12,8],"tags":[],"class_list":["post-1236","post","type-post","status-publish","format-standard","has-post-thumbnail","hentry","category-brasil","category-cidades","category-cultural","category-uncategorized","category-esporte","category-mundo-brasil","category-paraiba","category-policial"],"_links":{"self":[{"href":"https:\/\/radar190.com.br\/index.php\/wp-json\/wp\/v2\/posts\/1236","targetHints":{"allow":["GET"]}}],"collection":[{"href":"https:\/\/radar190.com.br\/index.php\/wp-json\/wp\/v2\/posts"}],"about":[{"href":"https:\/\/radar190.com.br\/index.php\/wp-json\/wp\/v2\/types\/post"}],"author":[{"embeddable":true,"href":"https:\/\/radar190.com.br\/index.php\/wp-json\/wp\/v2\/users\/1"}],"replies":[{"embeddable":true,"href":"https:\/\/radar190.com.br\/index.php\/wp-json\/wp\/v2\/comments?post=1236"}],"version-history":[{"count":1,"href":"https:\/\/radar190.com.br\/index.php\/wp-json\/wp\/v2\/posts\/1236\/revisions"}],"predecessor-version":[{"id":1238,"href":"https:\/\/radar190.com.br\/index.php\/wp-json\/wp\/v2\/posts\/1236\/revisions\/1238"}],"wp:featuredmedia":[{"embeddable":true,"href":"https:\/\/radar190.com.br\/index.php\/wp-json\/wp\/v2\/media\/1239"}],"wp:attachment":[{"href":"https:\/\/radar190.com.br\/index.php\/wp-json\/wp\/v2\/media?parent=1236"}],"wp:term":[{"taxonomy":"category","embeddable":true,"href":"https:\/\/radar190.com.br\/index.php\/wp-json\/wp\/v2\/categories?post=1236"},{"taxonomy":"post_tag","embeddable":true,"href":"https:\/\/radar190.com.br\/index.php\/wp-json\/wp\/v2\/tags?post=1236"}],"curies":[{"name":"wp","href":"https:\/\/api.w.org\/{rel}","templated":true}]}}