{"id":1166,"date":"2022-07-19T10:33:39","date_gmt":"2022-07-19T13:33:39","guid":{"rendered":"http:\/\/radar190.com.br\/?p=1166"},"modified":"2022-07-19T10:35:53","modified_gmt":"2022-07-19T13:35:53","slug":"homem-sofre-golpe-de-faca-peixeira-na-cabeca-em-pombal-nessa-segunda-feira","status":"publish","type":"post","link":"https:\/\/radar190.com.br\/index.php\/2022\/07\/19\/homem-sofre-golpe-de-faca-peixeira-na-cabeca-em-pombal-nessa-segunda-feira\/","title":{"rendered":"Homem sofre golpe de faca peixeira na cabe\u00e7a em Pombal nessa segunda-feira."},"content":{"rendered":"<div class='booster-block booster-read-block'>\n                <div class=\"twp-read-time\">\n                \t<i class=\"booster-icon twp-clock\"><\/i> <span>Read Time:<\/span>41 Second                <\/div>\n\n            <\/div>\n<p>Na manh\u00e3 dessa segunda-feira, 18 de julho de 2022, uma ocorr\u00eancia de les\u00e3o corporal foi registrada na Rua Coronel Jos\u00e9 Fernandes na cidade de Pombal, por volta das 11h, onde um homem desferiu um golpe de faca peixeira na cabe\u00e7a de um outro homem.<\/p>\n\n\n\n<figure class=\"wp-block-image size-full is-resized\"><img decoding=\"async\" src=\"http:\/\/radar190.com.br\/wp-content\/uploads\/2022\/07\/41970895_1140774472752239_8459241249738588160_n.jpg\" alt=\"\" class=\"wp-image-1167\" width=\"506\" srcset=\"https:\/\/radar190.com.br\/wp-content\/uploads\/2022\/07\/41970895_1140774472752239_8459241249738588160_n.jpg 640w, https:\/\/radar190.com.br\/wp-content\/uploads\/2022\/07\/41970895_1140774472752239_8459241249738588160_n-300x171.jpg 300w\" sizes=\"(max-width: 640px) 100vw, 640px\" \/><\/figure>\n\n\n\n<p>Ainda n\u00e3o se sabe as causas desse crime, e a Pol\u00edcia tomou conhecimento do fato atrav\u00e9s de uma den\u00fancia an\u00f4nima.<\/p>\n\n\n\n<p>A v\u00edtima, de nome Jos\u00e9 Wilian Gomes Pereira Paix\u00e3o, de 40 anos de idade, foi levado at\u00e9 o Hospital Regional da cidade, onde recebeu atendimento m\u00e9dico.&nbsp;<\/p>\n\n\n\n<p>Seu estado de sa\u00fade n\u00e3o foi informado.<\/p>\n\n\n\n<p>A Pol\u00edcia Militar realizou dilig\u00eancias em busca de localizar o agressor, que j\u00e1 foi identificado, mas n\u00e3o obteve \u00eaxito.<\/p>\n\n\n\n<p>O caso foi comunicado na Delegacia de Pombal para as provid\u00eancias cab\u00edveis ao caso.&nbsp;<\/p>\n\n\n\n<p>Fonte Jo\u00e3o Alencar<\/p>\n        <div class=\"booster-block booster-reactions-block\">\n            <div class=\"twp-reactions-icons\">\n                \n                <div class=\"twp-reacts-wrap\">\n                    <a react-data=\"be-react-1\" post-id=\"1166\" class=\"be-face-icons un-reacted\" href=\"javascript:void(0)\">\n                        <img decoding=\"async\" src=\"https:\/\/radar190.com.br\/wp-content\/plugins\/booster-extension\/\/assets\/icon\/happy.svg\" alt=\"Happy\">\n                    <\/a>\n                    <div class=\"twp-reaction-title\">\n                        Happy                    <\/div>\n                    <div class=\"twp-count-percent\">\n                                                    <span style=\"display: none;\" class=\"twp-react-count\">0<\/span>\n                        \n                                                <span class=\"twp-react-percent\"><span>0<\/span> %<\/span>\n                                            <\/div>\n                <\/div>\n\n                <div class=\"twp-reacts-wrap\">\n                    <a react-data=\"be-react-2\" post-id=\"1166\" class=\"be-face-icons un-reacted\" href=\"javascript:void(0)\">\n                        <img decoding=\"async\" src=\"https:\/\/radar190.com.br\/wp-content\/plugins\/booster-extension\/\/assets\/icon\/sad.svg\" alt=\"Sad\">\n                    <\/a>\n                    <div class=\"twp-reaction-title\">\n                        Sad                    <\/div>\n                    <div class=\"twp-count-percent\">\n                                                    <span style=\"display: none;\" class=\"twp-react-count\">0<\/span>\n                                                                        <span class=\"twp-react-percent\"><span>0<\/span> %<\/span>\n                                            <\/div>\n                <\/div>\n\n                <div class=\"twp-reacts-wrap\">\n                    <a react-data=\"be-react-3\" post-id=\"1166\" class=\"be-face-icons un-reacted\" href=\"javascript:void(0)\">\n                        <img decoding=\"async\" src=\"https:\/\/radar190.com.br\/wp-content\/plugins\/booster-extension\/\/assets\/icon\/excited.svg\" alt=\"Excited\">\n                    <\/a>\n                    <div class=\"twp-reaction-title\">\n                        Excited                    <\/div>\n                    <div class=\"twp-count-percent\">\n                                                    <span style=\"display: none;\" class=\"twp-react-count\">0<\/span>\n                                                                        <span class=\"twp-react-percent\"><span>0<\/span> %<\/span>\n                                            <\/div>\n                <\/div>\n\n                <div class=\"twp-reacts-wrap\">\n                    <a react-data=\"be-react-6\" post-id=\"1166\" class=\"be-face-icons un-reacted\" href=\"javascript:void(0)\">\n                        <img decoding=\"async\" src=\"https:\/\/radar190.com.br\/wp-content\/plugins\/booster-extension\/\/assets\/icon\/sleepy.svg\" alt=\"Sleepy\">\n                    <\/a>\n                    <div class=\"twp-reaction-title\">\n                        Sleepy                    <\/div>\n                    <div class=\"twp-count-percent\">\n                                                    <span style=\"display: none;\" class=\"twp-react-count\">0<\/span>\n                        \n                                                <span class=\"twp-react-percent\"><span>0<\/span> %<\/span>\n                                            <\/div>\n                <\/div>\n\n                <div class=\"twp-reacts-wrap\">\n                    <a react-data=\"be-react-4\" post-id=\"1166\" class=\"be-face-icons un-reacted\" href=\"javascript:void(0)\">\n                        <img decoding=\"async\" src=\"https:\/\/radar190.com.br\/wp-content\/plugins\/booster-extension\/\/assets\/icon\/angry.svg\" alt=\"Angry\">\n                    <\/a>\n                    <div class=\"twp-reaction-title\">Angry<\/div>\n                    <div class=\"twp-count-percent\">\n                                                    <span style=\"display: none;\" class=\"twp-react-count\">0<\/span>\n                                                                        <span class=\"twp-react-percent\"><span>0<\/span> %<\/span>\n                        \n                    <\/div>\n                <\/div>\n\n                <div class=\"twp-reacts-wrap\">\n                    <a react-data=\"be-react-5\" post-id=\"1166\" class=\"be-face-icons un-reacted\" href=\"javascript:void(0)\">\n                        <img decoding=\"async\" src=\"https:\/\/radar190.com.br\/wp-content\/plugins\/booster-extension\/\/assets\/icon\/surprise.svg\" alt=\"Surprise\">\n                    <\/a>\n                    <div class=\"twp-reaction-title\">Surprise<\/div>\n                    <div class=\"twp-count-percent\">\n                                                    <span style=\"display: none;\" class=\"twp-react-count\">0<\/span>\n                                                                        <span class=\"twp-react-percent\"><span>0<\/span> %<\/span>\n                                            <\/div>\n                <\/div>\n\n            <\/div>\n        <\/div>\n\n    ","protected":false},"excerpt":{"rendered":"<p>Na manh\u00e3 dessa segunda-feira, 18 de julho de 2022, uma ocorr\u00eancia de les\u00e3o corporal foi registrada na Rua Coronel Jos\u00e9 Fernandes na cidade de Pombal, por volta das 11h, onde um homem desferiu um golpe de faca peixeira na cabe\u00e7a de um outro homem. Ainda n\u00e3o se sabe as causas [&hellip;]<\/p>\n","protected":false},"author":1,"featured_media":1169,"comment_status":"open","ping_status":"open","sticky":false,"template":"","format":"standard","meta":{"_mi_skip_tracking":false,"_ti_tpc_template_sync":false,"_ti_tpc_template_id":"","_joinchat":[],"footnotes":""},"categories":[5,14,13,1,9,18,12,8],"tags":[],"class_list":["post-1166","post","type-post","status-publish","format-standard","has-post-thumbnail","hentry","category-brasil","category-cidades","category-cultural","category-uncategorized","category-esporte","category-mundo-brasil","category-paraiba","category-policial"],"_links":{"self":[{"href":"https:\/\/radar190.com.br\/index.php\/wp-json\/wp\/v2\/posts\/1166","targetHints":{"allow":["GET"]}}],"collection":[{"href":"https:\/\/radar190.com.br\/index.php\/wp-json\/wp\/v2\/posts"}],"about":[{"href":"https:\/\/radar190.com.br\/index.php\/wp-json\/wp\/v2\/types\/post"}],"author":[{"embeddable":true,"href":"https:\/\/radar190.com.br\/index.php\/wp-json\/wp\/v2\/users\/1"}],"replies":[{"embeddable":true,"href":"https:\/\/radar190.com.br\/index.php\/wp-json\/wp\/v2\/comments?post=1166"}],"version-history":[{"count":1,"href":"https:\/\/radar190.com.br\/index.php\/wp-json\/wp\/v2\/posts\/1166\/revisions"}],"predecessor-version":[{"id":1168,"href":"https:\/\/radar190.com.br\/index.php\/wp-json\/wp\/v2\/posts\/1166\/revisions\/1168"}],"wp:featuredmedia":[{"embeddable":true,"href":"https:\/\/radar190.com.br\/index.php\/wp-json\/wp\/v2\/media\/1169"}],"wp:attachment":[{"href":"https:\/\/radar190.com.br\/index.php\/wp-json\/wp\/v2\/media?parent=1166"}],"wp:term":[{"taxonomy":"category","embeddable":true,"href":"https:\/\/radar190.com.br\/index.php\/wp-json\/wp\/v2\/categories?post=1166"},{"taxonomy":"post_tag","embeddable":true,"href":"https:\/\/radar190.com.br\/index.php\/wp-json\/wp\/v2\/tags?post=1166"}],"curies":[{"name":"wp","href":"https:\/\/api.w.org\/{rel}","templated":true}]}}